{"id":47343,"date":"2019-02-28T10:50:49","date_gmt":"2019-02-28T13:50:49","guid":{"rendered":"http:\/\/catolicanet.net\/wp-cnet\/?p=47343"},"modified":"2019-02-28T10:50:49","modified_gmt":"2019-02-28T13:50:49","slug":"bispos-de-mato-grosso-elegem-nova-presidencia-para-o-regional","status":"publish","type":"post","link":"https:\/\/catolicanet.net\/wp-cnet\/bispos-de-mato-grosso-elegem-nova-presidencia-para-o-regional\/","title":{"rendered":"Bispos de Mato Grosso elegem nova presid\u00eancia para o regional"},"content":{"rendered":"<p>O bispo de Sinop (MT), dom Can\u00edsio Klaus, ser\u00e1 o novo presidente do regional Oeste 2 da Confer\u00eancia Nacional dos Bispos do Brasil (CNBB), a partir de maio. O prelado foi eleito na ter\u00e7a-feira, 26 de fevereiro, durante Assembleia dos Bispos do regional, realizada no Centro Nova Evangeliza\u00e7\u00e3o (Cene), em Cuiab\u00e1 (MT). No mesmo dia, foi empossado o novo secret\u00e1rio-executivo, padre\u00a0Reinaldo Braga Junior.<\/p>\n<p>A assembleia teve in\u00edcio na segunda-feira, 25, cumprindo com o cronograma de realiza\u00e7\u00e3o do encontro dos bispos das dioceses mato-grossenses sem no m\u00eas de fevereiro de cada ano. Na ter\u00e7a-feira, a pauta contou com reflex\u00f5es sobre a caminhada do ano de 2018 e a elei\u00e7\u00e3o da nova presid\u00eancia para o quadri\u00eanio 2019-2023.<\/p>\n<div id=\"attachment_208291\" class=\"wp-caption alignright\"><a href=\"http:\/\/www.cnbb.org.br\/bispos-de-mato-grosso-elegem-nova-presidencia-para-o-regional\/pe-reinaldo-secex-oeste-2\/\"><img loading=\"lazy\" decoding=\"async\" class=\"wp-image-208291 \" src=\"http:\/\/www.cnbb.org.br\/wp-content\/uploads\/sites\/32\/2019\/02\/Pe-Reinaldo-secex-Oeste-2-300x205.jpg\" srcset=\"http:\/\/www.cnbb.org.br\/wp-content\/uploads\/sites\/32\/2019\/02\/Pe-Reinaldo-secex-Oeste-2-300x205.jpg 300w, http:\/\/www.cnbb.org.br\/wp-content\/uploads\/sites\/32\/2019\/02\/Pe-Reinaldo-secex-Oeste-2-768x526.jpg 768w, http:\/\/www.cnbb.org.br\/wp-content\/uploads\/sites\/32\/2019\/02\/Pe-Reinaldo-secex-Oeste-2.jpg 840w\" alt=\"\" width=\"252\" height=\"172\" \/><\/a><\/p>\n<p class=\"wp-caption-text\"><em>Padre Reinaldo faz juramento durante celebra\u00e7\u00e3o | Foto: CNBB Oeste 2\/Leandro Fanelli<\/em><\/p>\n<\/div>\n<p>Ap\u00f3s quatro anos a servi\u00e7o do regional, padre Jair Fante recebeu os agradecimentos dos bispos, durante a celebra\u00e7\u00e3o eucar\u00edstica na qual tomou posse como novo secret\u00e1rio-executivo o padre Reinaldo Braga J\u00fanior.<\/p>\n<p>Padre Reinaldo tem 45 anos e \u00e9 natural de Lins (SP). Atualmente, \u00e9 vig\u00e1rio paroquial na diocese de Diamantino. \u00c9 fundador da\u00a0Companhia das Irm\u00e3s Disc\u00edpulas do Divino Pastor.<\/p>\n<p>&nbsp;<\/p>\n<p>A presid\u00eancia que assumira durante os anos de 2019 a 2022 ficou composta da seguinte maneira:<\/p>\n<p><strong>Presidente<\/strong>: Dom Can\u00edsio Klaus \u2013 Bispo de Sinop<\/p>\n<p><strong>Vice-presidente:<\/strong> Dom Vital Chitolina \u2013 Bispo de Diamantino<\/p>\n<p><strong>Secret\u00e1rio:<\/strong> Dom Derek John Christopher Byrne \u2013 Bispo de Primavera do Leste\/Paranatinga<\/p>\n","protected":false},"excerpt":{"rendered":"<p>O bispo de Sinop (MT), dom Can\u00edsio Klaus, ser\u00e1 o novo presidente do regional Oeste 2 da Confer\u00eancia Nacional dos Bispos do Brasil (CNBB), a partir de maio. O prelado foi eleito na ter\u00e7a-feira, 26 de fevereiro, durante Assembleia dos Bispos do regional, realizada no Centro Nova Evangeliza\u00e7\u00e3o (Cene), em Cuiab\u00e1 (MT). No mesmo dia, [&hellip;]<\/p>\n","protected":false},"author":1,"featured_media":47344,"comment_status":"open","ping_status":"closed","sticky":false,"template":"","format":"standard","meta":{"footnotes":""},"categories":[7],"tags":[],"class_list":["post-47343","post","type-post","status-publish","format-standard","has-post-thumbnail","hentry","category-cnbb"],"_links":{"self":[{"href":"https:\/\/catolicanet.net\/wp-cnet\/wp-json\/wp\/v2\/posts\/47343","targetHints":{"allow":["GET"]}}],"collection":[{"href":"https:\/\/catolicanet.net\/wp-cnet\/wp-json\/wp\/v2\/posts"}],"about":[{"href":"https:\/\/catolicanet.net\/wp-cnet\/wp-json\/wp\/v2\/types\/post"}],"author":[{"embeddable":true,"href":"https:\/\/catolicanet.net\/wp-cnet\/wp-json\/wp\/v2\/users\/1"}],"replies":[{"embeddable":true,"href":"https:\/\/catolicanet.net\/wp-cnet\/wp-json\/wp\/v2\/comments?post=47343"}],"version-history":[{"count":1,"href":"https:\/\/catolicanet.net\/wp-cnet\/wp-json\/wp\/v2\/posts\/47343\/revisions"}],"predecessor-version":[{"id":47345,"href":"https:\/\/catolicanet.net\/wp-cnet\/wp-json\/wp\/v2\/posts\/47343\/revisions\/47345"}],"wp:featuredmedia":[{"embeddable":true,"href":"https:\/\/catolicanet.net\/wp-cnet\/wp-json\/wp\/v2\/media\/47344"}],"wp:attachment":[{"href":"https:\/\/catolicanet.net\/wp-cnet\/wp-json\/wp\/v2\/media?parent=47343"}],"wp:term":[{"taxonomy":"category","embeddable":true,"href":"https:\/\/catolicanet.net\/wp-cnet\/wp-json\/wp\/v2\/categories?post=47343"},{"taxonomy":"post_tag","embeddable":true,"href":"https:\/\/catolicanet.net\/wp-cnet\/wp-json\/wp\/v2\/tags?post=47343"}],"curies":[{"name":"wp","href":"https:\/\/api.w.org\/{rel}","templated":true}]}}