{"id":47339,"date":"2019-02-27T13:44:31","date_gmt":"2019-02-27T16:44:31","guid":{"rendered":"http:\/\/catolicanet.net\/wp-cnet\/?p=47339"},"modified":"2019-02-27T13:44:31","modified_gmt":"2019-02-27T16:44:31","slug":"direitos-humanos-papa-apela-a-abolicao-global-da-pena-de-morte-c-video","status":"publish","type":"post","link":"https:\/\/catolicanet.net\/wp-cnet\/direitos-humanos-papa-apela-a-abolicao-global-da-pena-de-morte-c-video\/","title":{"rendered":"Direitos Humanos: Papa apela \u00e0 aboli\u00e7\u00e3o global da pena de morte (c\/v\u00eddeo)"},"content":{"rendered":"<p><em>Francisco defende dignidade de todas as pessoas, independentemente do crime cometido<\/em><\/p>\n<p><iframe loading=\"lazy\" width=\"696\" height=\"392\" src=\"https:\/\/www.youtube.com\/embed\/rMgo4u-6SaI?feature=oembed\" frameborder=\"0\" allow=\"accelerometer; autoplay; encrypted-media; gyroscope; picture-in-picture\" allowfullscreen><\/iframe><\/p>\n<p>Cidade do Vaticano, 27 fev 2019 (Ecclesia) \u2013 O Papa apelou hoje \u00e0 aboli\u00e7\u00e3o global da pena de morte, numa mensagem dirigida ao congresso mundial sobre este tema, desafiando os respons\u00e1veis mundiais a tomar as \u201cmedidas necess\u00e1rias\u201d para eliminar a pena capital.<\/p>\n<p>\u201cEst\u00e1 nas nossas m\u00e3os reconhecer em cada pessoa a sua dignidade e trabalhar para que n\u00e3o se eliminem mais vidas, mas que sejam ganhas para o bem de toda a sociedade\u201d, refere Francisco, numa interven\u00e7\u00e3o divulgada atrav\u00e9s do Youtube.<\/p>\n<p>Segundo o pont\u00edfice, o objetivo da aboli\u00e7\u00e3o da pena de morte em todo o mundo representa \u201cuma afirma\u00e7\u00e3o ousada do princ\u00edpio da dignidade da pessoa humana\u201d.<\/p>\n<p>O Papa manifesta a convic\u00e7\u00e3o de que \u201ca humanidade pode enfrentar o crime, bem como rejeitar o mal, dando ao condenado a possibilidade e tempo para reparar o dano cometido, pensar sobre a sua a\u00e7\u00e3o e, assim, ser capaz de mudar a sua vida, pelo menos interiormente\u201d.<\/p>\n<p>O VII Congresso Mundial Contra a Pena de Morte, organiza\u00e7\u00e3o da ONG \u2018ECPM\u2019 (Juntos Contra a Pena de Morte), em colabora\u00e7\u00e3o com a Coliga\u00e7\u00e3o Mundial contra a Pena de Morte, decorre no Parlamento Europeu, em Bruxelas, entre hoje e sexta-feira<\/p>\n<p>\u201cA vida humana \u00e9 um dom que recebemos, o mais importante e prim\u00e1rio, a fonte de todos os outros dons e todos os outros direitos. E como tal, precisa de ser protegido. Al\u00e9m disso, para o crente, o ser humano foi criado \u00e0 imagem e semelhan\u00e7a de Deus. Mas, tanto para os crentes como para os n\u00e3o crentes, cada vida \u00e9 um bem e a sua dignidade deve ser salvaguardada sem exce\u00e7\u00f5es\u201d, sustenta Francisco.<\/p>\n<blockquote><p>A pena capital sup\u00f5e uma viola\u00e7\u00e3o grave do direito \u00e0 vida que todas as pessoas t\u00eam. Embora seja verdade que as sociedades e comunidades humanas t\u00eam de lidar com crimes frequentemente muito graves contra o bem comum e a seguran\u00e7a das pessoas, a verdade \u00e9 que hoje existem outros meios para expiar os danos causados e os sistemas de deten\u00e7\u00e3o s\u00e3o cada vez mais eficazes na prote\u00e7\u00e3o da sociedade contra os danos que algumas pessoas podem provocar\u201d.<\/p><\/blockquote>\n<p>O Papa diz ser necess\u00e1rio oferecer ao culpado de um crime a \u201cpossibilidade de arrependimento\u201d, considerando um sinal positivo que cada vez mais pa\u00edses abandonem a pr\u00e1tica da pena de morte.<\/p>\n<p>\u201cDurante muito tempo, a pena de morte foi considerada como uma resposta adequada \u00e0 gravidade de alguns crimes e tamb\u00e9m para proteger o bem comum. No entanto, a dignidade da pessoa n\u00e3o se perde, mesmo que tenha cometido o pior dos crimes. N\u00e3o se pode tirar a vida a ningu\u00e9m e priv\u00e1-lo da oportunidade de abra\u00e7ar novamente a comunidade que ele feriu e fez sofrer\u201d, real\u00e7a.<\/p>\n<p>Em 2018, o Papa Francisco ordenou a altera\u00e7\u00e3o do n\u00famero do Catecismo da Igreja Cat\u00f3lica relativo \u00e0 pena de morte, cuja nova reda\u00e7\u00e3o sublinha a rejei\u00e7\u00e3o total desta pr\u00e1tica.<\/p>\n<p>\u201cA Igreja ensina, \u00e0 luz do Evangelho, que a pena de morte \u00e9 inadmiss\u00edvel, porque atenta contra a inviolabilidade e dignidade da pessoa, e empenha-se com determina\u00e7\u00e3o a favor da sua aboli\u00e7\u00e3o em todo o mundo\u201d, pode ler-se, agora, no n.\u00ba 2267 do Catecismo.<\/p>\n","protected":false},"excerpt":{"rendered":"<p>Francisco defende dignidade de todas as pessoas, independentemente do crime cometido Cidade do Vaticano, 27 fev 2019 (Ecclesia) \u2013 O Papa apelou hoje \u00e0 aboli\u00e7\u00e3o global da pena de morte, numa mensagem dirigida ao congresso mundial sobre este tema, desafiando os respons\u00e1veis mundiais a tomar as \u201cmedidas necess\u00e1rias\u201d para eliminar a pena capital. \u201cEst\u00e1 nas [&hellip;]<\/p>\n","protected":false},"author":1,"featured_media":47340,"comment_status":"open","ping_status":"closed","sticky":false,"template":"","format":"standard","meta":{"footnotes":""},"categories":[13],"tags":[],"class_list":["post-47339","post","type-post","status-publish","format-standard","has-post-thumbnail","hentry","category-featured"],"_links":{"self":[{"href":"https:\/\/catolicanet.net\/wp-cnet\/wp-json\/wp\/v2\/posts\/47339","targetHints":{"allow":["GET"]}}],"collection":[{"href":"https:\/\/catolicanet.net\/wp-cnet\/wp-json\/wp\/v2\/posts"}],"about":[{"href":"https:\/\/catolicanet.net\/wp-cnet\/wp-json\/wp\/v2\/types\/post"}],"author":[{"embeddable":true,"href":"https:\/\/catolicanet.net\/wp-cnet\/wp-json\/wp\/v2\/users\/1"}],"replies":[{"embeddable":true,"href":"https:\/\/catolicanet.net\/wp-cnet\/wp-json\/wp\/v2\/comments?post=47339"}],"version-history":[{"count":1,"href":"https:\/\/catolicanet.net\/wp-cnet\/wp-json\/wp\/v2\/posts\/47339\/revisions"}],"predecessor-version":[{"id":47341,"href":"https:\/\/catolicanet.net\/wp-cnet\/wp-json\/wp\/v2\/posts\/47339\/revisions\/47341"}],"wp:featuredmedia":[{"embeddable":true,"href":"https:\/\/catolicanet.net\/wp-cnet\/wp-json\/wp\/v2\/media\/47340"}],"wp:attachment":[{"href":"https:\/\/catolicanet.net\/wp-cnet\/wp-json\/wp\/v2\/media?parent=47339"}],"wp:term":[{"taxonomy":"category","embeddable":true,"href":"https:\/\/catolicanet.net\/wp-cnet\/wp-json\/wp\/v2\/categories?post=47339"},{"taxonomy":"post_tag","embeddable":true,"href":"https:\/\/catolicanet.net\/wp-cnet\/wp-json\/wp\/v2\/tags?post=47339"}],"curies":[{"name":"wp","href":"https:\/\/api.w.org\/{rel}","templated":true}]}}