{"id":4729,"date":"2014-06-24T17:06:53","date_gmt":"2014-06-24T20:06:53","guid":{"rendered":"http:\/\/catolicanet.net\/wp-cnet\/papa-francisco-recebera-grupo-de-artistas-itinerantes\/"},"modified":"2017-04-05T16:38:54","modified_gmt":"2017-04-05T19:38:54","slug":"papa-francisco-recebera-grupo-de-artistas-itinerantes","status":"publish","type":"post","link":"https:\/\/catolicanet.net\/wp-cnet\/papa-francisco-recebera-grupo-de-artistas-itinerantes\/","title":{"rendered":"Papa Francisco receber\u00e1 grupo de artistas itinerantes"},"content":{"rendered":"<p style=\"text-align: justify;\"><img decoding=\"async\" src=\"http:\/\/catolicanet.com.br\/images\/stories\/artistasitinerante.jpg\" border=\"0\" align=\"left\" \/>O Papa Francisco se encontrar\u00e1 com os artistas itinerantes em 6 de dezembro pr\u00f3ximo, no Vaticano.<\/p>\n<p>Segundo a Ag\u00eancia Sir, a iniciativa \u00e9 promovida pelo Pontif\u00edcio Conselho da Pastoral para os Migrantes e os Itinerantes com a colabora\u00e7\u00e3o da &#8216;Funda\u00e7\u00e3o Migrantes&#8217; da Diocese de Roma e da Entidade Italiana Circense.<\/p>\n<p>&#8220;A Pra\u00e7a S\u00e3o Pedro se transformar\u00e1 num grande palco que acolher\u00e1 o encontro entre o Papa Francisco, pessoas e fam\u00edlias que &#8220;por arte e profiss\u00e3o se exibem nas estradas italianas e outras partes do mundo, enriquecendo pra\u00e7as e cidades de momentos de espet\u00e1culo e de arte&#8221;, ressalta uma nota da &#8216;Funda\u00e7\u00e3o Migrantes&#8217;.<\/p>\n<p>Passados dois anos do encontro memor\u00e1vel com Bento XVI na Sala Paulo VI, no Vaticano, o Papa Francisco se encontrar\u00e1 com m\u00fasicos de bandas, artistas de ruas, trabalhadores de parques de divers\u00f5es, fantoches, dan\u00e7arinos, artistas e funcion\u00e1rios de circos.<\/p>\n<p>&#8220;Um grande mundo da arte e do espet\u00e1culo, de volunt\u00e1rios e profissionais que homenageiam a cultura e a tradi\u00e7\u00e3o italiana e europeia&#8221;, destaca ainda o organismo da Confer\u00eancia Episcopal Italiana (CEI).<\/p>\n<p>Nas pr\u00f3ximas semanas, a &#8216;Funda\u00e7\u00e3o Migrantes&#8217; e a Entidade Italiana Circense iniciar\u00e3o uma s\u00e9rie de encontros com as associa\u00e7\u00f5es italianas do espet\u00e1culo itinerante para coordenar um evento que possa representar na Pra\u00e7a S\u00e3o Pedro um elemento importante do mundo da f\u00e9 e da arte do espet\u00e1culo itinerante.<\/p>\n<p>Fonte: R\u00e1dio Vaticano<br \/>Local: Cidade do Vaticano<\/p>\n","protected":false},"excerpt":{"rendered":"<p>O Papa Francisco se encontrar\u00e1 com os artistas itinerantes em 6 de dezembro pr\u00f3ximo, no Vaticano. Segundo a Ag\u00eancia Sir, a iniciativa \u00e9 promovida pelo Pontif\u00edcio Conselho da Pastoral para os Migrantes e os Itinerantes com a colabora\u00e7\u00e3o da &#8216;Funda\u00e7\u00e3o Migrantes&#8217; da Diocese de Roma e da Entidade Italiana Circense. &#8220;A Pra\u00e7a S\u00e3o Pedro se [&hellip;]<\/p>\n","protected":false},"author":1,"featured_media":0,"comment_status":"closed","ping_status":"closed","sticky":false,"template":"","format":"standard","meta":{"footnotes":""},"categories":[3],"tags":[],"class_list":["post-4729","post","type-post","status-publish","format-standard","hentry","category-vaticano"],"_links":{"self":[{"href":"https:\/\/catolicanet.net\/wp-cnet\/wp-json\/wp\/v2\/posts\/4729","targetHints":{"allow":["GET"]}}],"collection":[{"href":"https:\/\/catolicanet.net\/wp-cnet\/wp-json\/wp\/v2\/posts"}],"about":[{"href":"https:\/\/catolicanet.net\/wp-cnet\/wp-json\/wp\/v2\/types\/post"}],"author":[{"embeddable":true,"href":"https:\/\/catolicanet.net\/wp-cnet\/wp-json\/wp\/v2\/users\/1"}],"replies":[{"embeddable":true,"href":"https:\/\/catolicanet.net\/wp-cnet\/wp-json\/wp\/v2\/comments?post=4729"}],"version-history":[{"count":1,"href":"https:\/\/catolicanet.net\/wp-cnet\/wp-json\/wp\/v2\/posts\/4729\/revisions"}],"predecessor-version":[{"id":9617,"href":"https:\/\/catolicanet.net\/wp-cnet\/wp-json\/wp\/v2\/posts\/4729\/revisions\/9617"}],"wp:attachment":[{"href":"https:\/\/catolicanet.net\/wp-cnet\/wp-json\/wp\/v2\/media?parent=4729"}],"wp:term":[{"taxonomy":"category","embeddable":true,"href":"https:\/\/catolicanet.net\/wp-cnet\/wp-json\/wp\/v2\/categories?post=4729"},{"taxonomy":"post_tag","embeddable":true,"href":"https:\/\/catolicanet.net\/wp-cnet\/wp-json\/wp\/v2\/tags?post=4729"}],"curies":[{"name":"wp","href":"https:\/\/api.w.org\/{rel}","templated":true}]}}