{"id":47283,"date":"2019-02-25T16:40:10","date_gmt":"2019-02-25T19:40:10","guid":{"rendered":"http:\/\/catolicanet.net\/wp-cnet\/?p=47283"},"modified":"2019-02-25T16:40:55","modified_gmt":"2019-02-25T19:40:55","slug":"casal-abre-mao-de-festa-de-casamento-para-realizar-jantar-para-familias-carentes","status":"publish","type":"post","link":"https:\/\/catolicanet.net\/wp-cnet\/casal-abre-mao-de-festa-de-casamento-para-realizar-jantar-para-familias-carentes\/","title":{"rendered":"Casal abre m\u00e3o de festa de casamento para realizar jantar para fam\u00edlias carentes"},"content":{"rendered":"<p>Victor Ribeiro e Ana Paula Meriguete s\u00e3o um jovem casal que recebeu o sacramento do matrim\u00f4nio e, para comemorar, ambos decidiram abrir m\u00e3o da tradicional festa para acolher diversas fam\u00edlias carentes em um jantar solid\u00e1rio.<\/p>\n<p>Tudo isso aconteceu em Guarapari (ES), onde Victor e Ana Paula se casaram em 16 de fevereiro e, no dia 21 do mesmo m\u00eas, tiveram a sua festa: um jantar para cerca de 160 pessoas do Centro Social Santa M\u00f4nica, o que, para o casal, foi \u201ca realiza\u00e7\u00e3o do sonho de Deus\u201d.<\/p>\n<p>Victor e Ana Paula se conheceram em um grupo de jovens, participaram de grupo de ora\u00e7\u00f5es, atuam em minist\u00e9rio de m\u00fasica e realizam a\u00e7\u00f5es sociais. O casal vive um relacionamento baseado na ora\u00e7\u00e3o e busca transmitir isso aos demais tamb\u00e9m por meio de um apostolado nas redes sociais, com a p\u00e1gina de Instagram <a href=\"https:\/\/www.instagram.com\/rezacomigo\/\">\u2018Reza Comigo\u2019<\/a>.<\/p>\n<p><img decoding=\"async\" src=\"https:\/\/www.acidigital.com\/imagespp\/dffc2b1d-c988-4c0e-b414-66e39c734235.jpg\" alt=\"\" \/><\/p>\n<h6>O casal Victor e Ana Paula em seu casamento, em 16 de fevereiro. Foto: PhotoLife \/ Cortesia Victor Ribeiro<\/h6>\n<p>Em dezembro de 2017, estes dois jovens ficaram noivos e come\u00e7aram a pensar no casamento. Segundo Victor, inicialmente houve uma d\u00fa<a href=\"https:\/\/www.acidigital.com\/vida\/index.html\">vida<\/a> entre fazer a tradicional festa ou n\u00e3o. \u201cEnt\u00e3o \u2013 contou o noivo \u00e0 <a href=\"https:\/\/www.acidigital.com\">ACI<\/a> Digital \u2013, come\u00e7amos a nos perguntar se era isso que Deus queria de n\u00f3s e decidimos rezar para ver o que Deus realmente queria sobre essa situa\u00e7\u00e3o da festa do nosso casamento\u201d.<\/p>\n<p>Foi ent\u00e3o que, \u201cdepois de alguns meses de ora\u00e7\u00e3o\u201d, o casal estava tocando em uma <a href=\"https:\/\/www.acidigital.com\/fiestas\/eucaristia\/index.html\">Missa<\/a> e uma das can\u00e7\u00f5es dizia: \u201cSe uma ceia quiseres propor, n\u00e3o convide amigos, irm\u00e3os e outros mais. Sai \u00e0 rua a procura de quem n\u00e3o puder recompensa te dar, que o teu gesto lembrado ser\u00e1 por Deus\u201d.<\/p>\n<p>\u201cJ\u00e1 est\u00e1vamos rezando bastante para saber o que Deus queria para nossa festa de casamento e, depois da Missa, conversamos, naquele momento ficamos um pouco emocionados. Isso foi nos trazendo paz ao cora\u00e7\u00e3o. Falamos: \u2018realmente, os nossos familiares n\u00e3o s\u00e3o ricos, mas t\u00eam condi\u00e7\u00f5es de ter um alimento na mesa; vamos alimentar em uma festa quem realmente precisa\u2019\u201d, recordou.<\/p>\n<p>O passo seguinte foi \u201cdiscernir as possibilidades\u201d e decidiram pelo Centro Social Santa M\u00f4nica, da Congrega\u00e7\u00e3o das Irm\u00e3s de Nossa Senhora da Consola\u00e7\u00e3o, que atende crian\u00e7as de uma regi\u00e3o carente de Guarapari.<\/p>\n<p>No <a href=\"https:\/\/www.acidigital.com\/fiestas\/navidad\/index.html\">Natal<\/a>, relembrou Victor, que \u00e9 professor de Educa\u00e7\u00e3o F\u00edsica, \u201ceu, Ana Paula e meus alunos j\u00e1 t\u00ednhamos feito uma arrecada\u00e7\u00e3o de alimentos para o centro social\u201d. Ent\u00e3o, apresentaram a ideia para as religiosas de fazer uma jantar que n\u00e3o seria \u201cs\u00f3 para as crian\u00e7as, mas para os familiares tamb\u00e9m\u201d.<\/p>\n<p><img decoding=\"async\" src=\"https:\/\/www.acidigital.com\/imagespp\/e67c2db9-a50e-4524-b82b-712acfc0fae1.jpg\" alt=\"\" \/><\/p>\n<h6>Jantar com as fam\u00edlias no Centro Social Santa M\u00f4nica, em 21 de fevereiro. Foto: Cortesia Victor Ribeiro<\/h6>\n<p>Entretanto, o casal n\u00e3o pensou apenas nas fam\u00edlias que participariam do jantar, mas tamb\u00e9m nos seus pr\u00f3prios familiares. Victor contou que a ideia era realizar o jantar na semana do casamento religioso, para que alguns convidados \u201cque nunca tinham feito nenhuma a\u00e7\u00e3o social, nunca tinham ido ao encontro dos mais pobres\u201d tivessem essa oportunidade.<\/p>\n<p>Assim, conforme parentes e amigos mais pr\u00f3ximos souberam da iniciativa, tamb\u00e9m resolveram colaborar. \u201cInicialmente, \u00edamos bancar tudo do jantar, com o intuito de pagar nossa festa\u201d, mas \u201cfomos conseguindo somar for\u00e7as e conseguimos tudo de doa\u00e7\u00e3o\u201d, al\u00e9m de contar com \u201cuma empresa de buffet, que cozinhou tudo e levou volunt\u00e1rios\u201d, e com o minist\u00e9rio de m\u00fasica que tocou ao vivo.<\/p>\n<p>Ao recordar o dia do jantar, Victor o classificou como um dia de grande emo\u00e7\u00e3o. O evento \u201cestava marcado para 19h30 e, \u00e0s 19h15, chegou a primeira fam\u00edlia. Nessa primeira fam\u00edlia que chegou, nossa alegria foi tremenda, ficamos emocionados, porque vimos o sonho de Deus acontecendo\u201d.<\/p>\n<p><img decoding=\"async\" src=\"https:\/\/www.acidigital.com\/imagespp\/26fad604-3071-4845-8720-8cac4d98b7b3.jpg\" alt=\"\" \/><\/p>\n<h6>O casal Victor e Ana Paula durante o jantar. Foto: Cortesia Victor Ribeiro<\/h6>\n<p>Antes do jantar, as irm\u00e3s apresentaram \u00e0s fam\u00edlias convidadas o jovem casal que estava celebrando o seu casamento. Em seguida, tiveram um momento de agradecimento e ora\u00e7\u00e3o. \u201cEles jantaram, n\u00f3s entregamos algumas lembrancinhas, eles foram embora, n\u00f3s arrumamos tudo e, depois, chegamos em casa e rezamos, agradecendo a Deus pelo sonho dele ter sido realizado e por n\u00f3s termos dito \u2018sim\u2019, termos ficado atentos \u00e0 voz de Deus\u201d, relatou.<\/p>\n<p>Segundo Victor, inicialmente, a ideia era n\u00e3o divulgar a realiza\u00e7\u00e3o deste jantar. Mas, em uma conversa com um amigo sacerdote, o mesmo que assistiu ao casamento deles, este lhes disse que \u201cse fazemos coisas boas \u00e9 para iluminar o caminho, se acendemos uma vela, o intuito dessa vela \u00e9 iluminar o caminho, n\u00e3o esconder essa luz\u201d.<\/p>\n<p>Assim, aceitaram falar sobre este jantar ap\u00f3s ter acontecido. A not\u00edcia logo ganhou repercuss\u00e3o na m\u00eddia local e nas redes sociais. Desta forma, assegurou Victor, \u201cconseguimos alcan\u00e7ar nosso objetivo que era iluminar os caminhos e incentivar as pessoas a praticarem coisas boas. Bendito seja Deus por isso!\u201d.<\/p>\n","protected":false},"excerpt":{"rendered":"<p>Victor Ribeiro e Ana Paula Meriguete s\u00e3o um jovem casal que recebeu o sacramento do matrim\u00f4nio e, para comemorar, ambos decidiram abrir m\u00e3o da tradicional festa para acolher diversas fam\u00edlias carentes em um jantar solid\u00e1rio. Tudo isso aconteceu em Guarapari (ES), onde Victor e Ana Paula se casaram em 16 de fevereiro e, no dia [&hellip;]<\/p>\n","protected":false},"author":1,"featured_media":47284,"comment_status":"open","ping_status":"closed","sticky":false,"template":"","format":"standard","meta":{"footnotes":""},"categories":[13],"tags":[],"class_list":["post-47283","post","type-post","status-publish","format-standard","has-post-thumbnail","hentry","category-featured"],"_links":{"self":[{"href":"https:\/\/catolicanet.net\/wp-cnet\/wp-json\/wp\/v2\/posts\/47283","targetHints":{"allow":["GET"]}}],"collection":[{"href":"https:\/\/catolicanet.net\/wp-cnet\/wp-json\/wp\/v2\/posts"}],"about":[{"href":"https:\/\/catolicanet.net\/wp-cnet\/wp-json\/wp\/v2\/types\/post"}],"author":[{"embeddable":true,"href":"https:\/\/catolicanet.net\/wp-cnet\/wp-json\/wp\/v2\/users\/1"}],"replies":[{"embeddable":true,"href":"https:\/\/catolicanet.net\/wp-cnet\/wp-json\/wp\/v2\/comments?post=47283"}],"version-history":[{"count":2,"href":"https:\/\/catolicanet.net\/wp-cnet\/wp-json\/wp\/v2\/posts\/47283\/revisions"}],"predecessor-version":[{"id":47286,"href":"https:\/\/catolicanet.net\/wp-cnet\/wp-json\/wp\/v2\/posts\/47283\/revisions\/47286"}],"wp:featuredmedia":[{"embeddable":true,"href":"https:\/\/catolicanet.net\/wp-cnet\/wp-json\/wp\/v2\/media\/47284"}],"wp:attachment":[{"href":"https:\/\/catolicanet.net\/wp-cnet\/wp-json\/wp\/v2\/media?parent=47283"}],"wp:term":[{"taxonomy":"category","embeddable":true,"href":"https:\/\/catolicanet.net\/wp-cnet\/wp-json\/wp\/v2\/categories?post=47283"},{"taxonomy":"post_tag","embeddable":true,"href":"https:\/\/catolicanet.net\/wp-cnet\/wp-json\/wp\/v2\/tags?post=47283"}],"curies":[{"name":"wp","href":"https:\/\/api.w.org\/{rel}","templated":true}]}}