{"id":47279,"date":"2019-02-25T16:36:20","date_gmt":"2019-02-25T19:36:20","guid":{"rendered":"http:\/\/catolicanet.net\/wp-cnet\/?p=47279"},"modified":"2019-02-25T16:37:04","modified_gmt":"2019-02-25T19:37:04","slug":"47279-2","status":"publish","type":"post","link":"https:\/\/catolicanet.net\/wp-cnet\/47279-2\/","title":{"rendered":"Arcebispo de \u00c9vora destaca \u201ccoragem\u201d do Papa na quest\u00e3o do abuso de menores"},"content":{"rendered":"<h1 class=\"article__title\"><\/h1>\n<div class=\"article__subTitle\">Entrevista \u00e0 Vatican News de D. Francisco Senra Coelho no contexto do encontro no Vaticano, de 21 a 24 de fevereiro de 2019, dedicado ao tema da \u201cprote\u00e7\u00e3o dos menores\u201d.<\/div>\n<div class=\"title__separator\"><\/div>\n<div class=\"article__text\">\n<p><b>Domingos Pinto &#8211; Lisboa<\/b><\/p>\n<p>\u201cAdmira\u00e7\u00e3o pelo ato de verdade, pela atitude de arrojo, de coragem, do Papa Francisco\u201d.<\/p>\n<p>\u00c9 desta forma que o Arcebispo de \u00c9vora sublinha ao portal da Santa S\u00e9 a iniciativa do Papa Francisco que reuniu no Vaticano os presidentes das confer\u00eancias episcopais para um encontro dedicado ao tema da \u201cprote\u00e7\u00e3o dos menores\u201d.<\/p>\n<p>\u201cVerifico que a igreja est\u00e1 a dar um contributo \u00e0 Humanidade, \u00e0 sociedade, para erradicar esta problem\u00e1tica\u201d, sublinha o prelado que alerta para o fato desta realidade surgir \u201cmuitas vezes de um modo critico, escondido e, digamos, camuflado, no interior das fam\u00edlias, no interior das institui\u00e7\u00f5es, em toda a sociedade\u201d.<\/p>\n<p>D. Francisco Senra Coelho lembra que \u201ceste problema n\u00e3o se confina \u00e0 igreja\u201d, e reafirma que \u201ca igreja est\u00e1 a responder com todos os meios poss\u00edveis para limpar, para purificar a institui\u00e7\u00e3o, as suas realidades, desta terr\u00edvel mancha de morte, esta mancha de indignidade, esta mancha que nos envergonha\u201d.<\/p>\n<p>\u201cEstou unido em inten\u00e7\u00e3o e em comunh\u00e3o de renova\u00e7\u00e3o com o Papa Francisco\u201d, reafirma o Arcebispo de \u00c9vora que considera essencial este esfor\u00e7o \u201cpara que n\u00e3o haja bolor em nenhuma das prateleiras da igreja\u201d.<\/p>\n<p>\u201cA situa\u00e7\u00e3o portuguesa est\u00e1 clarificada\u201d, diz ainda D. Francisco Senra Coelho sobre o impacto desta realidade no pa\u00eds, onde, desde 2001, foram denunciados \u201ccerca de uma dezena\u201d de casos, uma informa\u00e7\u00e3o avan\u00e7ada no \u00faltimo conselho permanente da CEP.<\/p>\n<p>Segundo o padre Manuel Barbosa, porta-voz daquele organismo, \u201cos casos tratados nos tribunais eclesi\u00e1sticos onde chegam as den\u00fancias s\u00e3o pouqu\u00edssimos e, desses, mais de metade a investiga\u00e7\u00e3o pr\u00e9via parou por falta de fundamento\u201d.<\/p>\n<p>Neste contexto, o Arcebispo de \u00c9vora pede \u201cuma atitude de vigil\u00e2ncia, e de oferecer todos os meios para que se detete, se saiba, n\u00e3o termos medo da informa\u00e7\u00e3o, estarmos ao dispor em absoluto, com abertura total\u201d.<\/p>\n<p>\u201cN\u00f3s somos os primeiros interessados nesta quest\u00e3o e, como tal, n\u00e3o queremos de maneira nenhuma prestar um servi\u00e7o de escondimento, de camuflar\u201d, diz o Arcebispo de \u00c9vora, que entende que \u201cisso seria para n\u00f3s, igreja portuguesa, uma situa\u00e7\u00e3o de morte\u201d.<\/p>\n<div>\n<div class=\"article__embed article__embed--unwrap article__embed--dark\">\n<div class=\"article__innerTitle\">Ou\u00e7a!<\/div>\n<div>\n<!--[if lt IE 9]><script>document.createElement('audio');<\/script><![endif]-->\n<audio class=\"wp-audio-shortcode\" id=\"audio-47279-1\" preload=\"none\" style=\"width: 100%;\" controls=\"controls\"><source type=\"audio\/mpeg\" src=\"https:\/\/media.vaticannews.va\/media\/audio\/s1\/2019\/02\/25\/12\/134889481_F134889481.mp3?_=1\" \/><a href=\"https:\/\/media.vaticannews.va\/media\/audio\/s1\/2019\/02\/25\/12\/134889481_F134889481.mp3\">https:\/\/media.vaticannews.va\/media\/audio\/s1\/2019\/02\/25\/12\/134889481_F134889481.mp3<\/a><\/audio>\n<\/div>\n<\/div>\n<\/div>\n<\/div>\n","protected":false},"excerpt":{"rendered":"<p>Entrevista \u00e0 Vatican News de D. Francisco Senra Coelho no contexto do encontro no Vaticano, de 21 a 24 de fevereiro de 2019, dedicado ao tema da \u201cprote\u00e7\u00e3o dos menores\u201d. Domingos Pinto &#8211; Lisboa \u201cAdmira\u00e7\u00e3o pelo ato de verdade, pela atitude de arrojo, de coragem, do Papa Francisco\u201d. \u00c9 desta forma que o Arcebispo de [&hellip;]<\/p>\n","protected":false},"author":1,"featured_media":47280,"comment_status":"open","ping_status":"closed","sticky":false,"template":"","format":"standard","meta":{"footnotes":""},"categories":[3],"tags":[],"class_list":["post-47279","post","type-post","status-publish","format-standard","has-post-thumbnail","hentry","category-vaticano"],"_links":{"self":[{"href":"https:\/\/catolicanet.net\/wp-cnet\/wp-json\/wp\/v2\/posts\/47279","targetHints":{"allow":["GET"]}}],"collection":[{"href":"https:\/\/catolicanet.net\/wp-cnet\/wp-json\/wp\/v2\/posts"}],"about":[{"href":"https:\/\/catolicanet.net\/wp-cnet\/wp-json\/wp\/v2\/types\/post"}],"author":[{"embeddable":true,"href":"https:\/\/catolicanet.net\/wp-cnet\/wp-json\/wp\/v2\/users\/1"}],"replies":[{"embeddable":true,"href":"https:\/\/catolicanet.net\/wp-cnet\/wp-json\/wp\/v2\/comments?post=47279"}],"version-history":[{"count":2,"href":"https:\/\/catolicanet.net\/wp-cnet\/wp-json\/wp\/v2\/posts\/47279\/revisions"}],"predecessor-version":[{"id":47282,"href":"https:\/\/catolicanet.net\/wp-cnet\/wp-json\/wp\/v2\/posts\/47279\/revisions\/47282"}],"wp:featuredmedia":[{"embeddable":true,"href":"https:\/\/catolicanet.net\/wp-cnet\/wp-json\/wp\/v2\/media\/47280"}],"wp:attachment":[{"href":"https:\/\/catolicanet.net\/wp-cnet\/wp-json\/wp\/v2\/media?parent=47279"}],"wp:term":[{"taxonomy":"category","embeddable":true,"href":"https:\/\/catolicanet.net\/wp-cnet\/wp-json\/wp\/v2\/categories?post=47279"},{"taxonomy":"post_tag","embeddable":true,"href":"https:\/\/catolicanet.net\/wp-cnet\/wp-json\/wp\/v2\/tags?post=47279"}],"curies":[{"name":"wp","href":"https:\/\/api.w.org\/{rel}","templated":true}]}}