{"id":4724,"date":"2014-06-23T14:19:17","date_gmt":"2014-06-23T17:19:17","guid":{"rendered":"http:\/\/catolicanet.net\/wp-cnet\/papa-visita-cassano-e-almoca-com-jovens-dependentes-quimicos\/"},"modified":"2017-04-05T16:42:01","modified_gmt":"2017-04-05T19:42:01","slug":"papa-visita-cassano-e-almoca-com-jovens-dependentes-quimicos","status":"publish","type":"post","link":"https:\/\/catolicanet.net\/wp-cnet\/papa-visita-cassano-e-almoca-com-jovens-dependentes-quimicos\/","title":{"rendered":"Papa visita Cassano e almo\u00e7a com jovens dependentes qu\u00edmicos"},"content":{"rendered":"<p style=\"text-align: justify;\"><span style=\"line-height: 1.3em;\"><br \/>No s\u00e1bado 21, o papa Francisco desembarcou em Cassano, regi\u00e3o da Cal\u00e1bria, sul da It\u00e1lia. Foi acolhido pelos peregrinos no est\u00e1dio da cidade, onde recebeu carinho de milhares de crian\u00e7as. Nas arquibancadas, grupos folcl\u00f3ricos vestidos com trajes t\u00edpicos entoaram cantos e ao som de tambores, dan\u00e7aram a conhecida \u2018tarantella\u2019 para o papa.<\/span><\/p>\n<p style=\"text-align: justify;\"><span style=\"line-height: 1.3em;\">O primeiro programa foi a visita do papa \u00e0 pris\u00e3o local, onde encontrou-se com jovens dependentes qu\u00edmicos que passam por recupera\u00e7\u00e3o. Ele almo\u00e7ou na comunidade com presen\u00e7a de pessoas assistidas pela Caritas Diocesana e jovens da Comunidade terap\u00eautica \u2018Mauro Rostagno\u2019, fundada h\u00e1 30 anos com a proposta de combater a criminalidade local e combater o tr\u00e1fico de drogas.<\/span><\/p>\n<p style=\"text-align: justify;\"><span style=\"line-height: 1.3em;\">No discurso na pris\u00e3o, o papa Francisco expressou agradecimento pela acolhida e dirigiu mensagem especial aos jovens em tratamento. \u201cForte \u00e9 aquele que depois de cair, consegue se levantar\u201d, disse o papa. Em um gesto solid\u00e1rio, Francisco aproximou-se das mesas, cumprimentou e trocou palavras com todos os assistidos.<\/span><\/p>\n<p style=\"text-align: justify;\"><span style=\"line-height: 1.3em;\">Caminho com Jesus<\/span><\/p>\n<p style=\"text-align: justify;\"><span style=\"line-height: 1.3em;\">Ap\u00f3s o almo\u00e7o, o papa visitou o asilo para idoso \u201cCasa Serena\u201d. No trajeto, a comitiva fez uma breve parada diante da par\u00f3quia de S\u00e3o Jos\u00e9, onde foi assassinado o sacerdote diocesano, padre Lazzaro Longobardi, em 3 de mar\u00e7o do ano passado. No decorrer do dia, Francisco cumpriu outros compromissos durante visita pastoral em Cassano.<\/span><\/p>\n<p style=\"text-align: justify;\"><span style=\"line-height: 1.3em;\">No per\u00edodo da tarde, mais de 100 mil pessoas participaram da missa celebrada pelo papa, na Esplanada de Sibari, encerrando o encontro. Na homilia, disse que foi a Cassano \u201cpara confirm\u00e1-los n\u00e3o somente na f\u00e9, mas tamb\u00e9m na caridade; para acompanh\u00e1-los e incentiv\u00e1-los em seu caminho com Jesus Caridade\u201d.<\/span><\/p>\n<p style=\"text-align: justify;\"><span style=\"line-height: 1.3em;\">Tamb\u00e9m falou diretamente aos jovens, motivando-os ao testemunho crist\u00e3o na vida em sociedade. \u201cQueridos jovens, n\u00e3o deixem que lhes roubem a esperan\u00e7a! Adorando Jesus em seus cora\u00e7\u00f5es e permanecendo unidos a Ele voc\u00eas saber\u00e3o se opor ao mal, \u00e0s injusti\u00e7as, \u00e0 viol\u00eancia com a for\u00e7a do bem, do verdadeiro e do belo\u201d, concluiu o papa.<\/span><\/p>\n<p style=\"text-align: justify;\">Fonte: CNBB<\/p>\n","protected":false},"excerpt":{"rendered":"<p>No s\u00e1bado 21, o papa Francisco desembarcou em Cassano, regi\u00e3o da Cal\u00e1bria, sul da It\u00e1lia. Foi acolhido pelos peregrinos no est\u00e1dio da cidade, onde recebeu carinho de milhares de crian\u00e7as. Nas arquibancadas, grupos folcl\u00f3ricos vestidos com trajes t\u00edpicos entoaram cantos e ao som de tambores, dan\u00e7aram a conhecida \u2018tarantella\u2019 para o papa. O primeiro programa [&hellip;]<\/p>\n","protected":false},"author":1,"featured_media":0,"comment_status":"closed","ping_status":"closed","sticky":false,"template":"","format":"standard","meta":{"footnotes":""},"categories":[3],"tags":[],"class_list":["post-4724","post","type-post","status-publish","format-standard","hentry","category-vaticano"],"_links":{"self":[{"href":"https:\/\/catolicanet.net\/wp-cnet\/wp-json\/wp\/v2\/posts\/4724","targetHints":{"allow":["GET"]}}],"collection":[{"href":"https:\/\/catolicanet.net\/wp-cnet\/wp-json\/wp\/v2\/posts"}],"about":[{"href":"https:\/\/catolicanet.net\/wp-cnet\/wp-json\/wp\/v2\/types\/post"}],"author":[{"embeddable":true,"href":"https:\/\/catolicanet.net\/wp-cnet\/wp-json\/wp\/v2\/users\/1"}],"replies":[{"embeddable":true,"href":"https:\/\/catolicanet.net\/wp-cnet\/wp-json\/wp\/v2\/comments?post=4724"}],"version-history":[{"count":1,"href":"https:\/\/catolicanet.net\/wp-cnet\/wp-json\/wp\/v2\/posts\/4724\/revisions"}],"predecessor-version":[{"id":9624,"href":"https:\/\/catolicanet.net\/wp-cnet\/wp-json\/wp\/v2\/posts\/4724\/revisions\/9624"}],"wp:attachment":[{"href":"https:\/\/catolicanet.net\/wp-cnet\/wp-json\/wp\/v2\/media?parent=4724"}],"wp:term":[{"taxonomy":"category","embeddable":true,"href":"https:\/\/catolicanet.net\/wp-cnet\/wp-json\/wp\/v2\/categories?post=4724"},{"taxonomy":"post_tag","embeddable":true,"href":"https:\/\/catolicanet.net\/wp-cnet\/wp-json\/wp\/v2\/tags?post=4724"}],"curies":[{"name":"wp","href":"https:\/\/api.w.org\/{rel}","templated":true}]}}