{"id":47196,"date":"2019-02-21T08:42:59","date_gmt":"2019-02-21T11:42:59","guid":{"rendered":"http:\/\/catolicanet.net\/wp-cnet\/?p=47196"},"modified":"2019-02-21T08:42:59","modified_gmt":"2019-02-21T11:42:59","slug":"comire-leste-2-promove-assembleia-anual-com-tema-do-mes-missionario-extraordinario","status":"publish","type":"post","link":"https:\/\/catolicanet.net\/wp-cnet\/comire-leste-2-promove-assembleia-anual-com-tema-do-mes-missionario-extraordinario\/","title":{"rendered":"Comire Leste 2 promove assembleia anual com tema do M\u00eas Mission\u00e1rio Extraordin\u00e1rio"},"content":{"rendered":"<p>O Conselho Mission\u00e1rio do regional (Comire) Leste 2 da CNBB realizou sua Assembleia Anual, nos dias 15 a 17 de fevereiro. O evento aconteceu em Belo Horizonte (MG), na Casa das Irm\u00e3s Sacramentinas de Nossa Senhora, e teve como tema \u201cChamados e enviados: A Igreja de Cristo em Miss\u00e3o\u201d.<\/p>\n<p>\u201cA tem\u00e1tica foi relacionada com a prepara\u00e7\u00e3o para o M\u00eas Mission\u00e1rio Extraordin\u00e1rio, que ser\u00e1 em outubro de 2019, proposto pelo Papa prancisco. Al\u00e9m disso, estamos definindo as a\u00e7\u00f5es dos pr\u00f3ximos anos\u201d, afirmou o coordenador do Comire, padre Jos\u00e9 Geraldo de Melo.<\/p>\n<p><a href=\"http:\/\/www.cnbbleste2.org.br\/index.php?pagina=grupo_noticia&amp;tela=10&amp;vw=2814\">Confira a not\u00edcia na \u00edntegra.<\/a><\/p>\n","protected":false},"excerpt":{"rendered":"<p>O Conselho Mission\u00e1rio do regional (Comire) Leste 2 da CNBB realizou sua Assembleia Anual, nos dias 15 a 17 de fevereiro. O evento aconteceu em Belo Horizonte (MG), na Casa das Irm\u00e3s Sacramentinas de Nossa Senhora, e teve como tema \u201cChamados e enviados: A Igreja de Cristo em Miss\u00e3o\u201d. \u201cA tem\u00e1tica foi relacionada com a [&hellip;]<\/p>\n","protected":false},"author":1,"featured_media":47197,"comment_status":"open","ping_status":"closed","sticky":false,"template":"","format":"standard","meta":{"footnotes":""},"categories":[7],"tags":[],"class_list":["post-47196","post","type-post","status-publish","format-standard","has-post-thumbnail","hentry","category-cnbb"],"_links":{"self":[{"href":"https:\/\/catolicanet.net\/wp-cnet\/wp-json\/wp\/v2\/posts\/47196","targetHints":{"allow":["GET"]}}],"collection":[{"href":"https:\/\/catolicanet.net\/wp-cnet\/wp-json\/wp\/v2\/posts"}],"about":[{"href":"https:\/\/catolicanet.net\/wp-cnet\/wp-json\/wp\/v2\/types\/post"}],"author":[{"embeddable":true,"href":"https:\/\/catolicanet.net\/wp-cnet\/wp-json\/wp\/v2\/users\/1"}],"replies":[{"embeddable":true,"href":"https:\/\/catolicanet.net\/wp-cnet\/wp-json\/wp\/v2\/comments?post=47196"}],"version-history":[{"count":1,"href":"https:\/\/catolicanet.net\/wp-cnet\/wp-json\/wp\/v2\/posts\/47196\/revisions"}],"predecessor-version":[{"id":47198,"href":"https:\/\/catolicanet.net\/wp-cnet\/wp-json\/wp\/v2\/posts\/47196\/revisions\/47198"}],"wp:featuredmedia":[{"embeddable":true,"href":"https:\/\/catolicanet.net\/wp-cnet\/wp-json\/wp\/v2\/media\/47197"}],"wp:attachment":[{"href":"https:\/\/catolicanet.net\/wp-cnet\/wp-json\/wp\/v2\/media?parent=47196"}],"wp:term":[{"taxonomy":"category","embeddable":true,"href":"https:\/\/catolicanet.net\/wp-cnet\/wp-json\/wp\/v2\/categories?post=47196"},{"taxonomy":"post_tag","embeddable":true,"href":"https:\/\/catolicanet.net\/wp-cnet\/wp-json\/wp\/v2\/tags?post=47196"}],"curies":[{"name":"wp","href":"https:\/\/api.w.org\/{rel}","templated":true}]}}