{"id":4717,"date":"2014-06-18T17:12:08","date_gmt":"2014-06-18T20:12:08","guid":{"rendered":"http:\/\/catolicanet.net\/wp-cnet\/papa-aos-fieis-qa-igreja-nao-sao-so-padres-bispos-e-vaticanoq\/"},"modified":"2017-04-05T16:48:44","modified_gmt":"2017-04-05T19:48:44","slug":"papa-aos-fieis-qa-igreja-nao-sao-so-padres-bispos-e-vaticanoq","status":"publish","type":"post","link":"https:\/\/catolicanet.net\/wp-cnet\/papa-aos-fieis-qa-igreja-nao-sao-so-padres-bispos-e-vaticanoq\/","title":{"rendered":"Papa aos fi\u00e9is: &#8220;A Igreja n\u00e3o s\u00e3o s\u00f3 padres, bispos e Vaticano&#8221;"},"content":{"rendered":"<p style=\"text-align: justify;\"><img decoding=\"async\" src=\"http:\/\/catolicanet.com.br\/images\/stories\/papas\/papamicrofone.jpg\" border=\"0\" align=\"left\" \/>Nesta quarta-feira de tempo inst\u00e1vel em Roma, o Papa concedeu a audi\u00eancia geral, como sempre, ao ar livre, na Pra\u00e7a S\u00e3o Pedro, onde o aguardavam cerca de 50 mil pessoas. Ap\u00f3s a ben\u00e7\u00e3o inicial, Francisco brincou com os presentes a respeito do mau-tempo, dizendo esperar que a audi\u00eancia pudesse terminar \u2018sem chuva\u2019. J\u00e1 antes, saudando os idosos, doentes e portadores de defici\u00eancia na Sala Paulo VI, o Pont\u00edfice havia pedido ora\u00e7\u00f5es para que a \u00e1gua n\u00e3o molhasse \u2018quem estava fora, na Pra\u00e7a\u2019.<\/p>\n<p>Come\u00e7ando um ciclo de catequeses sobre a Igreja, Francisco definiu esta realidade como uma \u2018fam\u00edlia, a filha da m\u00e3e Maria\u2019. A Igreja, de fato, n\u00e3o \u00e9 uma institui\u00e7\u00e3o fechada em si mesma ou uma associa\u00e7\u00e3o privada, uma ONG, nem mesmo se deve restringir ao clero ou ao Vaticano\u2026<\/p>\n<p>\u201cN\u00e3o limitem a Igreja aos padres, aos bispos, ao Vaticano. A Igreja n\u00e3o feita s\u00f3 por eles: \u00e9 uma realidade mais ampla, que se abre a toda a humanidade. Fundada por Jesus, \u00e9 um povo com uma longa hist\u00f3ria nas costas, n\u00e3o nasceu de repente, num laborat\u00f3rio; n\u00e3o \u00e9 uma associa\u00e7\u00e3o privada finalizada a si mesma\u201d.<\/p>\n<p>O Pont\u00edfice explicou que esta hist\u00f3ria, ou pr\u00e9-hist\u00f3ria, da Igreja se encontra j\u00e1 nas p\u00e1ginas do Antigo Testamento. Segundo o Livro de G\u00eanesis, Deus escolhe Abra\u00e3o, nosso pai na f\u00e9, e lhe pede para partir, para deixar a sua p\u00e1tria terrena e ir para outra terra que Ele lhe indicou. Nesta voca\u00e7\u00e3o, Deus n\u00e3o chama Abra\u00e3o sozinho, como indiv\u00edduo, mas envolve desde o in\u00edcio a sua fam\u00edlia, seus parentes e todos aqueles que com ele est\u00e3o a servi\u00e7o de sua casa. Uma vez no caminho, ent\u00e3o, Deus alargar\u00e1 tamb\u00e9m o horizonte, prometendo-lhe uma descend\u00eancia numerosa como as estrelas do c\u00e9u e como a areia da praia. O primeiro dado importante \u00e9 este mesmo: come\u00e7ando por Abra\u00e3o, Deus forma um povo para que leve a sua b\u00ean\u00e7\u00e3o a todas as fam\u00edlias da terra. E no seio deste povo, nasce Jesus.<\/p>\n<p>O Papa prosseguiu sua catequese analisando o segundo elemento:<\/p>\n<p>\u201cN\u00e3o \u00e9 Abra\u00e3o quem constr\u00f3i em torno de si um povo, mas Deus a dar vida a este povo. Geralmente era um homem a dirigir-se \u00e0 divindade, invocando apoio e prote\u00e7\u00e3o. Neste caso, ao inv\u00e9s, se assiste a uma coisa sem precedentes: \u00e9 o pr\u00f3prio Deus a ter a iniciativa e a dirigir a sua palavra ao homem, criando um legado e uma rela\u00e7\u00e3o nova com ele. Assim, Deus forma um povo, com todas as cores, que escuta a sua palavra e que se coloca no caminho, confiando Nele. No seu amor, Deus antecipa-se a Abra\u00e3o, como j\u00e1 o tinha feito com o pr\u00f3prio Ad\u00e3o\u201d.<\/p>\n<p>\u201cNo entanto\u201d, prosseguiu Francisco, \u201ca resposta deste povo a Deus, que o quis e formou, ficar\u00e1 marcada, ao longo da hist\u00f3ria, por resist\u00eancias e infidelidades humanas. Deus, por\u00e9m, n\u00e3o desiste; cheio de paci\u00eancia, continua a educar e formar o seu povo, como faz um pai com o seu filho. E Jesus mant\u00e9m o mesmo procedimento com a Igreja. De fato, n\u00f3s prometemos seguir o Senhor, mas, no dia-a-dia, quantas vezes fazemos experi\u00eancia do nosso ego\u00edsmo e da dureza do nosso cora\u00e7\u00e3o. Quando, por\u00e9m, reconhecemos o nosso pecado e nos voltamos para Deus, Ele enche-nos da sua miseric\u00f3rdia e do seu amor. \u00c9 precisamente isto que nos faz crescer como povo de Deus, como Igreja: n\u00e3o \u00e9 pela nossa habilidade, pelos nossos m\u00e9ritos, mas pela experi\u00eancia que diariamente fazemos de quanto o Senhor nos quer bem e cuida de n\u00f3s\u201d.<\/p>\n<p>Caros amigos, este \u00e9 o projeto de Deus: formar um povo aben\u00e7oado pelo seu amor e que leva a sua b\u00ean\u00e7\u00e3o a todos os povos da terra. Este projeto n\u00e3o muda, est\u00e1 sempre em andamento. Em Cristo teve seu complemento e ainda hoje continua a realiz\u00e1-lo na Igreja.<\/p>\n<p>\u201cOutro nome sin\u00f4nimo de Igreja \u2013 observou \u2013 seria \u2018homens e mulheres, pessoas que aben\u00e7oam\u2019. Com efeito, a voca\u00e7\u00e3o de todo crist\u00e3o \u00e9 aben\u00e7oar Deus e todos n\u00f3s. Somos um povo que sabe aben\u00e7oar, um povo aben\u00e7oado por seu amor e que leva a sua ben\u00e7\u00e3o a todos os povos da terra\u201d.<\/p>\n<p>&#8220;Pe\u00e7amos a gra\u00e7a de permanecermos fi\u00e9is na sequela do Senhor Jesus e escutando sua Palavra, prontos a partir todos os dias, como Abra\u00e3o, pela terra de Deus e do homem, a nossa verdadeira p\u00e1tria e, assim, transformar-se em b\u00ean\u00e7\u00e3os e sinal do amor de Deus por todos os seus filhos&#8221;.<\/p>\n<p>Saudando os peregrinos de l\u00edngua portuguesa, Francisco se dirigiu particularmente \u00e0 comunidade \u00abCoccinella meninos da rua\u00bb. \u201cQue esta visita a Roma vos ajude a estar prontos, como Abra\u00e3o, a sair cada dia para a terra de Deus e do homem, revelando-vos uma b\u00ean\u00e7\u00e3o e um sinal do amor de Deus por todos os seus filhos. A Virgem Santa vos guie e proteja!\u201d, disse o Papa, concedendo a todos a sua ben\u00e7\u00e3o.<\/p>\n<p>Fonte: R\u00e1dio Vaticano<br \/>Local: Cidade do Vaticano<\/p>\n","protected":false},"excerpt":{"rendered":"<p>Nesta quarta-feira de tempo inst\u00e1vel em Roma, o Papa concedeu a audi\u00eancia geral, como sempre, ao ar livre, na Pra\u00e7a S\u00e3o Pedro, onde o aguardavam cerca de 50 mil pessoas. Ap\u00f3s a ben\u00e7\u00e3o inicial, Francisco brincou com os presentes a respeito do mau-tempo, dizendo esperar que a audi\u00eancia pudesse terminar \u2018sem chuva\u2019. J\u00e1 antes, saudando [&hellip;]<\/p>\n","protected":false},"author":1,"featured_media":0,"comment_status":"closed","ping_status":"closed","sticky":false,"template":"","format":"standard","meta":{"footnotes":""},"categories":[3],"tags":[],"class_list":["post-4717","post","type-post","status-publish","format-standard","hentry","category-vaticano"],"_links":{"self":[{"href":"https:\/\/catolicanet.net\/wp-cnet\/wp-json\/wp\/v2\/posts\/4717","targetHints":{"allow":["GET"]}}],"collection":[{"href":"https:\/\/catolicanet.net\/wp-cnet\/wp-json\/wp\/v2\/posts"}],"about":[{"href":"https:\/\/catolicanet.net\/wp-cnet\/wp-json\/wp\/v2\/types\/post"}],"author":[{"embeddable":true,"href":"https:\/\/catolicanet.net\/wp-cnet\/wp-json\/wp\/v2\/users\/1"}],"replies":[{"embeddable":true,"href":"https:\/\/catolicanet.net\/wp-cnet\/wp-json\/wp\/v2\/comments?post=4717"}],"version-history":[{"count":1,"href":"https:\/\/catolicanet.net\/wp-cnet\/wp-json\/wp\/v2\/posts\/4717\/revisions"}],"predecessor-version":[{"id":9632,"href":"https:\/\/catolicanet.net\/wp-cnet\/wp-json\/wp\/v2\/posts\/4717\/revisions\/9632"}],"wp:attachment":[{"href":"https:\/\/catolicanet.net\/wp-cnet\/wp-json\/wp\/v2\/media?parent=4717"}],"wp:term":[{"taxonomy":"category","embeddable":true,"href":"https:\/\/catolicanet.net\/wp-cnet\/wp-json\/wp\/v2\/categories?post=4717"},{"taxonomy":"post_tag","embeddable":true,"href":"https:\/\/catolicanet.net\/wp-cnet\/wp-json\/wp\/v2\/tags?post=4717"}],"curies":[{"name":"wp","href":"https:\/\/api.w.org\/{rel}","templated":true}]}}