{"id":4716,"date":"2014-06-18T17:06:13","date_gmt":"2014-06-18T20:06:13","guid":{"rendered":"http:\/\/catolicanet.net\/wp-cnet\/refugiados-aumentam-qpara-eles-acolhimento-e-dignidadeq-pede-francisco\/"},"modified":"2017-04-05T16:49:04","modified_gmt":"2017-04-05T19:49:04","slug":"refugiados-aumentam-qpara-eles-acolhimento-e-dignidadeq-pede-francisco","status":"publish","type":"post","link":"https:\/\/catolicanet.net\/wp-cnet\/refugiados-aumentam-qpara-eles-acolhimento-e-dignidadeq-pede-francisco\/","title":{"rendered":"Refugiados aumentam. &#8220;Para eles, acolhimento e dignidade&#8221;, pede Francisco"},"content":{"rendered":"<p style=\"text-align: justify;\"><img decoding=\"async\" src=\"http:\/\/catolicanet.com.br\/images\/stories\/refugiados.jpg\" border=\"0\" align=\"left\" \/>Sexta-feira, 20 de junho, \u00e9 o Dia Mundial do Refugiado, dedicado pela comunidade internacional \u00e0s pessoas obrigadas a deixar seus lugares de origem em fuga de conflitos e persegui\u00e7\u00f5es. No final da audi\u00eancia geral de quarta-feira, 18, o Papa lembrou a data e as circunst\u00e2ncias em que vivem os deslocados.<\/p>\n<p>\u201cO n\u00famero dos irm\u00e3os refugiados est\u00e1 aumentando e nos \u00faltimos dias, outras milhares de pessoas foram induzidas a deixar suas casas para se salvar. Milh\u00f5es de fam\u00edlias refugiadas de muitos pa\u00edses e de todas as cren\u00e7as religiosas vivem hist\u00f3rias pessoais com dramas e feridas que dificilmente se cicatrizam. Sejamos-lhes pr\u00f3ximos, compartilhemos seus temores e incertezas pelo futuro, aliviando concretamente seus sofrimentos. Que o Senhor ampare pessoas e institui\u00e7\u00f5es que trabalham generosamente para garantir aos refugiados acolhimento e dignidade, oferecendo-lhes raz\u00f5es de esperan\u00e7a\u201d.<\/p>\n<p>Fonte: R\u00e1dio Vaticano<br \/>Local: Cidade do Vaticano<\/p>\n<p><\/p>\n","protected":false},"excerpt":{"rendered":"<p>Sexta-feira, 20 de junho, \u00e9 o Dia Mundial do Refugiado, dedicado pela comunidade internacional \u00e0s pessoas obrigadas a deixar seus lugares de origem em fuga de conflitos e persegui\u00e7\u00f5es. No final da audi\u00eancia geral de quarta-feira, 18, o Papa lembrou a data e as circunst\u00e2ncias em que vivem os deslocados. \u201cO n\u00famero dos irm\u00e3os refugiados [&hellip;]<\/p>\n","protected":false},"author":1,"featured_media":0,"comment_status":"closed","ping_status":"closed","sticky":false,"template":"","format":"standard","meta":{"footnotes":""},"categories":[3],"tags":[],"class_list":["post-4716","post","type-post","status-publish","format-standard","hentry","category-vaticano"],"_links":{"self":[{"href":"https:\/\/catolicanet.net\/wp-cnet\/wp-json\/wp\/v2\/posts\/4716","targetHints":{"allow":["GET"]}}],"collection":[{"href":"https:\/\/catolicanet.net\/wp-cnet\/wp-json\/wp\/v2\/posts"}],"about":[{"href":"https:\/\/catolicanet.net\/wp-cnet\/wp-json\/wp\/v2\/types\/post"}],"author":[{"embeddable":true,"href":"https:\/\/catolicanet.net\/wp-cnet\/wp-json\/wp\/v2\/users\/1"}],"replies":[{"embeddable":true,"href":"https:\/\/catolicanet.net\/wp-cnet\/wp-json\/wp\/v2\/comments?post=4716"}],"version-history":[{"count":1,"href":"https:\/\/catolicanet.net\/wp-cnet\/wp-json\/wp\/v2\/posts\/4716\/revisions"}],"predecessor-version":[{"id":9633,"href":"https:\/\/catolicanet.net\/wp-cnet\/wp-json\/wp\/v2\/posts\/4716\/revisions\/9633"}],"wp:attachment":[{"href":"https:\/\/catolicanet.net\/wp-cnet\/wp-json\/wp\/v2\/media?parent=4716"}],"wp:term":[{"taxonomy":"category","embeddable":true,"href":"https:\/\/catolicanet.net\/wp-cnet\/wp-json\/wp\/v2\/categories?post=4716"},{"taxonomy":"post_tag","embeddable":true,"href":"https:\/\/catolicanet.net\/wp-cnet\/wp-json\/wp\/v2\/tags?post=4716"}],"curies":[{"name":"wp","href":"https:\/\/api.w.org\/{rel}","templated":true}]}}