{"id":47154,"date":"2019-02-19T11:17:37","date_gmt":"2019-02-19T14:17:37","guid":{"rendered":"http:\/\/catolicanet.net\/wp-cnet\/?p=47154"},"modified":"2019-02-19T11:17:37","modified_gmt":"2019-02-19T14:17:37","slug":"livro-juvenil-trata-sobre-questao-do-aborto-e-revela-a-grandeza-do-amor-materno","status":"publish","type":"post","link":"https:\/\/catolicanet.net\/wp-cnet\/livro-juvenil-trata-sobre-questao-do-aborto-e-revela-a-grandeza-do-amor-materno\/","title":{"rendered":"Livro juvenil trata sobre quest\u00e3o do aborto e revela a grandeza do amor materno"},"content":{"rendered":"<p>Dois jovens que se apaixonam, come\u00e7am a namorar e, logo ap\u00f3s, a menina engravida; este pode parecer um roteiro de mais uma hist\u00f3ria juvenil, mas no livro \u2018As 24 horas de Anna Beatriz\u2019, o jornalista Maxwell dos Santos vai al\u00e9m e traz \u00e0 tona tamb\u00e9m a quest\u00e3o da anencefalia, a discuss\u00e3o do <a href=\"https:\/\/www.acidigital.com\/vida\/aborto\/index.html\">aborto<\/a> e mostra a grandeza do amor materno.<\/p>\n<p>Com uma mensagem pr\u00f3-<a href=\"https:\/\/www.acidigital.com\/vida\/index.html\">vida<\/a>, e-book juvenil \u2018As 24 horas de Anna Beatriz\u2019 foi lan\u00e7ado em 2012, logo depois que o Supremo Tribunal Federal (STF) julgou a Argui\u00e7\u00e3o de Descumprimento de Preceito Fundamental (ADPF) 54, a qual levou \u00e0 permiss\u00e3o do aborto de feto anencef\u00e1lico.<\/p>\n<p>Segundo Maxwell, esta obra surgiu de sua \u201cindigna\u00e7\u00e3o\u201d com este resultado. Agora, o livro est\u00e1 sendo relan\u00e7ado neste ano, quando o tema do aborto se encontra novamente pendente de julgamento no STF com a ADPF 442, apresentada pelo PSOL e que prop\u00f5e a descriminaliza\u00e7\u00e3o desta pr\u00e1tica at\u00e9 a 12\u00aa semana de gesta\u00e7\u00e3o.<\/p>\n<p>A publica\u00e7\u00e3o conta a hist\u00f3ria de Anna J\u00falia, uma jovem sonhadora que engravida do namorado Marco Ant\u00f4nio. Em meio aos muitos desafios e ansiedades que chegam junto com a decis\u00e3o de assumir uma gesta\u00e7\u00e3o na adolesc\u00eancia, os dois ainda se confrontam com um dilema maior e mais doloroso, quando descobrem que o beb\u00ea, que se chamar\u00e1 Anna Beatriz, tem anencefalia.<\/p>\n<p>O autor explica que \u201co objetivo desta obra \u00e9 mostrar a grandeza do amor materno, mesmo quando a crian\u00e7a \u00e9 deficiente, a despeito de uns e outros dizerem que o amor materno n\u00e3o passa de um mito, uma mera constru\u00e7\u00e3o social\u201d.<\/p>\n<p>\u201cAl\u00e9m disso \u2013 assinala \u2013, pretendo demonstrar como uma situa\u00e7\u00e3o adversa pode amadurecer as pessoas e como o sofrimento pode torna-las mais humanas\u201d.<\/p>\n<p>Conforme observa o autor, \u201cinfelizmente, vivemos numa sociedade ego\u00edsta e utilitarista, que tende a valorizar os ditos capazes e descarta aqueles que n\u00e3o correspondem \u00e0s suas expectativas\u201d.<\/p>\n<p>Ele ressalta ainda que \u201ca defesa da vida e, por conseguinte, meu rep\u00fadio \u00e0 descriminaliza\u00e7\u00e3o do aborto de anenc\u00e9falos n\u00e3o \u00e9 uma quest\u00e3o religiosa. Trata-se de uma quest\u00e3o humanit\u00e1ria, pautada no direito natural \u00e0 vida\u201d.<\/p>\n<p>Nesta nova edi\u00e7\u00e3o de 2019, o livro conta com pref\u00e1cio da jornalista Kellen Reis, que teve uma filha com anencefalia, a Maria Eduarda.<\/p>\n<p>No seu texto, afirma que \u201ca experi\u00eancia de ter sido m\u00e3e de um beb\u00ea sem perspectivas de sobreviver e saber disso durante a gesta\u00e7\u00e3o, me fez entender que a vida \u00e9 divina, que ser m\u00e3e \u00e9 divino, e que respeitar a vida deveria ser t\u00e3o natural quanto beber \u00e1gua ou amarrar o cadar\u00e7o do t\u00eanis. Que n\u00e3o deveria ser necess\u00e1ria uma legisla\u00e7\u00e3o para isso\u201d.<\/p>\n<p>\u201cMinha primog\u00eanita nasceu com anencefalia e viveu poucos dias, mas o suficiente para me transformar e dar for\u00e7as para ajudar outras fam\u00edlias a enfrentar a mesma situa\u00e7\u00e3o, a mostrar que \u00e9 poss\u00edvel\u201d, conta.<\/p>\n<p>A obra possui ainda apresenta\u00e7\u00e3o de Padre Adenilson Ant\u00f4nio Schimidt, mestre em Teologia Moral pela Academia Alfonsiana \u2013 Instituto de Teologia Moral da Pontif\u00edcia Universidade Lateranense, em Roma.<\/p>\n<p>\u201cUm sentimento que tive ao ler o presente ensaio, que trata de uma quest\u00e3o t\u00e3o importante na luta pela dignidade da pessoa, ou seja, da defesa da vida dos inocentes acometidos pela anencefalia, foi a de que precisamos entender melhor as nuances que regem, tanto o estado da gestante, como o direito \u00e0 vida do feto\u201d, diz o sacerdote.<\/p>\n<p>Assim, observa, \u201cn\u00e3o desconsidero a situa\u00e7\u00e3o dolorosa da gestante que carrega no ventre um filho anenc\u00e9falo, mas o sofrimento, por si, n\u00e3o ofende a dignidade de ningu\u00e9m, ao contr\u00e1rio, a realiza\u00e7\u00e3o do aborto, isso sim, ofende tanto a dignidade da m\u00e3e, como da pessoa inocente que ela carrega no seu ventre\u201d.<\/p>\n<p>\u201cA \u00e9tica da vida e da justi\u00e7a n\u00e3o permitem exce\u00e7\u00f5es\u201d, afirma e acrescenta que \u201ctantos os fetos anenc\u00e9falos, como os demais seres adultos, jovens ou idosos inocentes e fr\u00e1geis, jamais poder\u00e3o ser violentados, descartados ou terem os seus direitos fundamentais, em especial, o de viver, desrespeitados\u201d.<\/p>\n<p>O livro \u201cAs 24 horas de Anna Beatriz\u201d pode ser acessado em <a href=\"https:\/\/bit.ly\/24horasdeannabeatriz\">http:\/\/bit.ly\/24horasdeannabeatriz<\/a>.<\/p>\n","protected":false},"excerpt":{"rendered":"<p>Dois jovens que se apaixonam, come\u00e7am a namorar e, logo ap\u00f3s, a menina engravida; este pode parecer um roteiro de mais uma hist\u00f3ria juvenil, mas no livro \u2018As 24 horas de Anna Beatriz\u2019, o jornalista Maxwell dos Santos vai al\u00e9m e traz \u00e0 tona tamb\u00e9m a quest\u00e3o da anencefalia, a discuss\u00e3o do aborto e mostra [&hellip;]<\/p>\n","protected":false},"author":1,"featured_media":47155,"comment_status":"open","ping_status":"closed","sticky":false,"template":"","format":"standard","meta":{"footnotes":""},"categories":[4],"tags":[],"class_list":["post-47154","post","type-post","status-publish","format-standard","has-post-thumbnail","hentry","category-cotidiano"],"_links":{"self":[{"href":"https:\/\/catolicanet.net\/wp-cnet\/wp-json\/wp\/v2\/posts\/47154","targetHints":{"allow":["GET"]}}],"collection":[{"href":"https:\/\/catolicanet.net\/wp-cnet\/wp-json\/wp\/v2\/posts"}],"about":[{"href":"https:\/\/catolicanet.net\/wp-cnet\/wp-json\/wp\/v2\/types\/post"}],"author":[{"embeddable":true,"href":"https:\/\/catolicanet.net\/wp-cnet\/wp-json\/wp\/v2\/users\/1"}],"replies":[{"embeddable":true,"href":"https:\/\/catolicanet.net\/wp-cnet\/wp-json\/wp\/v2\/comments?post=47154"}],"version-history":[{"count":1,"href":"https:\/\/catolicanet.net\/wp-cnet\/wp-json\/wp\/v2\/posts\/47154\/revisions"}],"predecessor-version":[{"id":47156,"href":"https:\/\/catolicanet.net\/wp-cnet\/wp-json\/wp\/v2\/posts\/47154\/revisions\/47156"}],"wp:featuredmedia":[{"embeddable":true,"href":"https:\/\/catolicanet.net\/wp-cnet\/wp-json\/wp\/v2\/media\/47155"}],"wp:attachment":[{"href":"https:\/\/catolicanet.net\/wp-cnet\/wp-json\/wp\/v2\/media?parent=47154"}],"wp:term":[{"taxonomy":"category","embeddable":true,"href":"https:\/\/catolicanet.net\/wp-cnet\/wp-json\/wp\/v2\/categories?post=47154"},{"taxonomy":"post_tag","embeddable":true,"href":"https:\/\/catolicanet.net\/wp-cnet\/wp-json\/wp\/v2\/tags?post=47154"}],"curies":[{"name":"wp","href":"https:\/\/api.w.org\/{rel}","templated":true}]}}