{"id":4715,"date":"2014-06-18T16:22:36","date_gmt":"2014-06-18T19:22:36","guid":{"rendered":"http:\/\/catolicanet.net\/wp-cnet\/caminhada-qpassos-de-anchietaq-revive-trajeto-realizado-pelo-santo\/"},"modified":"2017-04-05T16:49:39","modified_gmt":"2017-04-05T19:49:39","slug":"caminhada-qpassos-de-anchietaq-revive-trajeto-realizado-pelo-santo","status":"publish","type":"post","link":"https:\/\/catolicanet.net\/wp-cnet\/caminhada-qpassos-de-anchietaq-revive-trajeto-realizado-pelo-santo\/","title":{"rendered":"Caminhada &#8220;Passos de Anchieta&#8221; revive trajeto realizado pelo Santo"},"content":{"rendered":"<p style=\"text-align: justify;\"><img decoding=\"async\" src=\"http:\/\/catolicanet.com.br\/images\/stories\/anchietacaminhada.jpg\" border=\"0\" align=\"left\" \/>Aproximadamente 4 mil pessoas s\u00e3o aguardadas pelos organizadores na 17\u00aa edi\u00e7\u00e3o da caminhada \u201cOs Passos de Anchieta\u201d deste ano. O evento inicia nesta quinta-feira, 19, e ter\u00e1 dura\u00e7\u00e3o de 4 dias, percorrendo 100 km entre as cidades de Vit\u00f3ria e Anchieta, no Esp\u00edrito Santo. O objetivo da caminhada \u00e9 reviver o mesmo trajeto feito pelo agora santo, S\u00e3o Jos\u00e9 de Anchieta. Na \u00e9poca, o trajeto era denominado de \u201cCaminho das 14 l\u00e9guas\u201d e ele percorria duas vezes por m\u00eas, junto com os guerreiros temimin\u00f3s, na miss\u00e3o de cuidar do Col\u00e9gio de S\u00e3o Tiago, erguido na Vila da Nossa Senhora da Vit\u00f3ria, hoje transformado no Pal\u00e1cio do Governo, na cidade de Vit\u00f3ria.<\/p>\n<p>O percurso inicia em Vit\u00f3ria, \u00e0s 6h30 de quinta-feira, 19, onde haver\u00e1 uma missa e logo ap\u00f3s o in\u00edcio da caminhada. Devido \u00e0 cononiza\u00e7\u00e3o de Jos\u00e9 de Anchieta no dia 3 de abril deste ano, \u00e9 aguardado um n\u00famero ainda maior de participantes que nos anos anteriores. De acordo com Carlos Magno Queiroz, presidente da Abapa \u2013 Associa\u00e7\u00e3o Brasileira dos Amigos dos Passos de Anchieta, al\u00e9m de capixabas, participam fi\u00e9is de S\u00e3o Paulo, Rio de Janeiro, Minas Gerais, Paran\u00e1, Rio Grande do Sul, dentre outros.<\/p>\n<p>A caminhada tem por objetivo proporcionar aos participantes momentos de f\u00e9 e reflex\u00e3o, al\u00e9m de revelar os encantos naturais do Esp\u00edrito Santo. Em todo o trajeto haver\u00e1 ve\u00edculos de apoio e UTI m\u00f3vel com m\u00e9dicos e param\u00e9dicos.Tamb\u00e9m s\u00e3o previstos \u201co\u00e1sis\u201d onde os participantes recebem \u00e1gua, frutas e atendimentos para diminuir o impacto f\u00edsico da caminhada.<\/p>\n<p>No primeiro dia de trajeto, os caminhantes percorrem 25 quil\u00f4metros entre Vit\u00f3ria e Vila Velha. No segundo dia ir\u00e3o at\u00e9 Setiba, num trajeto de 28 quil\u00f4metros. No terceiro dia seguir\u00e3o at\u00e9 Mea\u00edpe, uma dist\u00e2ncia de 24 quil\u00f4metros e, por fim, chegam a Anchieta no dia 22 de junho com mais 23 quil\u00f4metros de caminhada.<\/p>\n<p>Fonte: R\u00e1dio Vaticano<br \/>Local: Vit\u00f3ria<\/p>\n","protected":false},"excerpt":{"rendered":"<p>Aproximadamente 4 mil pessoas s\u00e3o aguardadas pelos organizadores na 17\u00aa edi\u00e7\u00e3o da caminhada \u201cOs Passos de Anchieta\u201d deste ano. O evento inicia nesta quinta-feira, 19, e ter\u00e1 dura\u00e7\u00e3o de 4 dias, percorrendo 100 km entre as cidades de Vit\u00f3ria e Anchieta, no Esp\u00edrito Santo. O objetivo da caminhada \u00e9 reviver o mesmo trajeto feito pelo [&hellip;]<\/p>\n","protected":false},"author":1,"featured_media":0,"comment_status":"closed","ping_status":"closed","sticky":false,"template":"","format":"standard","meta":{"footnotes":""},"categories":[3],"tags":[],"class_list":["post-4715","post","type-post","status-publish","format-standard","hentry","category-vaticano"],"_links":{"self":[{"href":"https:\/\/catolicanet.net\/wp-cnet\/wp-json\/wp\/v2\/posts\/4715","targetHints":{"allow":["GET"]}}],"collection":[{"href":"https:\/\/catolicanet.net\/wp-cnet\/wp-json\/wp\/v2\/posts"}],"about":[{"href":"https:\/\/catolicanet.net\/wp-cnet\/wp-json\/wp\/v2\/types\/post"}],"author":[{"embeddable":true,"href":"https:\/\/catolicanet.net\/wp-cnet\/wp-json\/wp\/v2\/users\/1"}],"replies":[{"embeddable":true,"href":"https:\/\/catolicanet.net\/wp-cnet\/wp-json\/wp\/v2\/comments?post=4715"}],"version-history":[{"count":1,"href":"https:\/\/catolicanet.net\/wp-cnet\/wp-json\/wp\/v2\/posts\/4715\/revisions"}],"predecessor-version":[{"id":9634,"href":"https:\/\/catolicanet.net\/wp-cnet\/wp-json\/wp\/v2\/posts\/4715\/revisions\/9634"}],"wp:attachment":[{"href":"https:\/\/catolicanet.net\/wp-cnet\/wp-json\/wp\/v2\/media?parent=4715"}],"wp:term":[{"taxonomy":"category","embeddable":true,"href":"https:\/\/catolicanet.net\/wp-cnet\/wp-json\/wp\/v2\/categories?post=4715"},{"taxonomy":"post_tag","embeddable":true,"href":"https:\/\/catolicanet.net\/wp-cnet\/wp-json\/wp\/v2\/tags?post=4715"}],"curies":[{"name":"wp","href":"https:\/\/api.w.org\/{rel}","templated":true}]}}