{"id":4712,"date":"2014-06-17T13:00:21","date_gmt":"2014-06-17T16:00:21","guid":{"rendered":"http:\/\/catolicanet.net\/wp-cnet\/twitter-do-papa-supera-os-14-milhoes-de-seguidores\/"},"modified":"2017-04-05T16:53:11","modified_gmt":"2017-04-05T19:53:11","slug":"twitter-do-papa-supera-os-14-milhoes-de-seguidores","status":"publish","type":"post","link":"https:\/\/catolicanet.net\/wp-cnet\/twitter-do-papa-supera-os-14-milhoes-de-seguidores\/","title":{"rendered":"Twitter do Papa supera os 14 milh\u00f5es de seguidores"},"content":{"rendered":"<p style=\"text-align: justify;\"><img decoding=\"async\" src=\"http:\/\/catolicanet.com.br\/images\/stories\/papas\/papatwitter.jpg\" border=\"0\" align=\"left\" \/>As nove contas do Papa Francisco no Twitter (@pontifex) superaram nesta ter\u00e7a-feira, 17, os 14 milh\u00f5es de seguidores. O microblog do Pont\u00edfice em l\u00edngua espanhola \u00e9 o que possui o maior n\u00famero de seguidores, quase 6 milh\u00f5es, seguido da conta em l\u00edngua inglesa com mais de 4 milh\u00f5es e do italiano, com quase 2 milh\u00f5es. A conta em l\u00edngua portuguesa j\u00e1 superou um milh\u00e3o de seguidores.<\/p>\n<p>A estr\u00e9ia de um pont\u00edfice no Twitter ocorreu em dezembro de 2012, com Bento XVI. Desde que assumiu, em 13 de mar\u00e7o de 2013, Papa Francisco j\u00e1 conquistou mais de 11 milh\u00f5es de novos seguidores, tendo sido considerado uma das personalidades mundiais mais influentes nas redes sociais. Recentemente, um estudo do Twiplomacy, site especializado em analisar os l\u00edderes globais no Twitter, apontou que cada tu\u00edte do Papa Francisco em espanhol \u00e9 partilhado mais de 11 mil vezes.<\/p>\n<p>Com frases di\u00e1rias de at\u00e9 120 caracteres, o Papa Francisco espalha a mensagem da Igreja ao redor do mundo. Quando fala da internet, o Santo Padre a classifica como um \u201cdom de Deus\u201d, que permite a \u201ccultura do encontro\u201d. Al\u00e9m das contas em espanhol, ingl\u00eas e portugu\u00eas, o Papa tamb\u00e9m manda sua mensagem em franc\u00eas, latim, polon\u00eas, alem\u00e3o e \u00e1rabe.<\/p>\n<p>Fonte: R\u00e1dio Vaticano<br \/>Local: Cidade do Vaticano<\/p>\n<p style=\"text-align: justify;\">\u00a0<\/p>\n","protected":false},"excerpt":{"rendered":"<p>As nove contas do Papa Francisco no Twitter (@pontifex) superaram nesta ter\u00e7a-feira, 17, os 14 milh\u00f5es de seguidores. O microblog do Pont\u00edfice em l\u00edngua espanhola \u00e9 o que possui o maior n\u00famero de seguidores, quase 6 milh\u00f5es, seguido da conta em l\u00edngua inglesa com mais de 4 milh\u00f5es e do italiano, com quase 2 milh\u00f5es. [&hellip;]<\/p>\n","protected":false},"author":1,"featured_media":0,"comment_status":"closed","ping_status":"closed","sticky":false,"template":"","format":"standard","meta":{"footnotes":""},"categories":[3],"tags":[],"class_list":["post-4712","post","type-post","status-publish","format-standard","hentry","category-vaticano"],"_links":{"self":[{"href":"https:\/\/catolicanet.net\/wp-cnet\/wp-json\/wp\/v2\/posts\/4712","targetHints":{"allow":["GET"]}}],"collection":[{"href":"https:\/\/catolicanet.net\/wp-cnet\/wp-json\/wp\/v2\/posts"}],"about":[{"href":"https:\/\/catolicanet.net\/wp-cnet\/wp-json\/wp\/v2\/types\/post"}],"author":[{"embeddable":true,"href":"https:\/\/catolicanet.net\/wp-cnet\/wp-json\/wp\/v2\/users\/1"}],"replies":[{"embeddable":true,"href":"https:\/\/catolicanet.net\/wp-cnet\/wp-json\/wp\/v2\/comments?post=4712"}],"version-history":[{"count":1,"href":"https:\/\/catolicanet.net\/wp-cnet\/wp-json\/wp\/v2\/posts\/4712\/revisions"}],"predecessor-version":[{"id":9638,"href":"https:\/\/catolicanet.net\/wp-cnet\/wp-json\/wp\/v2\/posts\/4712\/revisions\/9638"}],"wp:attachment":[{"href":"https:\/\/catolicanet.net\/wp-cnet\/wp-json\/wp\/v2\/media?parent=4712"}],"wp:term":[{"taxonomy":"category","embeddable":true,"href":"https:\/\/catolicanet.net\/wp-cnet\/wp-json\/wp\/v2\/categories?post=4712"},{"taxonomy":"post_tag","embeddable":true,"href":"https:\/\/catolicanet.net\/wp-cnet\/wp-json\/wp\/v2\/tags?post=4712"}],"curies":[{"name":"wp","href":"https:\/\/api.w.org\/{rel}","templated":true}]}}