{"id":47108,"date":"2019-02-18T11:14:41","date_gmt":"2019-02-18T14:14:41","guid":{"rendered":"http:\/\/catolicanet.net\/wp-cnet\/?p=47108"},"modified":"2019-02-18T11:14:41","modified_gmt":"2019-02-18T14:14:41","slug":"a-bem-aventuranca-eterna","status":"publish","type":"post","link":"https:\/\/catolicanet.net\/wp-cnet\/a-bem-aventuranca-eterna\/","title":{"rendered":"A bem-aventuran\u00e7a eterna"},"content":{"rendered":"<p>O seguidor de Jesus de Nazar\u00e9 alimenta sua esperan\u00e7a, n\u00e3o em si mesmo, n\u00e3o na criatura humana e tamb\u00e9m n\u00e3o nos bens temporais, mas fundamenta-a, evidentemente, no Cristo, que por ele e por todos morreu e ressuscitou. Ele alimenta, pela f\u00e9, a esperan\u00e7a de um mundo solid\u00e1rio, no qual as pessoas possam viver com dignidade, alimentadas pelo clar\u00e3o do bom senso e da sabedoria, que brota de um Deus todo misericordioso e comunh\u00e3o.<\/p>\n<p>Como \u00e9 indispens\u00e1vel o resumo da vida de Jesus, nas quatro bem-aventuran\u00e7as do Evangelho do 6\u00ba Domingo do Tempo Comum! Ele nos indica o caminho, \u00fanico e verdadeiro, encarnado no bem-aventurado, acima de tudo e de todos, Jesus de Nazar\u00e9, ao prometer-nos a felicidade completa, j\u00e1 neste mundo presente, mas que ser\u00e1 total na sua plenitude no mundo futuro.<\/p>\n<p>\u00c9 o mist\u00e9rio exprim\u00edvel da realidade escatol\u00f3gica, que nos leva a descruzar os bra\u00e7os, no acolhimento do an\u00fancio do Evangelho, na dor da cruz, transformada em alegria, nos que passam fome e recebem do Filho de Deus a promessa de serem saciados (cf. Lc 6, 20-23). T\u00e1 muito claro que a bem-aventuran\u00e7a eterna se identifica com o Cristo servidor, perseguido, odiado, insultado, ultrajado e exclu\u00eddo, concreto, naqueles que se disp\u00f5em a abra\u00e7ar, na fidelidade e generosidade, sua causa ou projeto de amor do Pai.<\/p>\n<p>Miguel Cervantes (1547-1616), poeta, dramaturgo, grande romancista e maior escritor espanhol, em seu cl\u00e1ssico da literatura ocidental e obra-prima \u201cDom Quixote\u201d, nos estimula no sentido de jamais perder a coragem de lutar e viver de bem com a vida, na seguinte afirma\u00e7\u00e3o: \u201cQuem perde seus bens perde muito; quem perde um amigo perde mais; mas quem perde a coragem perde tudo\u201d. Aos olhos de Deus \u00e9 a esperan\u00e7a do encontro beat\u00edfico e sagrado, quando a criatura humana participar\u00e1 da promessa divina, na certeza da feliz recompensa.<\/p>\n<p>Deus nos d\u00ea a gra\u00e7a de vivermos contentes e esperan\u00e7osos, porque o Senhor, verdadeiramente fiel \u00e0s suas promessas, por sua gra\u00e7a, nos faz perseverantes em nossos bons prop\u00f3sitos, at\u00e9 que chegue aquele momento: o do inteiro cumprimento prometido. Ele ser\u00e1 o acabamento final da hist\u00f3ria e do mundo, onde lamentos, dores e ang\u00fastias ser\u00e3o substitu\u00eddos por alegrias, gl\u00f3rias e louvores, naquilo que afirma S\u00e3o Jo\u00e3o: \u201cSabemos que, quando Jesus se manifestar, seremos semelhantes a ele, porque o veremos tal como ele \u00e9\u201d (cf. 1 Jo 3, 2). Assim seja!<\/p>\n","protected":false},"excerpt":{"rendered":"<p>O seguidor de Jesus de Nazar\u00e9 alimenta sua esperan\u00e7a, n\u00e3o em si mesmo, n\u00e3o na criatura humana e tamb\u00e9m n\u00e3o nos bens temporais, mas fundamenta-a, evidentemente, no Cristo, que por ele e por todos morreu e ressuscitou. Ele alimenta, pela f\u00e9, a esperan\u00e7a de um mundo solid\u00e1rio, no qual as pessoas possam viver com dignidade, [&hellip;]<\/p>\n","protected":false},"author":6,"featured_media":32779,"comment_status":"open","ping_status":"closed","sticky":false,"template":"","format":"standard","meta":{"footnotes":""},"categories":[9],"tags":[],"class_list":["post-47108","post","type-post","status-publish","format-standard","has-post-thumbnail","hentry","category-artigos"],"_links":{"self":[{"href":"https:\/\/catolicanet.net\/wp-cnet\/wp-json\/wp\/v2\/posts\/47108","targetHints":{"allow":["GET"]}}],"collection":[{"href":"https:\/\/catolicanet.net\/wp-cnet\/wp-json\/wp\/v2\/posts"}],"about":[{"href":"https:\/\/catolicanet.net\/wp-cnet\/wp-json\/wp\/v2\/types\/post"}],"author":[{"embeddable":true,"href":"https:\/\/catolicanet.net\/wp-cnet\/wp-json\/wp\/v2\/users\/6"}],"replies":[{"embeddable":true,"href":"https:\/\/catolicanet.net\/wp-cnet\/wp-json\/wp\/v2\/comments?post=47108"}],"version-history":[{"count":1,"href":"https:\/\/catolicanet.net\/wp-cnet\/wp-json\/wp\/v2\/posts\/47108\/revisions"}],"predecessor-version":[{"id":47109,"href":"https:\/\/catolicanet.net\/wp-cnet\/wp-json\/wp\/v2\/posts\/47108\/revisions\/47109"}],"wp:featuredmedia":[{"embeddable":true,"href":"https:\/\/catolicanet.net\/wp-cnet\/wp-json\/wp\/v2\/media\/32779"}],"wp:attachment":[{"href":"https:\/\/catolicanet.net\/wp-cnet\/wp-json\/wp\/v2\/media?parent=47108"}],"wp:term":[{"taxonomy":"category","embeddable":true,"href":"https:\/\/catolicanet.net\/wp-cnet\/wp-json\/wp\/v2\/categories?post=47108"},{"taxonomy":"post_tag","embeddable":true,"href":"https:\/\/catolicanet.net\/wp-cnet\/wp-json\/wp\/v2\/tags?post=47108"}],"curies":[{"name":"wp","href":"https:\/\/api.w.org\/{rel}","templated":true}]}}