{"id":4708,"date":"2014-06-17T12:50:26","date_gmt":"2014-06-17T15:50:26","guid":{"rendered":"http:\/\/catolicanet.net\/wp-cnet\/nao-temais\/"},"modified":"2017-04-05T16:55:31","modified_gmt":"2017-04-05T19:55:31","slug":"nao-temais","status":"publish","type":"post","link":"https:\/\/catolicanet.net\/wp-cnet\/nao-temais\/","title":{"rendered":"N\u00e3o temais"},"content":{"rendered":"<p style=\"text-align: justify;\">Por tr\u00eas vezes Jesus falou a seus seguidores: \u201cN\u00e3o temais\u201d (Mt 10, 26-33). N\u00e3o se deixar dominar pelo medo \u00e9 uma mensagem que, ali\u00e1s, perpassa toda B\u00edblia. As primeiras palavras do papa S\u00e3o Jo\u00e3o Paulo II, no in\u00edcio de seu pontificado, foram tamb\u00e9m estas \u201cN\u00e3o temais\u201d A\u00ed est\u00e1 a mensagem que se deve bem interpretar, pois ang\u00fastia existencial; o temor infantil; a fobia de perder os bens, o trabalho, a estima dos outros, uma rela\u00e7\u00e3o de amor, a sa\u00fade, a vida \u00e9 que devem ser afastados. Nada de ter diante de si um horizonte tenebroso o que leva a sofrer inutilmente. Quando, contudo, Jesus pede para que n\u00e3o se tenha receio ele sabia perfeitamente que\u00a0 no caminhar por este mundo s\u00e3o inevit\u00e1veis certas situa\u00e7\u00f5es que podem atemorizar. A inquieta\u00e7\u00e3o \u00e9 uma express\u00e3o de um instinto fundamental do ser humano, ou seja, o instinto de conserva\u00e7\u00e3o. Quando o perigo amea\u00e7a algu\u00e9m ou qualquer coisa \u00e0 qual se acha apegado surge inevitavelmente a perturba\u00e7\u00e3o. Aquele que \u00e9 totalmente indiferente, ou \u00e9 ing\u00eanuo ou inconsciente. Seria uma pretens\u00e3o tola, descabida estar alheio \u00e0s circunst\u00e2ncias do cotidiano. Cristo, entretanto, ensina mais precisamente que tipo de temor \u00e9 que se deve ter. Com efeito, ele mostra que n\u00e3o \u00e9 preciso temer os que matam o corpo, mas que n\u00e3o podem matar a alma. Ele estava a pregar o temor de Deus, isto \u00e9, o medo se afastar definitivamente do Ser Supremo indo parar, ap\u00f3s a morte, na geena, no lugar de supl\u00edcios pelo fogo e pelos vermes. O temor de Deus \u00e9 um dos dons do Esp\u00edrito Santo que, em si, incentiva inclusive o amor divino sem o qual n\u00e3o h\u00e1 felicidade. Assim o temor de Deus \u00e9 um componente essencial da f\u00e9 que leva a colocar Deus acima de tudo. Este Deus cujas maravilhas espalhadas pelo mundo ostentam seu poder e sua magnitude. Ent\u00e3o quando cada um se sente vulner\u00e1vel perante qualquer situa\u00e7\u00e3o menos favor\u00e1vel, deve logo pensar no Ser Todo-poderoso, que \u00e9 Pai e ama os seus filhos e filhas com um amor eterno, e repousar tranquilamente nas m\u00e3os dele. Adora e confia! Ent\u00e3o o crist\u00e3o nada tem a temer, porque est\u00e1 com Deus e Deus com Ele em tudo. \u00c9 a maravilha que se d\u00e1 na exist\u00eancia de quem teme o Senhor. Tem-se ent\u00e3o uma express\u00e3o correta. O fiel n\u00e3o diz \u201cEu e Deus\u201d, ou \u201cDeus e eu\u201d, mas \u201cEu em Deus e Deus em mim\u201d e isto em toda parte e j\u00e1 n\u00e3o h\u00e1 o que temer.\u00a0 Se reina no atual contexto hist\u00f3rico o medo e a afli\u00e7\u00e3o \u00e9 porque falta o temor de Deus. Os dois fen\u00f4menos est\u00e3o ligados, dado que mais o verdadeiro temor de Deus diminui, mais a inquieta\u00e7\u00e3o aumenta, \u00e9 l\u00f3gico. Quando se esquece de Deus, se coloca a confian\u00e7a nas ilus\u00f5es terrenas, em coisas aleat\u00f3rias que n\u00e3o satisfazem nunca os mais recrescentes anelos do ser racional. Como expressa belo c\u00e2ntico: \u201cSegura nas m\u00e3os de Deus e vai!\u201d. Trata-se da seguran\u00e7a absoluta, da liberta\u00e7\u00e3o de todas as agita\u00e7\u00f5es. O crist\u00e3o repete com Davi: \u201cCom Deus faremos proezas\u201d(Sl 60,12)! Portanto, Jesus tem raz\u00e3o: \u201cN\u00e3o tenhais medo\u201d! Todos os obst\u00e1culos ser\u00e3o vencidos. Como ensina o salmista, \u201cn\u00e3o te inquietes\u201d (Sl 36,8). Nada de temer o julgamento dos homens. Nada de temer o futuro, pois Deus \u00e9 Pai e Provid\u00eancia, nada deixa faltar a quem nele espera, desde que cada um fa\u00e7a de sua parte. Nosso advogado \u00e9 Jesus, justo juiz a quem se podem entregar todas as causas. Deste modo, a mensagem que deve ecoar no \u00edntimo de cada cora\u00e7\u00e3o \u00e9 de esperan\u00e7a, pois, &#8220;n\u00e3o pode ser triste cora\u00e7\u00e3o que ama a Cristo\u201d! Al\u00e9m disto, diante das dissid\u00eancias religiosas, do indiferentismo, da descren\u00e7a, dos ataques \u00e0 Igreja nada de pessimismo, pois ontem, hoje, amanh\u00e3 e sempre as invectivas do inferno se lan\u00e7ar\u00e3o contra ela, mas esta Igreja tem a promessa de seu Fundador de que as for\u00e7as do mal n\u00e3o prevalecer\u00e3o jamais. O erro nunca ter\u00e1 a \u00faltima palavra. Nas tempestades de nosso tempo, h\u00e1, por\u00e9m, muito esplendor na hist\u00f3ria da Igreja e s\u00e3o in\u00fameros os cat\u00f3licos que sem temor se entregam alegremente, com ardor e dinamismo, a uma evangeliza\u00e7\u00e3o proficiente, a come\u00e7ar pela sua pr\u00f3pria santifica\u00e7\u00e3o. Fixemos o conselho do Mestre Divino: \u201cN\u00e3o temais\u201d! O Esp\u00edrito Santo habita dentro do cora\u00e7\u00e3o de cada um e Ele ajudar\u00e1 sempre a vencer os medos e todos marchar\u00e3o com passo seguro nos passos de Jesus! <\/p>\n<p>* Professor no Semin\u00e1rio de Mariana durante 40 anos.<\/p>\n","protected":false},"excerpt":{"rendered":"<p>Por tr\u00eas vezes Jesus falou a seus seguidores: \u201cN\u00e3o temais\u201d (Mt 10, 26-33). N\u00e3o se deixar dominar pelo medo \u00e9 uma mensagem que, ali\u00e1s, perpassa toda B\u00edblia. As primeiras palavras do papa S\u00e3o Jo\u00e3o Paulo II, no in\u00edcio de seu pontificado, foram tamb\u00e9m estas \u201cN\u00e3o temais\u201d A\u00ed est\u00e1 a mensagem que se deve bem interpretar, [&hellip;]<\/p>\n","protected":false},"author":7,"featured_media":0,"comment_status":"closed","ping_status":"closed","sticky":false,"template":"","format":"standard","meta":{"footnotes":""},"categories":[9],"tags":[],"class_list":["post-4708","post","type-post","status-publish","format-standard","hentry","category-artigos"],"_links":{"self":[{"href":"https:\/\/catolicanet.net\/wp-cnet\/wp-json\/wp\/v2\/posts\/4708","targetHints":{"allow":["GET"]}}],"collection":[{"href":"https:\/\/catolicanet.net\/wp-cnet\/wp-json\/wp\/v2\/posts"}],"about":[{"href":"https:\/\/catolicanet.net\/wp-cnet\/wp-json\/wp\/v2\/types\/post"}],"author":[{"embeddable":true,"href":"https:\/\/catolicanet.net\/wp-cnet\/wp-json\/wp\/v2\/users\/7"}],"replies":[{"embeddable":true,"href":"https:\/\/catolicanet.net\/wp-cnet\/wp-json\/wp\/v2\/comments?post=4708"}],"version-history":[{"count":1,"href":"https:\/\/catolicanet.net\/wp-cnet\/wp-json\/wp\/v2\/posts\/4708\/revisions"}],"predecessor-version":[{"id":9642,"href":"https:\/\/catolicanet.net\/wp-cnet\/wp-json\/wp\/v2\/posts\/4708\/revisions\/9642"}],"wp:attachment":[{"href":"https:\/\/catolicanet.net\/wp-cnet\/wp-json\/wp\/v2\/media?parent=4708"}],"wp:term":[{"taxonomy":"category","embeddable":true,"href":"https:\/\/catolicanet.net\/wp-cnet\/wp-json\/wp\/v2\/categories?post=4708"},{"taxonomy":"post_tag","embeddable":true,"href":"https:\/\/catolicanet.net\/wp-cnet\/wp-json\/wp\/v2\/tags?post=4708"}],"curies":[{"name":"wp","href":"https:\/\/api.w.org\/{rel}","templated":true}]}}