{"id":47056,"date":"2019-02-15T10:03:53","date_gmt":"2019-02-15T12:03:53","guid":{"rendered":"http:\/\/catolicanet.net\/wp-cnet\/?p=47056"},"modified":"2019-02-15T10:08:00","modified_gmt":"2019-02-15T12:08:00","slug":"experiencia-piloto-que-deu-origem-a-campanha-da-fraternidade-teve-inicio-em-1961-em-natal-rn","status":"publish","type":"post","link":"https:\/\/catolicanet.net\/wp-cnet\/experiencia-piloto-que-deu-origem-a-campanha-da-fraternidade-teve-inicio-em-1961-em-natal-rn\/","title":{"rendered":"Experi\u00eancia piloto que deu origem \u00e0 Campanha da Fraternidade teve in\u00edcio em 1961, em Natal (RN)"},"content":{"rendered":"<p><img loading=\"lazy\" decoding=\"async\" class=\"size-medium wp-image-47059 alignleft\" src=\"http:\/\/catolicanet.net\/wp-cnet\/wp-content\/uploads\/CFin\u00edcio-213x300.jpg\" alt=\"\" width=\"213\" height=\"300\" srcset=\"https:\/\/catolicanet.net\/wp-cnet\/wp-content\/uploads\/CFin\u00edcio-213x300.jpg 213w, https:\/\/catolicanet.net\/wp-cnet\/wp-content\/uploads\/CFin\u00edcio.jpg 295w\" sizes=\"auto, (max-width: 213px) 100vw, 213px\" \/>Todos os anos, durante a Quaresma, a Igreja no Brasil mobiliza todas as comunidades e par\u00f3quias a viver, no per\u00edodo da Quaresma, a Campanha da Fraternidade. Esta campanha teve in\u00edcio em 1961, quando tr\u00eas padres que trabalhavam na C\u00e1ritas Brasileira, um dos organismos da CNBB, planejaram uma campanha para arrecadar recursos a fim de financiar as atividades assistenciais da institui\u00e7\u00e3o. \u00c0 essa a\u00e7\u00e3o, eles batizaram de \u201cCampanha da Fraternidade\u201d. Na Quaresma de 1962 foi realizada pela primeira vez a Campanha da Fraternidade na cidade de Natal, no Rio Grande do Norte.<\/p>\n<p>Devido ao bom \u00eaxito da experi\u00eancia, no ano seguinte 16 dioceses do Nordeste tamb\u00e9m realizaram a campanha em suas comunidades. Esse projeto foi o embri\u00e3o para a concep\u00e7\u00e3o do projeto da Campanha da Fraternidade que, mais tarde, seria assumida como uma a\u00e7\u00e3o da Igreja no Brasil como gesto concreto no per\u00edodo da Quaresma.<\/p>\n<p><strong>A Campanha da Fraternidade e o Conc\u00edlio Vaticano II<\/strong><\/p>\n<p><a href=\"http:\/\/www.cnbb.org.br\/?attachment_id=207650\"><img loading=\"lazy\" decoding=\"async\" class=\"size-medium wp-image-207650 alignright\" src=\"http:\/\/www.cnbb.org.br\/wp-content\/uploads\/sites\/32\/2019\/02\/CF-1981-209x300.jpg\" srcset=\"http:\/\/www.cnbb.org.br\/wp-content\/uploads\/sites\/32\/2019\/02\/CF-1981-209x300.jpg 209w, http:\/\/www.cnbb.org.br\/wp-content\/uploads\/sites\/32\/2019\/02\/CF-1981.jpg 279w\" alt=\"\" width=\"209\" height=\"300\" \/><\/a>Para estender a Campanha da Fraternidade a todas as dioceses do Brasil, era necess\u00e1rio fundamentar e estruturar seu projeto. Tamb\u00e9m em 1962 teve in\u00edcio na Igreja Cat\u00f3lica o Conc\u00edlio Vaticano II \u2013 reuni\u00f5es nas quais os prelados discutiram e regulamentaram v\u00e1rios assuntos da Igreja. E essa foi a oportunidade que os padres do Brasil encontraram para conceber e estruturar melhor o projeto da Campanha da Fraternidade.<\/p>\n<p>Ao longo de 4 anos seguidos, os padres participaram em Roma das sess\u00f5es do Conc\u00edlio (1962 a 1965) e de in\u00fameras reuni\u00f5es, diversos estudos e momentos de trocas de experi\u00eancias. E foi assim, sob o esp\u00edrito renovador do Conc\u00edlio, que os padres definiram o que seria a Campanha da Fraternidade para toda a Igreja no Brasil. Por\u00e9m, n\u00e3o apenas isso: o tempo do Conc\u00edlio foi oportuno tamb\u00e9m para a concep\u00e7\u00e3o e estrutura\u00e7\u00e3o do Plano Pastoral de Emerg\u00eancia e o Plano de Pastoral de Conjunto, para o desencadeamento da Pastoral Org\u00e2nica e outras iniciativas de renova\u00e7\u00e3o eclesial.<\/p>\n<p><strong>Ades\u00e3o das Comunidades Brasileiras<\/strong><\/p>\n<p>Depois de os padres terem estruturado e organizado como aconteceriam as Campanhas da Fraternidade, alguns passos foram determinantes para estabelec\u00ea-la como uma a\u00e7\u00e3o nacional.<\/p>\n<p><strong>20 de dezembro de 1964<\/strong> \u2013 Os bispos brasileiros aprovaram o texto que fundamentava a a\u00e7\u00e3o. O documento recebeu o nome de Campanha da Fraternidade \u2013 Pontos Fundamentais apreciados pelo episcopado em Roma.<\/p>\n<p><strong>1965<\/strong> \u2013 C\u00e1ritas e a Campanha da Fraternidade passaram a estar vinculados diretamente ao Secretariado Geral da Confer\u00eancia Nacional dos Bispos do Brasil (CNBB). Desde ent\u00e3o, a CF passou a ser coordenada pela CNBB. Durante a transi\u00e7\u00e3o foi ajustada a estrutura\u00e7\u00e3o b\u00e1sica das campanhas.<\/p>\n<p><strong>1967<\/strong> \u2013 A CNBB<a href=\"http:\/\/www.cnbb.org.br\/?attachment_id=207652\"><img loading=\"lazy\" decoding=\"async\" class=\"size-medium wp-image-207652 alignleft\" src=\"http:\/\/www.cnbb.org.br\/wp-content\/uploads\/sites\/32\/2019\/02\/Manual-CF-224x300.jpg\" srcset=\"http:\/\/www.cnbb.org.br\/wp-content\/uploads\/sites\/32\/2019\/02\/Manual-CF-224x300.jpg 224w, http:\/\/www.cnbb.org.br\/wp-content\/uploads\/sites\/32\/2019\/02\/Manual-CF.jpg 382w\" alt=\"\" width=\"224\" height=\"300\" \/><\/a> passou a redigir um subs\u00eddio mais completo para a Campanha da Fraternidade, ano ap\u00f3s ano. Tamb\u00e9m em 1967 tiveram in\u00edcio os encontros nacionais da Coordena\u00e7\u00e3o Nacional e encontros de coordena\u00e7\u00f5es regionais da CF.<\/p>\n<p><strong>1970<\/strong> \u2013 A Campanha da Fraternidade passou a ter o apoio do Pontificado Romano. Desde ent\u00e3o, todos os anos o papa publica uma mensagem transmitida pelos meios de comunica\u00e7\u00e3o dando apoio apoio<\/p>\n<p><strong>1971<\/strong> \u2013 A presid\u00eancia e a Comiss\u00e3o Episcopal de Pastoral passaram a participar tamb\u00e9m dos encontros nacionais das Coordena\u00e7\u00f5es Nacional e Regionais da Campanha da Fraternidade.<\/p>\n<p>&nbsp;<\/p>\n<p><strong>Despertando a solidariedade, a consci\u00eancia e a\u00e7\u00e3o social<\/strong><\/p>\n<p>Desde a sua primeira a\u00e7\u00e3o, em 1962, at\u00e9 os dias de hoje, a Campanha da Fraternidade \u00e9 uma a\u00e7\u00e3o ampla de evangeliza\u00e7\u00e3o realizada anualmente no tempo da Quaresma. O principal objetivo \u00e9 despertar a solidariedade dos crist\u00e3os e da sociedade a respeito de um problema real que atinge a sociedade brasileira, buscando caminhos e solu\u00e7\u00f5es para enfrentar e solucionar tais problemas.<\/p>\n<p><strong>Temas tratados pela Campanha da Fraternidade deste a sua cria\u00e7\u00e3o<\/strong><\/p>\n<p>&nbsp;<\/p>\n<table>\n<tbody>\n<tr>\n<td><strong>1964<\/strong><\/td>\n<td>Igreja em Renova\u00e7\u00e3o<\/td>\n<td>Lembre-se: voc\u00ea tamb\u00e9m \u00e9 Igreja<\/td>\n<\/tr>\n<tr>\n<td><strong>1965<\/strong><\/td>\n<td>Par\u00f3quia em Renova\u00e7\u00e3o<\/td>\n<td>Fa\u00e7a de sua par\u00f3quia uma comunidade de f\u00e9, culto e amor<\/td>\n<\/tr>\n<tr>\n<td><strong>1966<\/strong><\/td>\n<td>Fraternidade<\/td>\n<td>Somos respons\u00e1veis uns pelos outros<\/td>\n<\/tr>\n<tr>\n<td><strong>1967<\/strong><\/td>\n<td>Corresponsabilidade<\/td>\n<td>Somos todos iguais, somos todos irm\u00e3os<\/td>\n<\/tr>\n<tr>\n<td><strong>1968<\/strong><\/td>\n<td>Doa\u00e7\u00e3o<\/td>\n<td>Crer com as m\u00e3os!<\/td>\n<\/tr>\n<tr>\n<td><strong>1969<\/strong><\/td>\n<td>Descoberta<\/td>\n<td>Para o outro, o pr\u00f3ximo \u00e9 voc\u00ea<\/td>\n<\/tr>\n<tr>\n<td><strong>1970<\/strong><\/td>\n<td>Participa\u00e7\u00e3o<\/td>\n<td>Ser crist\u00e3o \u00e9 participar<\/td>\n<\/tr>\n<tr>\n<td><strong>1971<\/strong><\/td>\n<td>Reconcilia\u00e7\u00e3o<\/td>\n<td>Reconciliar<\/td>\n<\/tr>\n<tr>\n<td><strong>1972<\/strong><\/td>\n<td>Servi\u00e7o e Voca\u00e7\u00e3o<\/td>\n<td>Descubra a felicidade de servir<\/td>\n<\/tr>\n<tr>\n<td><strong>1973<\/strong><\/td>\n<td>Fraternidade e liberta\u00e7\u00e3o<\/td>\n<td>O ego\u00edsmo escraviza, o amor liberta<\/td>\n<\/tr>\n<tr>\n<td><strong>1974<\/strong><\/td>\n<td>Reconstruir a casa<\/td>\n<td>Onde est\u00e1 teu irm\u00e3o?<\/td>\n<\/tr>\n<tr>\n<td><strong>1975<\/strong><\/td>\n<td>Fraternidade \u00e9 repartir<\/td>\n<td>Repartir o P\u00e3o<\/td>\n<\/tr>\n<tr>\n<td><strong>1976<\/strong><\/td>\n<td>Fraternidade e Comunidade<\/td>\n<td>Caminhar juntos<\/td>\n<\/tr>\n<tr>\n<td><strong>1977<\/strong><\/td>\n<td>Fraternidade na Fam\u00edlia<\/td>\n<td>Comece em sua casa<\/td>\n<\/tr>\n<tr>\n<td><strong>1978<\/strong><\/td>\n<td>Fraternidade no mundo do trabalho<\/td>\n<td>Trabalho e justi\u00e7a para todos<\/td>\n<\/tr>\n<tr>\n<td><strong>1979<\/strong><\/td>\n<td>Por um mundo mais humano<\/td>\n<td>Preserve o que \u00e9 de todos<\/td>\n<\/tr>\n<tr>\n<td><strong>1980<\/strong><\/td>\n<td>Fraternidade no mundo das Migra\u00e7\u00f5es, Exig\u00eancia da Eucaristia<\/td>\n<td>Para onde vais?<\/td>\n<\/tr>\n<tr>\n<td><strong>1981<\/strong><\/td>\n<td>Sa\u00fade e Fraternidade<\/td>\n<td>Sa\u00fade para todos<\/td>\n<\/tr>\n<tr>\n<td><strong>1982<\/strong><\/td>\n<td>Educa\u00e7\u00e3o e Fraternidade<\/td>\n<td>A verdade vos libertar\u00e1<\/td>\n<\/tr>\n<tr>\n<td><strong>1983<\/strong><\/td>\n<td>Fraternidade e Viol\u00eancia<\/td>\n<td>Fraternidade sim, viol\u00eancia n\u00e3o<\/td>\n<\/tr>\n<tr>\n<td><strong>1984<\/strong><\/td>\n<td>Fraternidade e Vida<\/td>\n<td>Para que todos tenham vida<\/td>\n<\/tr>\n<tr>\n<td><strong>1985<\/strong><\/td>\n<td>Fraternidade e Fome<\/td>\n<td>P\u00e3o para quem tem fome<\/td>\n<\/tr>\n<tr>\n<td><strong>1986<\/strong><\/td>\n<td>Fraternidade e Terra<\/td>\n<td>Terra de Deus, Terra de irm\u00e3os<\/td>\n<\/tr>\n<tr>\n<td><strong>1987<\/strong><\/td>\n<td>Fraternidade e o Menor<\/td>\n<td>Quem acolhe o menor, a mim acolhe<\/td>\n<\/tr>\n<tr>\n<td><strong>1988<\/strong><\/td>\n<td>Fraternidade e o Negro<\/td>\n<td>Ouvi o clamor deste povo!<\/td>\n<\/tr>\n<tr>\n<td><strong>1989<\/strong><\/td>\n<td>Fraternidade e a Comunica\u00e7\u00e3o<\/td>\n<td>Comunica\u00e7\u00e3o para a verdade e a paz<\/td>\n<\/tr>\n<tr>\n<td><strong>1990<\/strong><\/td>\n<td>Fraternidade e a Mulher<\/td>\n<td>Mulher e Homem: Imagem de Deus<\/td>\n<\/tr>\n<tr>\n<td><strong>1991<\/strong><\/td>\n<td>A Fraternidade e o Mundo do Trabalho<\/td>\n<td>Solid\u00e1rios na dignidade do Trabalho<\/td>\n<\/tr>\n<tr>\n<td><strong>1992<\/strong><\/td>\n<td>Fraternidade e Juventude<\/td>\n<td>Juventude \u2013 caminho aberto<\/td>\n<\/tr>\n<tr>\n<td><strong>1993<\/strong><\/td>\n<td>Fraternidade e Moradia<\/td>\n<td>Onde moras?<\/td>\n<\/tr>\n<tr>\n<td><strong>1994<\/strong><\/td>\n<td>Educa\u00e7\u00e3o e a Fam\u00edlia<\/td>\n<td>A Fam\u00edlia, como vai?<\/td>\n<\/tr>\n<tr>\n<td><strong>1995<\/strong><\/td>\n<td>A Fraternidade e os Exclu\u00eddos<\/td>\n<td>Eras tu, Senhor?!<\/td>\n<\/tr>\n<tr>\n<td><strong>1996<\/strong><\/td>\n<td>Fraternidade e Pol\u00edtica<\/td>\n<td>Justi\u00e7a e Paz se abra\u00e7ar\u00e3o<\/td>\n<\/tr>\n<tr>\n<td><strong>1997<\/strong><\/td>\n<td>A Fraternidade e os Encarcerados<\/td>\n<td>Cristo liberta de todas as pris\u00f5es<\/td>\n<\/tr>\n<tr>\n<td><strong>1998<\/strong><\/td>\n<td>Fraternidade e Educa\u00e7\u00e3o<\/td>\n<td>A Servi\u00e7o da Vida e da Esperan\u00e7a<\/td>\n<\/tr>\n<tr>\n<td><strong>1999<\/strong><\/td>\n<td>Fraternidade e os desempregados<\/td>\n<td>Sem trabalho\u2026Por qu\u00ea?<\/td>\n<\/tr>\n<tr>\n<td><strong>2000<\/strong><\/td>\n<td>Dignidade Humana e Paz (ecum\u00eanica)<\/td>\n<td>Novo Mil\u00eanio sem Exclus\u00f5es<\/td>\n<\/tr>\n<tr>\n<td><strong>2001<\/strong><\/td>\n<td>Fraternidade e as Drogas<\/td>\n<td>Vida sim, Drogas n\u00e3o<\/td>\n<\/tr>\n<tr>\n<td><strong>2002<\/strong><\/td>\n<td>Fraternidade e Povos Ind\u00edgenas<\/td>\n<td>Por uma terra sem males<\/td>\n<\/tr>\n<tr>\n<td><strong>2003<\/strong><\/td>\n<td>Fraternidade e Pessoas Idosas<\/td>\n<td>Vida, Dignidade e Esperan\u00e7a<\/td>\n<\/tr>\n<tr>\n<td><strong>2004<\/strong><\/td>\n<td>Fraternidade e \u00c1gua<\/td>\n<td>\u00c1gua, fonte de Vida<\/td>\n<\/tr>\n<tr>\n<td><strong>2005<\/strong><\/td>\n<td>Solidariedade e Paz (ecum\u00eanica)<\/td>\n<td>Felizes os que promovem a Paz<\/td>\n<\/tr>\n<tr>\n<td><strong>2006<\/strong><\/td>\n<td>Fraternidade e Pessoas com Defici\u00eancia<\/td>\n<td>Levanta-te, vem para o meio!<\/td>\n<\/tr>\n<tr>\n<td><strong>2007<\/strong><\/td>\n<td>Fraternidade e Amaz\u00f4nia<\/td>\n<td>Vida e Miss\u00e3o neste ch\u00e3o<\/td>\n<\/tr>\n<tr>\n<td><strong>2008<\/strong><\/td>\n<td>Fraternidade e Defesa da Vida<\/td>\n<td>Escolhe, pois, a Vida<\/td>\n<\/tr>\n<tr>\n<td><strong>2009<\/strong><\/td>\n<td>Fraternidade e Seguran\u00e7a P\u00fablica<\/td>\n<td>A Paz \u00e9 fruto da Justi\u00e7a<\/td>\n<\/tr>\n<tr>\n<td><strong>2010<\/strong><\/td>\n<td>Economia e Vida (ecum\u00eanica)<\/td>\n<td>Voc\u00eas n\u00e3o podem servir a Deus e ao dinheiro<\/td>\n<\/tr>\n<tr>\n<td><strong>2011<\/strong><\/td>\n<td>Fraternidade e a Vida no Planeta<\/td>\n<td>A cria\u00e7\u00e3o geme em dores de parto<\/td>\n<\/tr>\n<tr>\n<td><strong>2012<\/strong><\/td>\n<td>Fraternidade e sa\u00fade p\u00fablica<\/td>\n<td>Que a sa\u00fade se difunda sobre a terra!<\/td>\n<\/tr>\n<tr>\n<td><strong>2013<\/strong><\/td>\n<td>Fraternidade e Juventude<\/td>\n<td>Eis-me aqui, envia-me!<\/td>\n<\/tr>\n<tr>\n<td><strong>2014<\/strong><\/td>\n<td>Fraternidade e Tr\u00e1fico Humano<\/td>\n<td>\u00c9 para a liberdade que Cristo nos libertou<\/td>\n<\/tr>\n<tr>\n<td><strong>2015<\/strong><\/td>\n<td>Fraternidade: Igreja e Sociedade<\/td>\n<td>Eu vim para servir<\/td>\n<\/tr>\n<tr>\n<td><strong>2016<\/strong><\/td>\n<td>Casa Comum, Nossa Responsabilidade<\/td>\n<td>Quero ver o direito brotar como fonte e correr a justi\u00e7a qual riacho que n\u00e3o seca<\/td>\n<\/tr>\n<tr>\n<td><strong>2017<\/strong><\/td>\n<td>Fraternidade: Biomas brasileiros e defesa da vida<\/td>\n<td>Cultivar e guardar a cria\u00e7\u00e3o<\/td>\n<\/tr>\n<tr>\n<td><strong>2018<\/strong><\/td>\n<td>Fraternidade e supera\u00e7\u00e3o da viol\u00eancia<\/td>\n<td>V\u00f3s sois todos irm\u00e3os<\/td>\n<\/tr>\n<\/tbody>\n<\/table>\n<p>Com informa\u00e7\u00f5es do blog da<a href=\"https:\/\/edicoescnbb.blog\/\"> Edi\u00e7\u00f5es CNBB<\/a><\/p>\n","protected":false},"excerpt":{"rendered":"<p>Todos os anos, durante a Quaresma, a Igreja no Brasil mobiliza todas as comunidades e par\u00f3quias a viver, no per\u00edodo da Quaresma, a Campanha da Fraternidade. Esta campanha teve in\u00edcio em 1961, quando tr\u00eas padres que trabalhavam na C\u00e1ritas Brasileira, um dos organismos da CNBB, planejaram uma campanha para arrecadar recursos a fim de financiar [&hellip;]<\/p>\n","protected":false},"author":1,"featured_media":47057,"comment_status":"open","ping_status":"closed","sticky":false,"template":"","format":"standard","meta":{"footnotes":""},"categories":[7],"tags":[],"class_list":["post-47056","post","type-post","status-publish","format-standard","has-post-thumbnail","hentry","category-cnbb"],"_links":{"self":[{"href":"https:\/\/catolicanet.net\/wp-cnet\/wp-json\/wp\/v2\/posts\/47056","targetHints":{"allow":["GET"]}}],"collection":[{"href":"https:\/\/catolicanet.net\/wp-cnet\/wp-json\/wp\/v2\/posts"}],"about":[{"href":"https:\/\/catolicanet.net\/wp-cnet\/wp-json\/wp\/v2\/types\/post"}],"author":[{"embeddable":true,"href":"https:\/\/catolicanet.net\/wp-cnet\/wp-json\/wp\/v2\/users\/1"}],"replies":[{"embeddable":true,"href":"https:\/\/catolicanet.net\/wp-cnet\/wp-json\/wp\/v2\/comments?post=47056"}],"version-history":[{"count":3,"href":"https:\/\/catolicanet.net\/wp-cnet\/wp-json\/wp\/v2\/posts\/47056\/revisions"}],"predecessor-version":[{"id":47061,"href":"https:\/\/catolicanet.net\/wp-cnet\/wp-json\/wp\/v2\/posts\/47056\/revisions\/47061"}],"wp:featuredmedia":[{"embeddable":true,"href":"https:\/\/catolicanet.net\/wp-cnet\/wp-json\/wp\/v2\/media\/47057"}],"wp:attachment":[{"href":"https:\/\/catolicanet.net\/wp-cnet\/wp-json\/wp\/v2\/media?parent=47056"}],"wp:term":[{"taxonomy":"category","embeddable":true,"href":"https:\/\/catolicanet.net\/wp-cnet\/wp-json\/wp\/v2\/categories?post=47056"},{"taxonomy":"post_tag","embeddable":true,"href":"https:\/\/catolicanet.net\/wp-cnet\/wp-json\/wp\/v2\/tags?post=47056"}],"curies":[{"name":"wp","href":"https:\/\/api.w.org\/{rel}","templated":true}]}}