{"id":47051,"date":"2019-02-14T08:54:58","date_gmt":"2019-02-14T10:54:58","guid":{"rendered":"http:\/\/catolicanet.net\/wp-cnet\/?p=47051"},"modified":"2019-02-15T09:04:56","modified_gmt":"2019-02-15T11:04:56","slug":"adionel-carlos-memoria-viva","status":"publish","type":"post","link":"https:\/\/catolicanet.net\/wp-cnet\/adionel-carlos-memoria-viva\/","title":{"rendered":"Adionel Carlos, mem\u00f3ria viva"},"content":{"rendered":"<p>Hoje, ap\u00f3s a nossa reuni\u00e3o com os Bispos Auxiliares e em\u00e9ritos tivemos a oportunidade de homenagear um grande colaborador de nossa Igreja Particular, que h\u00e1 mais de 52 anos serve como crist\u00e3o e\u00a0 com seus carismas, em especial, o da comunica\u00e7\u00e3o.<\/p>\n<p>O Santo Padre, o Papa Francisco, concedeu a honorific\u00eancia de Comenda<strong> \u201cPro Ecclesia et Pontifice\u201d <\/strong>em favor do jornalista <strong>Adionel Carlos da Cunha,<\/strong> que na maior parte do tempo exerceu a miss\u00e3o de Assessor de Imprensa da Arquidiocese de S\u00e3o Sebasti\u00e3o do Rio de Janeiro.<\/p>\n<p>O jornalista Adionel Carlos da Cunha teve um papel decisivo na implanta\u00e7\u00e3o da Assessoria de Imprensa de nossa Arquidiocese e trabalhou com os Cardeais Jaime de Barros C\u00e2mara, Eug\u00eanio Ara\u00fajo Salles, Eus\u00e9bio Oscar Scheid e comigo.<\/p>\n<p>A concess\u00e3o desta Comenda \u00e9 um reconhecimento p\u00fablico de Sua Santidade, o Papa Francisco e da Igreja Cat\u00f3lica a este leigo, depois de termos celebrado o ano do laicato, que dedica a sua vida integralmente a Cristo e \u00e0 M\u00e3e Igreja.<\/p>\n<p><strong>\u00a0<\/strong><\/p>\n<p><strong>ADIONEL CARLOS DA CUNHA, <\/strong>nasceu em 02 de setembro de 1941, natural do Rio de Janeiro, RJ.<\/p>\n<p><strong>ESCOLARIDADE: <\/strong>Cursou <strong>Ensino Prim\u00e1rio<\/strong>, at\u00e9 o 4\u00ba ano, na Escola P\u00fablica Estadual 3-1 Tiradentes. A <strong>Admiss\u00e3o, o Gin\u00e1sio e o Cient\u00edfico<\/strong> foram realizados no Col\u00e9gio S\u00e3o Bento, dos Beneditinos e, por morar na rua do Mosteiro, obteve gratuidade nos cursos por ter sido da equipe de coroinhas, at\u00e9 ap\u00f3s a conclus\u00e3o dos cursos. Formou-se em <strong>T\u00e9cnico em Radiologia<\/strong>, pelo Minist\u00e9rio da Sa\u00fade e realizou <strong>Est\u00e1gio<\/strong> no Hospital Federal de Bonsucesso, no Rio de Janeiro (1958). Em 1959, dedicou-se ao <strong>T\u00e9cnico em Eletr\u00f4nica<\/strong>, pelo Curso de Eletrot\u00e9cnico no COTELUC da PUC\/RJ. Formado em <strong>Piano, Teoria Musical, Harmonia e Morfologia e Hist\u00f3ria da M\u00fasica, <\/strong>pelo Conservat\u00f3rio Brasileiro de M\u00fasica do Rio, foi professor\u00a0e assistente de catedr\u00e1tica desses cursos, entre 1960 e 1963. <strong>2\u00ba Tenente da Reserva<\/strong> (n\u00e3o remunerada), da Arma de Artilharia, formado pelo CPOR\/RJ, em 1964. <strong>Bacharel em Comunica\u00e7\u00e3o Social<\/strong> (com \u00eanfase em Jornalismo e Editora\u00e7\u00e3o, Publicidade e Propaganda, Rela\u00e7\u00f5es P\u00fablicas) pela Universidade Est\u00e1cio de S\u00e1, em 1978. Fez<strong> Mestrado em Jornalismo<\/strong> na Universidade Federal do Rio de Janeiro (UFRJ) (1980\/81).<\/p>\n<p><strong>NA\u00a0ARQUIDIOCESE DE S\u00c3O SEBASTI\u00c3O DO RIO DE JANEIRO: <\/strong>Em 1965, a convite de Dom Cirilo Folck Gomes, OSB, secret\u00e1rio do Regional Leste 1, como volunt\u00e1rio, atuou na cria\u00e7\u00e3o do Departamento de Opini\u00e3o P\u00fablica do Regional.\u00a0Em 1967, o Cardeal Dom Jaime C\u00e2mara, ent\u00e3o Arcebispo do Rio, ainda como volunt\u00e1rio, o convidou para ser Secret\u00e1rio da Chancelaria da C\u00faria, com a finalidade de ajudar a modernizar o seu funcionamento em vista \u00e0 cria\u00e7\u00e3o dos Vicariatos Episcopais. Em fevereiro de 1971, foi coordenador das ex\u00e9quias de Dom Jaime e, logo ap\u00f3s, integrou a Comiss\u00e3o Organizadora para a posse do novo Arcebispo, Cardeal Dom Eugenio Sales. Em maio de 1971, ap\u00f3s a cria\u00e7\u00e3o da Sala de Imprensa, Dom Eugenio o transferiu para a nova \u00e1rea, sendo o respons\u00e1vel pelo relacionamento entre a imprensa e o arcebispo. Na constru\u00e7\u00e3o do Edif\u00edcio Jo\u00e3o Paulo II, inaugurado em 30 de maio de 1980, foi o respons\u00e1vel pela coordena\u00e7\u00e3o de toda a rede de telefonia e estrutura\u00e7\u00e3o do audit\u00f3rio.<\/p>\n<p><strong><u>REPRESENTA\u00c7\u00d5ES: <\/u><\/strong>Representante da Arquidiocese na Comiss\u00e3o Especial do Governo Federal para o traslado dos restos mortais da Princesa Isabel e do Conde D&#8217;Eu da S\u00e9 Catedral do Rio para a Catedral da Diocese de Petr\u00f3polis (14\/maio\/1971). Representante da Arquidiocese nos Encontros Latino-americano de R\u00e1dio e Televis\u00e3o, em 1972, em Apucarana (PR) e, em 1974, em Viam\u00e3o (RS).<\/p>\n<p><strong><u>PASTORAIS: <\/u><\/strong>Membro da 1\u00aa Comiss\u00e3o de Pastoral de Comunica\u00e7\u00e3o Social. Membro da 1\u00aa Comiss\u00e3o de Pastoral de Ecumenismo. Membro do Centro de Ecumenismo do Rio de Janeiro. Membro do 1\u00ba Conselho de Pastoral de Leigos (por dois per\u00edodos de dois anos). Membro da Comiss\u00e3o Organizadora do Tricenten\u00e1rio da Diocese de S\u00e3o Sebasti\u00e3o do Rio de Janeiro. Membro da Comiss\u00e3o Organizadora da Cerim\u00f4nia de Transfer\u00eancia da S\u00e9 Catedral da Pra\u00e7a XV para a Nova Catedral Metropolitana de S\u00e3o Sebasti\u00e3o, na Avenida Chile. Membro da Comiss\u00e3o Organizadora da Sagra\u00e7\u00e3o na Nova Catedral. Membro da Comiss\u00e3o Organizadora Central para a 1\u00aa Visita Pastoral do ent\u00e3o Papa Jo\u00e3o Paulo II\u00a0ao Rio (1 a 3\/julho\/1980). Membro da Comiss\u00e3o Organizadora Central para a parada t\u00e9cnica na Base A\u00e9rea Militar do Gale\u00e3o, do avi\u00e3o que conduzia o ent\u00e3o Papa Jo\u00e3o Paulo II\u00a0para sua Visita Pastoral na Argentina (junho\/82).<br \/>\nMembro da Comiss\u00e3o Organizadora Central para a vinda do ent\u00e3o Papa Jo\u00e3o Paulo II para o 2\u00ba Encontro Mundial das Fam\u00edlias (1997). Membro da Comiss\u00e3o Organizadora Mista Governo Federal &#8211; CNBB, para as comemora\u00e7\u00f5es dos 500 anos do Descobrimento\u00a0do Brasil e da Evangeliza\u00e7\u00e3o realizadas em Porto Seguro, BA. (Abril\/2000). Coordenador da realiza\u00e7\u00e3o das diversas prociss\u00f5es (Corpus Christi, Senhor Morto, S\u00e3o Sebasti\u00e3o e outras) 1969 a 2013. Membro ouvinte da Pastoral de Pol\u00edticos Cat\u00f3licos, dirigida por Dom Filippo Santoro. Participante dos Encontros de Pessoas com Poder Decis\u00f3rio, no Centro de Estudos e Forma\u00e7\u00e3o do Sumar\u00e9, promovidos pela Pastoral da Cultura.<\/p>\n<p><strong><u>ATUA\u00c7\u00c3O COMO PROFISSIONAL DE JORNALISMO IMPRESSO: <\/u><\/strong>Coordenador Editorial do Boletim da Revista do Clero (1972 &#8211; 2016).<br \/>\nEditora\u00e7\u00e3o dos Planos de Pastoral criados pelo Cardeal Eugenio Sales. Editora\u00e7\u00e3o do livro de Mons. Maur\u00edlio Cesar de Lima sobre a hist\u00f3ria da Arquidiocese do Rio. Editora\u00e7\u00e3o do mapa elaborado por Mons. Guilherme Schubert, sobre a cria\u00e7\u00e3o das dioceses que foram desmembradas do territ\u00f3rio da ent\u00e3o Diocese e depois Arquidiocese do Rio. Editora\u00e7\u00e3o dos livros para os tr\u00eas Tr\u00edduos preparat\u00f3rios para a 1\u00aa Visita do Papa Jo\u00e3o Paulo II. Editora\u00e7\u00e3o do livro com as homilias e discursos da 1\u00aa Visita do Papa Jo\u00e3o Paulo II.\u00a0 Editora\u00e7\u00e3o das duas primeiras edi\u00e7\u00f5es do Catecismo da Arquidiocese. Editora\u00e7\u00e3o\u00a0de in\u00fameros livretos, folhetos e cartazes para diversas cerim\u00f4nias. Editora\u00e7\u00e3o do Anu\u00e1rio da Arquidiocese do Rio, de 1968 at\u00e9 1994. Editora\u00e7\u00e3o dos folhetos &#8220;Reflex\u00f5es B\u00edblicas&#8221;, de D. Karl J Romer. Artigos diversos para jornais: Di\u00e1rio de Not\u00edcias, O Jornal, Jornal do Brasil, O Globo, O Dia e, a pedido, para diversas revistas e livros, inclusive \u201cA Ordem do Centro Dom Vital\u201d. Produ\u00e7\u00e3o de releases di\u00e1rios e\/ou semanais com notici\u00e1rios sobre o Arcebispo, atividades pastorais e paroquiais. Revisor dos artigos semanais do Cardeal Eugenio Sales. Assessor de Imprensa da Arquidiocese do Rio, desde 1972.<\/p>\n<p><strong><u>ATUA\u00c7\u00c3O COMO PROFISSIONAL EM R\u00c1DIO <\/u><\/strong><strong>Programa jornal\u00edstico na r\u00e1dio Vera Cruz: <\/strong>Dire\u00e7\u00e3o do programa &#8220;Reflex\u00f5es B\u00edblicas&#8221;, de Dom Karl J Romer, na r\u00e1dio Vera Cruz. Dire\u00e7\u00e3o do programa &#8220;Voz do Pastor&#8221;, dos Cardeais Jaime C\u00e2mara e Eugenio Sales. Coordenador das transmiss\u00f5es de cantos pelas r\u00e1dios, para os fi\u00e9is durante diversas prociss\u00f5es. <strong>Programa jornal\u00edstico na r\u00e1dio Carioca: <\/strong>Dire\u00e7\u00e3o do programa &#8220;Voz do Pastor&#8221;, do Cardeal Eugenio Sales, na r\u00e1dio Carioca. Dire\u00e7\u00e3o do programa &#8220;Voz do Pastor&#8221;, do Cardeal Eugenio Sales, na r\u00e1dio Nacional. Dire\u00e7\u00e3o do programa &#8220;Voz do Pastor&#8221;, do Cardeal Eugenio Sales, na r\u00e1dio Jornal do Brasil. <strong>Programa jornal\u00edstico na r\u00e1dio Roquete Pinto: <\/strong>Dire\u00e7\u00e3o do programa &#8220;Voz do Pastor&#8221; do Cardeal Eugenio Sales, na r\u00e1dio Roquete Pinto. <strong>R\u00e1dio Catedral FM: <\/strong>Cria\u00e7\u00e3o, planejamento e execu\u00e7\u00e3o, em 1989, da Funda\u00e7\u00e3o Educacional e de Radiodifus\u00e3o Catedral de S\u00e3o Sebasti\u00e3o do Rio de Janeiro e constru\u00e7\u00e3o da r\u00e1dio Catedral FM 106,7,\u00a0com a tarefa de compor a programa\u00e7\u00e3o, por indica\u00e7\u00e3o do Cardeal Eugenio Sales. Foi inaugurada em 8 de dezembro de 1992. 1\u00ba Diretor-Geral e, depois, Diretor-Administrativo\u00a0da Funda\u00e7\u00e3o e da R\u00e1dio. Duas transmiss\u00f5es internacionais ao vivo do Santu\u00e1rio de F\u00e1tima, Portugal: dias 12 e 13 de maio e 12 e 13 de outubro de 1995.<\/p>\n<p><u>\u00a0<strong>ATUA\u00c7\u00c3O COMO PROFISSIONAL EM TELEVIS\u00c3O: <\/strong><\/u>Assistente na TV Continental, canal 9,\u00a0durante transmiss\u00e3o da missa da Arquidiocese, sendo celebrante\u00a0Dom Hildebrando Martins, OSB, em 1960\/61. Assistente e coordenador na TV Excelsior, canal 2, na transmiss\u00e3o da\u00a0missa da Arquidiocese, sendo celebrante principal\u00a0Dom Hildebrando Martins, OSB e, tamb\u00e9m, outros padres diocesanos, de 1964 a 1968. Ap\u00f3s a fal\u00eancia da TV Excelsior, a pedido de Dom Jaime, interpelou junto ao Dr. Roberto Marinho para que a TV Globo, canal 4, de sua propriedade, transmitisse a Santa Missa. De pronto, a proposta foi aceita, o que resultou o reatamento das rela\u00e7\u00f5es de Dom Jaime e Dr. Roberto Marinho, de 1968 a 2008. A partir de 1972, o programa na TV Globo passou a contar com 90 minutos, incluindo o Notici\u00e1rio da Arquidiocese e a palestra do Cardeal Dom Eugenio. No mesmo programa, al\u00e9m da dire\u00e7\u00e3o, foi autorizado pelo Diretor-Geral da TV Globo a acumula\u00e7\u00e3o do cargo de Diretor de Imagem. Dire\u00e7\u00e3o do programa semanal &#8220;Em pauta&#8221;, na TV Can\u00e7\u00e3o Nova, RJ, da Associa\u00e7\u00e3o Cultural da Arquidiocese do Rio. Assessoramento \u00e0 TV Globo e Globo News nas transmiss\u00f5es do enterro do Papa Paulo VI, a elei\u00e7\u00e3o de Jo\u00e3o Paulo I, e seu enterro, a elei\u00e7\u00e3o de Jo\u00e3o Paulo II, e seu enterro, e a posse do Papa Francisco. Em todas as ocasi\u00f5es e conclaves, tiveram a participa\u00e7\u00e3o\u00a0de sacerdotes indicados pela Assessoria de Imprensa para fazerem coment\u00e1rios e explica\u00e7\u00f5es.<\/p>\n<p><strong><u>COORDENA\u00c7\u00c3O DE <em>POOLS<\/em> DE JORNAIS, R\u00c1DIOS, TELEVIS\u00d5ES E CINEMAS: <\/u><\/strong>Por ocasi\u00e3o dos 500 anos do Descobrimento do Brasil e da Evangeliza\u00e7\u00e3o,\u00a0coordenou, em Porto Seguro, o <em>pool<\/em> de TVs da Missa Comemorativa celebrada pelo Legado Pontif\u00edcio e concelebrada por todos os bispos do Brasil. Para a 1\u00aa Visita Pastoral do ent\u00e3o Papa Jo\u00e3o Paulo II, em 1980, criou e dirigiu o <em>Press Center International<\/em>, aprovado pela Sala Stampa, no complexo para Congressos, no Hotel Gl\u00f3ria. A Sala Stampa determinou que todos os discursos e homilias partissem desse\u00a0<em>Press Center<\/em> para os demais locais a serem visitados. Foram atendidos 2.850 profissionais de todas \u00e1reas. Para a 2\u00ba Encontro Mundial das Fam\u00edlias, com o ent\u00e3o Papa Jo\u00e3o Paulo II, em 1997, criou e dirigiu o <em>Press Center International<\/em>, aprovado pela Sala Stampa, no complexo para Congressos no Hotel Gl\u00f3ria. Devido \u00e0 programa\u00e7\u00e3o, foi necess\u00e1rio a\u00a0cria\u00e7\u00e3o de cinco minis <em>Press Centers<\/em> nos locais onde o Santo Padre visitava.\u00a0Foram atendidos 2.500 profissionais de todas \u00e1reas.<\/p>\n<p><strong><u>EVENTOS DE MASSA: <\/u><\/strong>Com o Secretariado de Pastoral, participou da organiza\u00e7\u00e3o de v\u00e1rios eventos de massa, como os Autos de Natal, S\u00e3o Sebasti\u00e3o, Corpus Christi etc. Pela Assessoria de Imprensa, realizou tr\u00eas eventos de massa que lotaram o Maracan\u00e3, sendo o principal com a imagem peregrina de Nossa Senhora de F\u00e1tima.<\/p>\n<p>A Medalha \u201cPro Ecclesia et Pontifice\u201d(\u00a0Pela Igreja e Papa) \u00e9 uma\u00a0<a href=\"https:\/\/pt.wikipedia.org\/wiki\/Ordem_honor%C3%ADfica\">ordem honor\u00edfica<\/a>\u00a0da\u00a0<a href=\"https:\/\/pt.wikipedia.org\/wiki\/Igreja_Cat%C3%B3lica_Romana\">Igreja Cat\u00f3lica Romana<\/a>, criada pelo papa\u00a0<a href=\"https:\/\/pt.wikipedia.org\/wiki\/Le%C3%A3o_XIII\">Le\u00e3o XIII<\/a>\u00a0em 17 de julho de 1888 para comemorar seu\u00a0<a href=\"https:\/\/pt.wikipedia.org\/w\/index.php?title=Jubileu_de_ouro&amp;action=edit&amp;redlink=1\">jubileu de ouro<\/a>\u00a0e era originalmente dada aqueles que ajudaram e promoveram o jubileu, e que de outras maneiras ajudaram no sucesso do jubileu e da Exposi\u00e7\u00e3o do Vaticano.\u00a0 Atualmente \u00e9 dada a\u00a0<a href=\"https:\/\/pt.wikipedia.org\/wiki\/Cl%C3%A9rigo\">cl\u00e9rigos<\/a>\u00a0e\u00a0<a href=\"https:\/\/pt.wikipedia.org\/wiki\/Laico\">laicos<\/a>\u00a0que prestaram servi\u00e7os relevantes \u00e0 igreja.\u00a0\u00c9 a medalha de valor mais elevado que pode ser dada a um leigo, pelo Papa.<\/p>\n<p>Cremos que, em virtude de mais de meio s\u00e9culo de dedica\u00e7\u00e3o generosa para com a Igreja e a Arquidiocese de S\u00e3o Sebasti\u00e3o do Rio de Janeiro, o Papa Francisco reconhece o excelente trabalho do jornalista, agora Comendador Adionel Carlos da Cunha. Que esta Comenda fa\u00e7a com que o nosso Assessor de Imprensa Arquidiocesano continue exercendo o seu of\u00edcio, com a costumeira compet\u00eancia, agora mais ligado ao Sucessor de Pedro, sempre anunciando a Boa Not\u00edcia do Evangelho. Que Deus lhe d\u00ea muita sa\u00fade e muitas consola\u00e7\u00f5es, car\u00edssimo Adionel Carlos, e muito obrigado pela sua insuper\u00e1vel dedica\u00e7\u00e3o para com a Igreja de Cristo e para com os Arcebispos do Rio de Janeiro. Em tempos t\u00e3o complexos e depois de tantas transforma\u00e7\u00f5es na comunica\u00e7\u00e3o o nosso novo comendador segue adiante com sua simplicidade e buscando servir com alegria a Igreja. Deus lhe d\u00ea muitas consola\u00e7\u00f5es. Muitas felicidades e que o seu exemplo de dedica\u00e7\u00e3o inspire as novas gera\u00e7\u00f5es em comunicar a Boa Not\u00edcia do Evangelho.<\/p>\n","protected":false},"excerpt":{"rendered":"<p>Hoje, ap\u00f3s a nossa reuni\u00e3o com os Bispos Auxiliares e em\u00e9ritos tivemos a oportunidade de homenagear um grande colaborador de nossa Igreja Particular, que h\u00e1 mais de 52 anos serve como crist\u00e3o e\u00a0 com seus carismas, em especial, o da comunica\u00e7\u00e3o. O Santo Padre, o Papa Francisco, concedeu a honorific\u00eancia de Comenda \u201cPro Ecclesia et [&hellip;]<\/p>\n","protected":false},"author":5,"featured_media":32777,"comment_status":"open","ping_status":"closed","sticky":false,"template":"","format":"standard","meta":{"footnotes":""},"categories":[9],"tags":[],"class_list":["post-47051","post","type-post","status-publish","format-standard","has-post-thumbnail","hentry","category-artigos"],"_links":{"self":[{"href":"https:\/\/catolicanet.net\/wp-cnet\/wp-json\/wp\/v2\/posts\/47051","targetHints":{"allow":["GET"]}}],"collection":[{"href":"https:\/\/catolicanet.net\/wp-cnet\/wp-json\/wp\/v2\/posts"}],"about":[{"href":"https:\/\/catolicanet.net\/wp-cnet\/wp-json\/wp\/v2\/types\/post"}],"author":[{"embeddable":true,"href":"https:\/\/catolicanet.net\/wp-cnet\/wp-json\/wp\/v2\/users\/5"}],"replies":[{"embeddable":true,"href":"https:\/\/catolicanet.net\/wp-cnet\/wp-json\/wp\/v2\/comments?post=47051"}],"version-history":[{"count":1,"href":"https:\/\/catolicanet.net\/wp-cnet\/wp-json\/wp\/v2\/posts\/47051\/revisions"}],"predecessor-version":[{"id":47052,"href":"https:\/\/catolicanet.net\/wp-cnet\/wp-json\/wp\/v2\/posts\/47051\/revisions\/47052"}],"wp:featuredmedia":[{"embeddable":true,"href":"https:\/\/catolicanet.net\/wp-cnet\/wp-json\/wp\/v2\/media\/32777"}],"wp:attachment":[{"href":"https:\/\/catolicanet.net\/wp-cnet\/wp-json\/wp\/v2\/media?parent=47051"}],"wp:term":[{"taxonomy":"category","embeddable":true,"href":"https:\/\/catolicanet.net\/wp-cnet\/wp-json\/wp\/v2\/categories?post=47051"},{"taxonomy":"post_tag","embeddable":true,"href":"https:\/\/catolicanet.net\/wp-cnet\/wp-json\/wp\/v2\/tags?post=47051"}],"curies":[{"name":"wp","href":"https:\/\/api.w.org\/{rel}","templated":true}]}}