{"id":4705,"date":"2014-06-13T18:54:15","date_gmt":"2014-06-13T21:54:15","guid":{"rendered":"http:\/\/catolicanet.net\/wp-cnet\/qviagem-do-papa-a-asia-abre-novas-fronteirasq-diz-p-lombardi\/"},"modified":"2017-04-05T16:56:41","modified_gmt":"2017-04-05T19:56:41","slug":"qviagem-do-papa-a-asia-abre-novas-fronteirasq-diz-p-lombardi","status":"publish","type":"post","link":"https:\/\/catolicanet.net\/wp-cnet\/qviagem-do-papa-a-asia-abre-novas-fronteirasq-diz-p-lombardi\/","title":{"rendered":"&#8220;Viagem do Papa \u00e0 \u00c1sia abre novas fronteiras&#8221;, diz P. Lombardi"},"content":{"rendered":"<p style=\"text-align: justify;\"><img decoding=\"async\" src=\"http:\/\/catolicanet.com.br\/images\/stories\/papas\/papaasia.jpg\" border=\"0\" align=\"left\" \/>Para o Diretor da Sala de Imprensa da Santa S\u00e9, \u201co Papa Francisco est\u00e1 abrindo uma nova fronteira do pontificado na \u00c1sia\u201d, com as programadas viagens \u00e0 Coreia do Sul (agosto), Sri Lanka e Filipinas (janeiro de 2015).<\/p>\n<p>\u201cDuas viagens \u00e0 \u00c1sia em poucos meses representam, evidentemente, uma grande aten\u00e7\u00e3o e, do meu ponto de vista, \u00e9 a abertura de uma nova fronteira do pontificado\u201d, declarou Padre Federico Lombardi, em conversa com jornalistas, publicada pela Ag\u00eancia Ecclesia.<\/p>\n<p>O Diretor da Sala de Imprensa da Santa S\u00e9 participa de uma reuni\u00e3o de assessores de imprensa e porta-vozes promovido pelo Conselho das Confer\u00eancias Episcopais da Europa (CCEE), em andamento em Alfragide, arredores da capital portuguesa.<\/p>\n<p>\u201cDuas viagens importantes a um grande continente, em poucos meses, numa \u00e1rea do mundo que nunca foi visitada por Bento XVI em seu pontificado, s\u00e3o uma presen\u00e7a de grande impacto\u201d, precisou.<\/p>\n<p>Padre Federico Lombardi real\u00e7ou que as popula\u00e7\u00f5es atingidas pelo Haiyan \u201cdesejavam muito\u201d a visita do Papa e recordou que as Filipinas s\u00e3o \u201co pa\u00eds mais cat\u00f3lico da \u00c1sia\u201d.<\/p>\n<p>Ainda segundo ele, Francisco tem convites para visitar o M\u00e9xico e os Estados Unidos, em 2015.<\/p>\n<p>O respons\u00e1vel saudou o sucesso da viagem \u00e0 Terra Santa, seguida pela ora\u00e7\u00e3o que reuniu no Vaticano os presidentes de Israel e da Palestina, real\u00e7ando ainda a atividade ecum\u00eanica do Papa, que se mostra muito interessado na rela\u00e7\u00e3o com o Patriarca ortodoxo Bartolomeu de Constantinopla.<\/p>\n<p>Francisco vai receber segunda-feira, 16, no Vaticano, o l\u00edder da Igreja Anglicana e arcebispo de Cantu\u00e1ria, Justin Welby. Padre Lombardi destacou ainda os contatos com o Patriarcado Ortodoxo de Moscou, em v\u00e1rios n\u00edveis, e deu como exemplo a ida ao Vaticano do coro russo para cantar nas celebra\u00e7\u00f5es da festa lit\u00fargica de S\u00e3o Pedro e S\u00e3o Paulo (29 de junho).<\/p>\n<p>Fonte: R\u00e1dio Vaticano<br \/>Local: Lisboa<\/p>\n","protected":false},"excerpt":{"rendered":"<p>Para o Diretor da Sala de Imprensa da Santa S\u00e9, \u201co Papa Francisco est\u00e1 abrindo uma nova fronteira do pontificado na \u00c1sia\u201d, com as programadas viagens \u00e0 Coreia do Sul (agosto), Sri Lanka e Filipinas (janeiro de 2015). \u201cDuas viagens \u00e0 \u00c1sia em poucos meses representam, evidentemente, uma grande aten\u00e7\u00e3o e, do meu ponto de [&hellip;]<\/p>\n","protected":false},"author":1,"featured_media":0,"comment_status":"closed","ping_status":"closed","sticky":false,"template":"","format":"standard","meta":{"footnotes":""},"categories":[3],"tags":[],"class_list":["post-4705","post","type-post","status-publish","format-standard","hentry","category-vaticano"],"_links":{"self":[{"href":"https:\/\/catolicanet.net\/wp-cnet\/wp-json\/wp\/v2\/posts\/4705","targetHints":{"allow":["GET"]}}],"collection":[{"href":"https:\/\/catolicanet.net\/wp-cnet\/wp-json\/wp\/v2\/posts"}],"about":[{"href":"https:\/\/catolicanet.net\/wp-cnet\/wp-json\/wp\/v2\/types\/post"}],"author":[{"embeddable":true,"href":"https:\/\/catolicanet.net\/wp-cnet\/wp-json\/wp\/v2\/users\/1"}],"replies":[{"embeddable":true,"href":"https:\/\/catolicanet.net\/wp-cnet\/wp-json\/wp\/v2\/comments?post=4705"}],"version-history":[{"count":1,"href":"https:\/\/catolicanet.net\/wp-cnet\/wp-json\/wp\/v2\/posts\/4705\/revisions"}],"predecessor-version":[{"id":9645,"href":"https:\/\/catolicanet.net\/wp-cnet\/wp-json\/wp\/v2\/posts\/4705\/revisions\/9645"}],"wp:attachment":[{"href":"https:\/\/catolicanet.net\/wp-cnet\/wp-json\/wp\/v2\/media?parent=4705"}],"wp:term":[{"taxonomy":"category","embeddable":true,"href":"https:\/\/catolicanet.net\/wp-cnet\/wp-json\/wp\/v2\/categories?post=4705"},{"taxonomy":"post_tag","embeddable":true,"href":"https:\/\/catolicanet.net\/wp-cnet\/wp-json\/wp\/v2\/tags?post=4705"}],"curies":[{"name":"wp","href":"https:\/\/api.w.org\/{rel}","templated":true}]}}