{"id":47031,"date":"2019-02-14T09:08:33","date_gmt":"2019-02-14T11:08:33","guid":{"rendered":"http:\/\/catolicanet.net\/wp-cnet\/?p=47031"},"modified":"2019-02-14T09:08:33","modified_gmt":"2019-02-14T11:08:33","slug":"cardeal-john-henry-newman-sera-proclamado-santo-o-coracao-fala-ao-coracao","status":"publish","type":"post","link":"https:\/\/catolicanet.net\/wp-cnet\/cardeal-john-henry-newman-sera-proclamado-santo-o-coracao-fala-ao-coracao\/","title":{"rendered":"Cardeal John Henry Newman ser\u00e1 proclamado Santo &#8211; &#8220;O Cora\u00e7\u00e3o fala ao cora\u00e7\u00e3o&#8221;"},"content":{"rendered":"<div class=\"article__subTitle\">Ser\u00e3o proclamados Santos o cardeal John Henry Newman e Maria Teresa Chiramel Mankidian, fundadora da Congrega\u00e7\u00e3o das Irm\u00e3s da Sagrada Fam\u00edlia. Ser\u00e1 Beato Vittorio Emilio Moscoso C\u00e1rdenas, sacerdote da Companhia de Jesus, morto por \u00f3dio a f\u00e9 no Equador em 1897. Reconhecidas as virtudes heroicas do cardeal h\u00fangaro J\u00f3zsef Mindszenty, Giovanni Battista Zuaboni, Emanuele Garc\u00eda Nieto, Ir. Serafina Formai e Maria Berenice Duque Hencker, tornando-se Servos de Deus.<\/div>\n<div class=\"title__separator\"><\/div>\n<div class=\"article__text\">\n<p><b>Padre Arnaldo Rodrigues &#8211; Cidade do Vaticano<\/b><\/p>\n<p>\u201c Louvor \u00c0quele que \u00e9 Sant\u00edssimo no alto dos c\u00e9us. E louvor nas profundezas; Bel\u00edssimo em todas as suas palavras, mas muito mais em todos os seus caminhos! (Cardeal John Newman &#8211; The dream of Gerontius) \u201d<\/p>\n<p>O <b>Papa Francisco<\/b> autorizou na ter\u00e7a-feira, 12 de fevereiro, Sua Emin\u00eancia o <b>cardeal Angelo Becciu<\/b>, prefeito da Congrega\u00e7\u00e3o para a Causa dos Santos, a promulgar o decreto que\u00a0proclamar\u00e1 santo o cardeal<b> John Henry Newman<\/b>, fundador do Orat\u00f3rio de S\u00e3o Felipe Neri na Inglaterra.<\/p>\n<div>\n<div class=\"article__embed article__embed--unwrap article__embed--dark\">\n<div class=\"article__innerTitle\">Cardeal John Newman<\/div>\n<!--[if lt IE 9]><script>document.createElement('audio');<\/script><![endif]-->\n<audio class=\"wp-audio-shortcode\" id=\"audio-47031-1\" preload=\"none\" style=\"width: 100%;\" controls=\"controls\"><source type=\"audio\/mpeg\" src=\"https:\/\/media.vaticannews.va\/media\/audio\/s1\/2019\/02\/13\/14\/134872004_F134872004.mp3?_=1\" \/><a href=\"https:\/\/media.vaticannews.va\/media\/audio\/s1\/2019\/02\/13\/14\/134872004_F134872004.mp3\">https:\/\/media.vaticannews.va\/media\/audio\/s1\/2019\/02\/13\/14\/134872004_F134872004.mp3<\/a><\/audio>\n<\/div>\n<\/div>\n<p>O cardeal Newman foi beatificado por <b>Bento XVI<\/b> em 19 de setembro de 2010 em Cofton Park di Rednal, em Birminghan, Inglaterra. Em suas palavras na homilia de beatifica\u00e7\u00e3o recordou o seu lema que era <i>Cor ad cor loquitur<\/i>, \u201cO Cora\u00e7\u00e3o fala ao cora\u00e7\u00e3o\u201d e um pequeno trecho de seus escritos:<\/p>\n<p>\u201c O h\u00e1bito da ora\u00e7\u00e3o, que \u00e9 a pr\u00e1tica de se dirigir a Deus e ao mundo invis\u00edvel em cada \u00e9poca, em todos os lugares, em qualquer emerg\u00eancia, a ora\u00e7\u00e3o, digo, possui aquilo que pode ser chamado um efeito natural no espiritualizar e elevar a alma. Um homem j\u00e1 n\u00e3o \u00e9 o que era antes; gradualmente&#8230; interiorizou um novo sistema de ideias e tornou-se impregnado de princ\u00edpios l\u00edmpidos (Parochial and plain sermons, IV, 230-231). \u201d<\/p>\n<p>O Papa Bento XVI recordou tamb\u00e9m que \u201co ensinamento do Beato John Henry sobre a ora\u00e7\u00e3o explica como o fiel crist\u00e3o se colocou de modo definitivo ao servi\u00e7o do \u00fanico verdadeiro Mestre, e s\u00f3 Ele tem o direito \u00e0 nossa devo\u00e7\u00e3o incondicionada (cf. Mt 23, 10). Newman ajuda-nos a compreender o que isto significa na nossa vida quotidiana: diz-nos que o nosso Mestre divino atribuiu uma tarefa espec\u00edfica a cada um de n\u00f3s, um \u00abservi\u00e7o bem definido\u00bb, confiado unicamente a cada indiv\u00edduo:<\/p>\n<p>Eu tenho a minha miss\u00e3o \u2014 escrevia \u2014 sou um elo numa corrente, um v\u00ednculo de liga\u00e7\u00e3o entre as pessoas. Ele n\u00e3o me criou para nada. Praticarei o bem, realizarei a sua obra; serei um anjo de paz, um pregador de verdade precisamente no meu lugar&#8230; se o fizer obedecerei aos seus mandamentos e servi-lo-ei na minha voca\u00e7\u00e3o (Meditations and devotions, 301-2). \u201d<\/p>\n<p>Sobre a import\u00e2ncia de um laicato preparado para os dias de hoje, recorda-nos o cardeal Newman:<\/p>\n<p>\u201c Quero um laicato n\u00e3o arrogante nem pol\u00e9mico, mas homens que conhe\u00e7am a pr\u00f3pria religi\u00e3o, que entrem nela, que saibam bem onde se erigem, que saibam o que cr\u00eaem e n\u00e3o cr\u00eaem, que conhe\u00e7am de tal modo o pr\u00f3prio credo que dele prestem contas, que conhe\u00e7am bem a pr\u00f3pria hist\u00f3ria para a poder defender (The Present Position of Catholics in England, IX, 390). \u201d<\/p>\n<p>O Beato John Newman foi um sacerdote anglicano ingl\u00eas convertido ao catolicismo, posteriormente nomeado cardeal pelo Papa Le\u00e3o XIII em 1879. Foi beatificado no dia 19 de setembro de 2010 pelo Papa Bento XVI. Criador da Universidade Cat\u00f3lica na Irlanda e por algum tempo reitor da mesma.<\/p>\n<p>A Beata Maria Theresa Chiramel Mankidiyan, fundadora da Congrega\u00e7\u00e3o das Irm\u00e3s da Sagrada Fam\u00edlia, nascida em Puthenchira (\u00cdndia) a 26 de abril de 1876 e falecida em Kuzhikkattussery (\u00cdndia) a 8 de junho de 1926, ser\u00e1 tamb\u00e9m em breve santa;<\/p>\n<p>Sera Beato o Servo de Deus Salvador Vittorio Emilio Moscoso C\u00e1rdenas, sacerdote professo na Companhia de Jesus, nascido em Cuenca (Equador) a 21 de abril de 1846 e morto, em \u00f3dio \u00e0 f\u00e9, em Riobamba (Equador) a 4 de maio de 1897.<\/p>\n<p><b>Com o reconhecimento das virtudes her\u00f3icas, cinco Servos de Deus tornam-se Vener\u00e1veis:<\/b><\/p>\n<p>&#8211; J\u00f3zsef Mindszenty, cardeal da Santa Igreja Romana, ex arcebispo de Esztergom e Primaz da Hungria; nascido em Csehimindszent (Hungria) a 29 de mar\u00e7o de 1892 e falecido em Viena (\u00c1ustria) a 6 de Maio de 1975;<\/p>\n<p>&#8211; Giovanni Battista Zuaboni, sacerdote diocesano, fundador do Instituto Secular Companhia da Sagrada Fam\u00edlia; nascido em Vestone (It\u00e1lia) a 24 de janeiro de 1880 e falecido em Brescia (It\u00e1lia) a 12 de dezembro de 1939;<\/p>\n<p>&#8211; Emanuele Garc\u00eda Nieto, sacerdote professo da Companhia de Jesus, nascido em Macotera (Espanha) a 5 de abril de 1894 e falecido em Comillas (Espanha) a 13 de abril de 1974;<\/p>\n<p>&#8211; Ir. Serafina Formai (nascida em Letizia), fundadora da Congrega\u00e7\u00e3o das Irm\u00e3s Mission\u00e1rias da Feliz Mensagem; nasceu em Casola Lunigiana (It\u00e1lia) no dia 28 de agosto de 1876 e morreu em Pontremoli (It\u00e1lia) no dia 1\u00ba de junho de 1954;<\/p>\n<p>&#8211; Maria Berenice Duque Hencker (Anna Giulia), fundadora da Congrega\u00e7\u00e3o das Irm\u00e3s da Anuncia\u00e7\u00e3o; nasceu em Salamina (Col\u00f4mbia) a 14 de agosto de 1898 e morreu em Medell\u00edn (Col\u00f4mbia) a 25 de julho de 1993.<\/p>\n<\/div>\n","protected":false},"excerpt":{"rendered":"<p>Ser\u00e3o proclamados Santos o cardeal John Henry Newman e Maria Teresa Chiramel Mankidian, fundadora da Congrega\u00e7\u00e3o das Irm\u00e3s da Sagrada Fam\u00edlia. Ser\u00e1 Beato Vittorio Emilio Moscoso C\u00e1rdenas, sacerdote da Companhia de Jesus, morto por \u00f3dio a f\u00e9 no Equador em 1897. Reconhecidas as virtudes heroicas do cardeal h\u00fangaro J\u00f3zsef Mindszenty, Giovanni Battista Zuaboni, Emanuele Garc\u00eda [&hellip;]<\/p>\n","protected":false},"author":1,"featured_media":47033,"comment_status":"open","ping_status":"closed","sticky":false,"template":"","format":"standard","meta":{"footnotes":""},"categories":[3],"tags":[],"class_list":["post-47031","post","type-post","status-publish","format-standard","has-post-thumbnail","hentry","category-vaticano"],"_links":{"self":[{"href":"https:\/\/catolicanet.net\/wp-cnet\/wp-json\/wp\/v2\/posts\/47031","targetHints":{"allow":["GET"]}}],"collection":[{"href":"https:\/\/catolicanet.net\/wp-cnet\/wp-json\/wp\/v2\/posts"}],"about":[{"href":"https:\/\/catolicanet.net\/wp-cnet\/wp-json\/wp\/v2\/types\/post"}],"author":[{"embeddable":true,"href":"https:\/\/catolicanet.net\/wp-cnet\/wp-json\/wp\/v2\/users\/1"}],"replies":[{"embeddable":true,"href":"https:\/\/catolicanet.net\/wp-cnet\/wp-json\/wp\/v2\/comments?post=47031"}],"version-history":[{"count":1,"href":"https:\/\/catolicanet.net\/wp-cnet\/wp-json\/wp\/v2\/posts\/47031\/revisions"}],"predecessor-version":[{"id":47034,"href":"https:\/\/catolicanet.net\/wp-cnet\/wp-json\/wp\/v2\/posts\/47031\/revisions\/47034"}],"wp:featuredmedia":[{"embeddable":true,"href":"https:\/\/catolicanet.net\/wp-cnet\/wp-json\/wp\/v2\/media\/47033"}],"wp:attachment":[{"href":"https:\/\/catolicanet.net\/wp-cnet\/wp-json\/wp\/v2\/media?parent=47031"}],"wp:term":[{"taxonomy":"category","embeddable":true,"href":"https:\/\/catolicanet.net\/wp-cnet\/wp-json\/wp\/v2\/categories?post=47031"},{"taxonomy":"post_tag","embeddable":true,"href":"https:\/\/catolicanet.net\/wp-cnet\/wp-json\/wp\/v2\/tags?post=47031"}],"curies":[{"name":"wp","href":"https:\/\/api.w.org\/{rel}","templated":true}]}}