{"id":4700,"date":"2014-06-11T13:46:39","date_gmt":"2014-06-11T16:46:39","guid":{"rendered":"http:\/\/catolicanet.net\/wp-cnet\/bem-aventurtados-os-promotores-da-paz\/"},"modified":"2017-04-05T16:58:49","modified_gmt":"2017-04-05T19:58:49","slug":"bem-aventurtados-os-promotores-da-paz","status":"publish","type":"post","link":"https:\/\/catolicanet.net\/wp-cnet\/bem-aventurtados-os-promotores-da-paz\/","title":{"rendered":"Bem aventurtados os promotores da paz!"},"content":{"rendered":"<p style=\"text-align: justify;\">Viver bem neste mundo, na l\u00f3gica do projeto de Deus, quer dizer andar na dire\u00e7\u00e3o do reino, inaugurado por Jesus de Nazar\u00e9, na doa\u00e7\u00e3o de sua pr\u00f3pria vida. Ele n\u00e3o somente despojou-se de tudo, mas se identificou com os sofredores de toda natureza, para com eles caminhar e curar seus males e feridas, restaurando-os e dando-lhes vida digna.\u00a0 O reino continua hoje, com a doa\u00e7\u00e3o daqueles que assumem a mesma causa de Jesus, tornando-se pobres, no mesmo esp\u00edrito do Mestre. Os pensamentos de Dom Helder C\u00e2mara s\u00e3o profundos e como podem ajudar a melhor compreender este contexto, ao afirmar: \u201cCaminhar \u00e9 ir ao encontro de metas. Significa mover-se para ajudar muitos outros a moverem-se, no sentido de tudo fazer para criar um mundo mais justo e humano&#8221;, um mundo marcado por sinais de paz.<br \/>Guardemos no \u00edntimo do cora\u00e7\u00e3o o que disse o Papa Francisco no dia 08\/06\/2014: &#8220;Senhor Deus de Paz, escutai a nossa s\u00faplica! Tentamos tantas vezes e durante tantos anos resolver os nossos conflitos com as nossas for\u00e7as e tamb\u00e9m com as nossas armas; tantos momentos de hostilidade e escurid\u00e3o; tanto sangue derramado; tantas vidas despeda\u00e7adas; tantas esperan\u00e7as sepultadas. Tornai-nos dispon\u00edveis para ouvir o grito dos nossos cidad\u00e3os que nos pedem para transformar as nossas armas em instrumentos de paz, os nossos medos em confian\u00e7a e as nossas tens\u00f5es em perd\u00e3o&#8221;.<br \/>O Evangelho do serm\u00e3o da montanha inicia com a declara\u00e7\u00e3o maravilhosa e solene, proclamada pelo Filho de Deus, na qual o reino de Deus nos \u00e9 anunciado como uma boa not\u00edcia aos pobres, revelando-lhes a paz duradoura, ao ecoar um grito de alegria, feito por Jesus de Nazar\u00e9, pela chegada de novos tempos, ao mesmo tempo, como uma proposta rigorosa e exigente a um estilo de vida, no desprendimento e despojamento: \u201cBem aventurados sereis quando vos caluniarem, quando vos perseguirem e disserem falsamente todo o tipo de mal contra v\u00f3s por causa de mim\u201d (Mt 5, 11).<br \/>Vivemos num mundo em que experimentamos muitos sinais de morte, embora nunca nos acostumando com esta dura realidade de viol\u00eancia, divis\u00e3o e guerras. Como este contexto pesa sobre a humanidade e o Santo Padre, consciente e sens\u00edvel, insiste indizivelmente, ao firmar: &#8220;Este nosso encontro de implora\u00e7\u00e3o da paz para a Terra Santa, o M\u00e9dio Oriente e o mundo inteiro \u00e9 acompanhado pela ora\u00e7\u00e3o de muit\u00edssimas pessoas, pertencentes a diferentes culturas, p\u00e1trias, l\u00ednguas e religi\u00f5es: pessoas que rezaram por este encontro e agora est\u00e3o unidas conosco na mesma invoca\u00e7\u00e3o. \u00c9 um encontro que responde ao ardente desejo de quantos anelam pela paz e sonham um mundo onde os homens e as mulheres possam viver como irm\u00e3os e n\u00e3o como advers\u00e1rios ou como inimigos&#8221;.<br \/>As bem-aventuran\u00e7as querem nos colocar diante das tens\u00f5es e dos desafios. Mas para n\u00f3s, pessoas de f\u00e9, de maneira alguma, as situa\u00e7\u00f5es duras e sinais de morte nos apontam para o fim. O Deus que enviou o seu Filho Jesus e o ressuscitou, nos ensina a viver bem aqui na terra, com os p\u00e9s firmes no ch\u00e3o, e assim, sonhando com a gl\u00f3ria futura. \u201cAlegrai-vos e exultai, porque ser\u00e1 grande a vossa recompensa nos c\u00e9us\u201d (Mt 5, 12). <br \/>Quando a injusti\u00e7a e tudo aquilo que gera aus\u00eancia de paz, surpreendendo-nos e deixando nosso cora\u00e7\u00e3o marcado pela dor e sofrimento, pe\u00e7amos que a tristeza se transforme em alegria e esperan\u00e7a, certos de que o crit\u00e9rio para o nosso julgamento e o da hist\u00f3ria \u00e9 a pr\u00e1tica da justi\u00e7a e da paz. Somos, portanto, desafiados a colocar a nossa pr\u00f3pria vida diante do projeto de Deus, no amor que se traduz em justi\u00e7a, verdade e paz. \u00c9 deste modo que, a piedade divina se transforma em miseric\u00f3rdia e generosidade, como diz t\u00e3o bem o Profeta Os\u00e9ias: \u201cQuero miseric\u00f3rdia e n\u00e3o sacrif\u00edcio\u201d (Os, 6, 6).<br \/>Jesus nos promete e nos assegura a felicidade, n\u00e3o apenas num futuro longe e distante, l\u00e1 no c\u00e9u, na eternidade, mas j\u00e1 aqui na terra. A vontade de Deus \u00e9 que o seu reino se concretize neste mundo, atrav\u00e9s da pessoa humana, no seu seguimento. Todo aquele que deseja e tem como sonho maior o reino de Deus, precisa experimentar a alegria da transforma\u00e7\u00e3o interior, no uso dos bens propostos pelo mundo, mas imbu\u00eddos de sabedoria, num grande desejo de abra\u00e7ar os bens que s\u00e3o eternos, que n\u00e3o passam, tendo nos olhos, na mente e cora\u00e7\u00e3o a promessa do Filho de Deus, na busca da paz, que \u00e9 sua pr\u00f3pria felicidade. \u201cBem aventurados os promotores da paz, porque ser\u00e3o chamados filhos de Deus\u201d (Mt 5,9). Assim seja!<\/p>\n","protected":false},"excerpt":{"rendered":"<p>Viver bem neste mundo, na l\u00f3gica do projeto de Deus, quer dizer andar na dire\u00e7\u00e3o do reino, inaugurado por Jesus de Nazar\u00e9, na doa\u00e7\u00e3o de sua pr\u00f3pria vida. Ele n\u00e3o somente despojou-se de tudo, mas se identificou com os sofredores de toda natureza, para com eles caminhar e curar seus males e feridas, restaurando-os e [&hellip;]<\/p>\n","protected":false},"author":6,"featured_media":0,"comment_status":"closed","ping_status":"closed","sticky":false,"template":"","format":"standard","meta":{"footnotes":""},"categories":[9],"tags":[],"class_list":["post-4700","post","type-post","status-publish","format-standard","hentry","category-artigos"],"_links":{"self":[{"href":"https:\/\/catolicanet.net\/wp-cnet\/wp-json\/wp\/v2\/posts\/4700","targetHints":{"allow":["GET"]}}],"collection":[{"href":"https:\/\/catolicanet.net\/wp-cnet\/wp-json\/wp\/v2\/posts"}],"about":[{"href":"https:\/\/catolicanet.net\/wp-cnet\/wp-json\/wp\/v2\/types\/post"}],"author":[{"embeddable":true,"href":"https:\/\/catolicanet.net\/wp-cnet\/wp-json\/wp\/v2\/users\/6"}],"replies":[{"embeddable":true,"href":"https:\/\/catolicanet.net\/wp-cnet\/wp-json\/wp\/v2\/comments?post=4700"}],"version-history":[{"count":1,"href":"https:\/\/catolicanet.net\/wp-cnet\/wp-json\/wp\/v2\/posts\/4700\/revisions"}],"predecessor-version":[{"id":9650,"href":"https:\/\/catolicanet.net\/wp-cnet\/wp-json\/wp\/v2\/posts\/4700\/revisions\/9650"}],"wp:attachment":[{"href":"https:\/\/catolicanet.net\/wp-cnet\/wp-json\/wp\/v2\/media?parent=4700"}],"wp:term":[{"taxonomy":"category","embeddable":true,"href":"https:\/\/catolicanet.net\/wp-cnet\/wp-json\/wp\/v2\/categories?post=4700"},{"taxonomy":"post_tag","embeddable":true,"href":"https:\/\/catolicanet.net\/wp-cnet\/wp-json\/wp\/v2\/tags?post=4700"}],"curies":[{"name":"wp","href":"https:\/\/api.w.org\/{rel}","templated":true}]}}