{"id":4696,"date":"2014-06-09T13:27:36","date_gmt":"2014-06-09T16:27:36","guid":{"rendered":"http:\/\/catolicanet.net\/wp-cnet\/papa-cristianismo-nao-deve-ser-pensado-mas-colocado-em-pratica\/"},"modified":"2017-04-05T14:18:17","modified_gmt":"2017-04-05T17:18:17","slug":"papa-cristianismo-nao-deve-ser-pensado-mas-colocado-em-pratica","status":"publish","type":"post","link":"https:\/\/catolicanet.net\/wp-cnet\/papa-cristianismo-nao-deve-ser-pensado-mas-colocado-em-pratica\/","title":{"rendered":"Papa: Cristianismo n\u00e3o deve ser pensado, mas colocado em pr\u00e1tica"},"content":{"rendered":"<p style=\"text-align: justify;\">As Bem-aventuran\u00e7as s\u00e3o o programa de vida do crist\u00e3o. Foi o que afirmou o Papa Francisco na missa nesta manh\u00e3 na Casa Santa Marta, comentando o Evangelho do dia.<\/p>\n<p>\u201cSe algum de n\u00f3s \u2013 afirmou \u2013 faz a pergunta: \u2018Como se faz para se tornar um bom crist\u00e3o?\u2019\u201d, aqui encontramos a resposta de Jesus, que nos indica coisas \u201cmuito contracorrente\u201d em rela\u00e7\u00e3o ao que habitualmente \u201cse faz no mundo\u201d. Bem-aventurados os pobres em esp\u00edrito. \u201cAs riquezas \u2013 advertiu \u2013 n\u00e3o garantem nada. Quando o cora\u00e7\u00e3o \u00e9 t\u00e3o satisfeito de si mesmo, n\u00e3o tem lugar para a Palavra de Deus:<\/p>\n<p>O mundo nos diz: a alegria, a felicidade, a divers\u00e3o, este \u00e9 o belo da vida. E ignora, olha para o outro lado quando existem problemas de doen\u00e7a, de dor na fam\u00edlia. O mundo n\u00e3o quer chorar, prefere ignorar as situa\u00e7\u00f5es dolorosas, encobri-las. Somente a pessoa que v\u00ea as coisas como s\u00e3o, e chora no seu cora\u00e7\u00e3o, \u00e9 feliz e ser\u00e1 consolada. A consola\u00e7\u00e3o de Jesus, n\u00e3o a do mundo. Bem-aventurados os mansos neste mundo que, desde o in\u00edcio, \u00e9 um mundo de guerras, um mundo onde h\u00e1 desaven\u00e7as em todos os lugares, onde h\u00e1 \u00f3dio. E Jesus diz: nada de guerras, nada de \u00f3dio. Paz e mansid\u00e3o.<\/p>\n<p>Se sou manso na minha vida, disse o Papa, \u201cpensar\u00e3o que sou tolo\u201d. Podem at\u00e9 pensar, prosseguiu Francisco, \u201cmas se trata de ser manso, porque com esta mansid\u00e3o receber\u00e1 a Terra como heran\u00e7a. Bem-aventurados os que t\u00eam fome e sede de justi\u00e7a, bem-aventurados os que \u201clutam pela justi\u00e7a, para que haja justi\u00e7a no mundo\u201d. \u201c\u00c9 t\u00e3o f\u00e1cil \u2013 advertiu \u2013 entrar nas redes da corrup\u00e7\u00e3o, daquela politica cotidiana de que tudo \u00e9 neg\u00f3cio\u201d. E \u201cquantas injusti\u00e7as, quantas pessoas que sofrem por causa disso. E Jesus diz: \u201cS\u00e3o bem-aventurados os que lutam contra essas injusti\u00e7as\u201d. Bem-aventurados os misericordiosos, porque encontrar\u00e3o miseric\u00f3rdia. Jesus, observou Francisco, n\u00e3o diz \u201cbem-aventurados os que se vingam\u201d:<\/p>\n<p>Bem-aventurados os que perdoam, misericordiosos. Porque todos n\u00f3s somos um ex\u00e9rcito de perdoados! Todos n\u00f3s fomos perdoados. E por isso \u00e9 bem-aventurado quem empreende esta estrada do perd\u00e3o. Bem-aventurados os puros de cora\u00e7\u00e3o, que t\u00eam um cora\u00e7\u00e3o simples, puro, sem sujeira, um cora\u00e7\u00e3o que sabe amar com aquela pureza t\u00e3o bela. Bem-aventurados os que promovem a paz. Mas \u00e9 t\u00e3o comum aqui ser agentes de guerras ou pelo menos agentes de mal-entendidos! Quando eu ou\u00e7o algo de algu\u00e9m e conto a outra pessoa, tamb\u00e9m fa\u00e7o uma segunda edi\u00e7\u00e3o um pouco mais longa e a refiro \u2026 O mundo das intrigas. Essas pessoas que comentam, n\u00e3o fazem paz, s\u00e3o inimigas da paz. N\u00e3o s\u00e3o bem-aventuradas.<\/p>\n<p>Bem-aventurados os perseguidos por causa da justi\u00e7a. Quantas pessoas, constatou o Pont\u00edfice, \u201cs\u00e3o perseguidas, foram perseguidas simplesmente por terem lutado pela justi\u00e7a\u201d. As Bem-aventuran\u00e7as s\u00e3o o programa de vida que Jesus nos prop\u00f5e, t\u00e3o simples, mas t\u00e3o dif\u00edcil. Se quisermos algo mais, Jesus nos d\u00e1 tamb\u00e9m outras indica\u00e7\u00f5es\u201d, como aquele \u201cprotocolo sobre o qual n\u00f3s seremos julgados\u201d no cap\u00edtulo 25 do Evangelho de Mateus: \u201cTive fome e me destes de comer, tive sede e me destes de beber, estive doente e me visitastes, preso e viestes me ver\u201d. Com essas duas coisas \u2013 Bem-aventuran\u00e7as e Mateus 25 \u2013 \u201cse pode viver a vida crist\u00e3 no n\u00edvel da santidade\u201d:<\/p>\n<p>Poucas palavras, palavras simples, mas pr\u00e1ticas a todos, porque o cristianismo \u00e9 uma religi\u00e3o pr\u00e1tica: n\u00e3o \u00e9 para pensar, \u00e9 para ser praticada. Hoje, se tiverem tempo, em casa peguem o Evangelho de Mateus, cap\u00edtulo quinto no in\u00edcio est\u00e3o as bem-aventuran\u00e7as. E lhes far\u00e1 bem ler uma vez, duas, tr\u00eas vezes. Ler este que \u00e9 o programa de santidade. Que o Senhor nos d\u00ea a gra\u00e7a de entender esta mensagem.<\/p>\n<p>Fonte: R\u00e1dio Vaticano<br \/>Local: Cidade do Vaticano<\/p>\n","protected":false},"excerpt":{"rendered":"<p>As Bem-aventuran\u00e7as s\u00e3o o programa de vida do crist\u00e3o. Foi o que afirmou o Papa Francisco na missa nesta manh\u00e3 na Casa Santa Marta, comentando o Evangelho do dia. \u201cSe algum de n\u00f3s \u2013 afirmou \u2013 faz a pergunta: \u2018Como se faz para se tornar um bom crist\u00e3o?\u2019\u201d, aqui encontramos a resposta de Jesus, que [&hellip;]<\/p>\n","protected":false},"author":1,"featured_media":0,"comment_status":"closed","ping_status":"closed","sticky":false,"template":"","format":"standard","meta":{"footnotes":""},"categories":[4],"tags":[],"class_list":["post-4696","post","type-post","status-publish","format-standard","hentry","category-cotidiano"],"_links":{"self":[{"href":"https:\/\/catolicanet.net\/wp-cnet\/wp-json\/wp\/v2\/posts\/4696","targetHints":{"allow":["GET"]}}],"collection":[{"href":"https:\/\/catolicanet.net\/wp-cnet\/wp-json\/wp\/v2\/posts"}],"about":[{"href":"https:\/\/catolicanet.net\/wp-cnet\/wp-json\/wp\/v2\/types\/post"}],"author":[{"embeddable":true,"href":"https:\/\/catolicanet.net\/wp-cnet\/wp-json\/wp\/v2\/users\/1"}],"replies":[{"embeddable":true,"href":"https:\/\/catolicanet.net\/wp-cnet\/wp-json\/wp\/v2\/comments?post=4696"}],"version-history":[{"count":1,"href":"https:\/\/catolicanet.net\/wp-cnet\/wp-json\/wp\/v2\/posts\/4696\/revisions"}],"predecessor-version":[{"id":9501,"href":"https:\/\/catolicanet.net\/wp-cnet\/wp-json\/wp\/v2\/posts\/4696\/revisions\/9501"}],"wp:attachment":[{"href":"https:\/\/catolicanet.net\/wp-cnet\/wp-json\/wp\/v2\/media?parent=4696"}],"wp:term":[{"taxonomy":"category","embeddable":true,"href":"https:\/\/catolicanet.net\/wp-cnet\/wp-json\/wp\/v2\/categories?post=4696"},{"taxonomy":"post_tag","embeddable":true,"href":"https:\/\/catolicanet.net\/wp-cnet\/wp-json\/wp\/v2\/tags?post=4696"}],"curies":[{"name":"wp","href":"https:\/\/api.w.org\/{rel}","templated":true}]}}