{"id":46953,"date":"2019-02-12T08:20:13","date_gmt":"2019-02-12T10:20:13","guid":{"rendered":"http:\/\/catolicanet.net\/wp-cnet\/?p=46953"},"modified":"2019-02-12T08:20:13","modified_gmt":"2019-02-12T10:20:13","slug":"missionarios-que-atuaram-na-africa-partilham-experiencia-no-comire","status":"publish","type":"post","link":"https:\/\/catolicanet.net\/wp-cnet\/missionarios-que-atuaram-na-africa-partilham-experiencia-no-comire\/","title":{"rendered":"Mission\u00e1rios que atuaram na \u00c1frica partilham experi\u00eancia no Comire"},"content":{"rendered":"<p>Tr\u00eas dos mission\u00e1rios que estiveram na miss\u00e3o cat\u00f3lica S\u00e3o Paulo VI, na Guin\u00e9 Bissau, estiveram reunidos com o Conselho Mission\u00e1rio Regional (Comire) Sul 2, no dia 8 de fevereiro, em Curitiba (PA), para pensar os pr\u00f3ximos passos da miss\u00e3o no continente africano. No encontro, foi poss\u00edvel aos mission\u00e1rios partilhar um pouco da experi\u00eancia que tiveram no \u201cper\u00edodo intenso de miss\u00e3o\u201d como a acolhida da fam\u00edlia e da comunidade.<\/p>\n<p>Participaram da reuni\u00e3o o bispo de Ponta Grossa (PR) e referencial para a dimens\u00e3o mission\u00e1ria, dom S\u00e9rgio Arthur Braschi; o secret\u00e1rio executivo do regional Sul 2 da Confer\u00eancia Nacional dos Bispos do Brasil (CNBB), padre Valdecir Badzinski; e o coordenador do Comire, Odaril Jos\u00e9 da Rosa; e os mission\u00e1rios di\u00e1cono Pedro Lang, que esteve na miss\u00e3o por quatro anos; Samara Ta\u00edza, que esteve por dois anos; e o padre Ivan Luiz Walter, que esteve por um ano e meio.<\/p>\n<p><a href=\"https:\/\/cnbbs2.org.br\/2019\/02\/reuniao-do-comire-com-missionarios-que-retornaram-da-missao-na-africa\/\">Leia a not\u00edcia na \u00edntegra.<\/a><\/p>\n<blockquote class=\"wp-embedded-content\"><p><a href=\"https:\/\/cnbbs2.org.br\/2019\/02\/reuniao-do-comire-com-missionarios-que-retornaram-da-missao-na-africa\/\">Reuni\u00e3o do COMIRE com mission\u00e1rios que retornaram da Miss\u00e3o na \u00c1frica<\/a><\/p><\/blockquote>\n","protected":false},"excerpt":{"rendered":"<p>Tr\u00eas dos mission\u00e1rios que estiveram na miss\u00e3o cat\u00f3lica S\u00e3o Paulo VI, na Guin\u00e9 Bissau, estiveram reunidos com o Conselho Mission\u00e1rio Regional (Comire) Sul 2, no dia 8 de fevereiro, em Curitiba (PA), para pensar os pr\u00f3ximos passos da miss\u00e3o no continente africano. No encontro, foi poss\u00edvel aos mission\u00e1rios partilhar um pouco da experi\u00eancia que tiveram [&hellip;]<\/p>\n","protected":false},"author":1,"featured_media":46955,"comment_status":"open","ping_status":"closed","sticky":false,"template":"","format":"standard","meta":{"footnotes":""},"categories":[7],"tags":[],"class_list":["post-46953","post","type-post","status-publish","format-standard","has-post-thumbnail","hentry","category-cnbb"],"_links":{"self":[{"href":"https:\/\/catolicanet.net\/wp-cnet\/wp-json\/wp\/v2\/posts\/46953","targetHints":{"allow":["GET"]}}],"collection":[{"href":"https:\/\/catolicanet.net\/wp-cnet\/wp-json\/wp\/v2\/posts"}],"about":[{"href":"https:\/\/catolicanet.net\/wp-cnet\/wp-json\/wp\/v2\/types\/post"}],"author":[{"embeddable":true,"href":"https:\/\/catolicanet.net\/wp-cnet\/wp-json\/wp\/v2\/users\/1"}],"replies":[{"embeddable":true,"href":"https:\/\/catolicanet.net\/wp-cnet\/wp-json\/wp\/v2\/comments?post=46953"}],"version-history":[{"count":1,"href":"https:\/\/catolicanet.net\/wp-cnet\/wp-json\/wp\/v2\/posts\/46953\/revisions"}],"predecessor-version":[{"id":46956,"href":"https:\/\/catolicanet.net\/wp-cnet\/wp-json\/wp\/v2\/posts\/46953\/revisions\/46956"}],"wp:featuredmedia":[{"embeddable":true,"href":"https:\/\/catolicanet.net\/wp-cnet\/wp-json\/wp\/v2\/media\/46955"}],"wp:attachment":[{"href":"https:\/\/catolicanet.net\/wp-cnet\/wp-json\/wp\/v2\/media?parent=46953"}],"wp:term":[{"taxonomy":"category","embeddable":true,"href":"https:\/\/catolicanet.net\/wp-cnet\/wp-json\/wp\/v2\/categories?post=46953"},{"taxonomy":"post_tag","embeddable":true,"href":"https:\/\/catolicanet.net\/wp-cnet\/wp-json\/wp\/v2\/tags?post=46953"}],"curies":[{"name":"wp","href":"https:\/\/api.w.org\/{rel}","templated":true}]}}