{"id":46942,"date":"2019-02-11T11:41:11","date_gmt":"2019-02-11T13:41:11","guid":{"rendered":"http:\/\/catolicanet.net\/wp-cnet\/?p=46942"},"modified":"2019-02-11T11:43:04","modified_gmt":"2019-02-11T13:43:04","slug":"vocacao-de-pescadores-de-homens","status":"publish","type":"post","link":"https:\/\/catolicanet.net\/wp-cnet\/vocacao-de-pescadores-de-homens\/","title":{"rendered":"Voca\u00e7\u00e3o de pescadores de homens"},"content":{"rendered":"<p>Na liturgia do 5\u00b0 Domingo do Tempo Comum vemos a voca\u00e7\u00e3o de tr\u00eas figuras singulares da hist\u00f3ria do povo de Deus: Isa\u00edas, Pedro e Paulo. Deus os chama, mas antes de confiar a miss\u00e3o inerente ao chamado, de um modo terno e af\u00e1vel, se revela e se d\u00e1 a conhecer. Qu\u00e3o maravilhoso \u00e9 o profeta Isa\u00edas! Em seu inaudito testemunho, ele afirma: &#8220;&#8230;Vi o Senhor sentado num trono de grande altura&#8230;&#8221;, com serafins prostrados diante de Deus em adora\u00e7\u00e3o e cantando: \u201cSanto, santo, santo \u00e9 o Senhor dos ex\u00e9rcitos\u201d. E, diante da incalcul\u00e1vel grandeza e santidade, acha-se pecador e indigno, ao presenciar o pr\u00f3prio Deus, mas uma voz forte lhe fala: \u201cQuem enviarei? Quem ir\u00e1 por n\u00f3s?\u201d. Nota-se um Isa\u00edas vencido por Deus, respondendo num instante: \u201cEis-me aqui! Envia-me\u201d (cf. Is 8).<\/p>\n<p>Jesus de Nazar\u00e9 dirige seu primeiro chamado a Pedro e seus companheiros de pescaria, uma vez que, at\u00e9 aquele momento, contava com eles, mas n\u00e3o como disc\u00edpulos ass\u00edduos ao projeto salv\u00edfico do Pai. A partir do momento em que eles descobrem a verdade absoluta de Jesus, no poder de suas palavras e na milagrosa pesca, a\u00ed, sim, ficam conscientes e dispostos para seguir o Mestre mais de perto, na tarefa de evangelizar e na palavra incisiva de Jesus: &#8220;De hoje em diante tu ser\u00e1s pescador de homens\u201d (Lc 5, 10). Esse seguimento \u00e9 o do desprendimento, da ren\u00fancia, acompanhado da liberdade interior, pela qual todos s\u00e3o convidados a se disporem a deixar aquilo que for incompat\u00edvel com a proposta do Senhor Jesus, tamb\u00e9m reconduzindo suas barcas para a praia, comprometidos com seu seguimento.<\/p>\n<p>Paulo fala de sua voca\u00e7\u00e3o de arauto do Evangelho, no mist\u00e9rio de Cristo, ao se revelar e se dar a conhecer no caminho e nas areias sagradas de Damasco. Pela sua atitude de humilde disponibilidade, ficou de tal modo humilhado que durante toda a sua vida se considera, n\u00e3o s\u00f3 como o menor dos ap\u00f3stolos, mas como um abortivo. Oferece aos seguidores de Jesus uma resposta generosa, com seu testemunho: \u201c\u00c9 pela gra\u00e7a de Deus que eu sou o que sou\u201d (1 Cor 15, 10). A n\u00f3s, Igreja, comunidade dos batizados espalhada por todo o Brasil, eles querem recordar que a vida \u00e9 voca\u00e7\u00e3o: da parte de Deus, um chamado; da dos seguidores de Jesus de Nazar\u00e9, uma resposta. N\u00e3o prescindir da disposi\u00e7\u00e3o, na confian\u00e7a de resgatar o Evangelho de Jesus, for\u00e7a necess\u00e1ria para gerar f\u00e9 e esperan\u00e7a \u00e0s pessoas do nosso tempo.<\/p>\n<p>Quando Deus vem ao nosso encontro e nos chama, quer que tenhamos bem claro, no exemplo acima, que nossa indignidade e nossa limita\u00e7\u00e3o n\u00e3o devem ser pretextos para n\u00e3o aceitar o amoroso convite de Deus, que nos criou para a grande miss\u00e3o de amor, e que nos ajuda na misteriosa compreens\u00e3o, como no dizer de Santo Ambr\u00f3sio: \u201cAqueles que nada tinham logrado, logo pescam uma grande quantidade de peixes em virtude da Vossa Palavra, Senhor, n\u00e3o sendo resultado da eloqu\u00eancia dos homens, mas efeito do chamado celestial&#8221;. Am\u00e9m!<\/p>\n","protected":false},"excerpt":{"rendered":"<p>Na liturgia do 5\u00b0 Domingo do Tempo Comum vemos a voca\u00e7\u00e3o de tr\u00eas figuras singulares da hist\u00f3ria do povo de Deus: Isa\u00edas, Pedro e Paulo. Deus os chama, mas antes de confiar a miss\u00e3o inerente ao chamado, de um modo terno e af\u00e1vel, se revela e se d\u00e1 a conhecer. Qu\u00e3o maravilhoso \u00e9 o profeta [&hellip;]<\/p>\n","protected":false},"author":6,"featured_media":32779,"comment_status":"open","ping_status":"closed","sticky":false,"template":"","format":"standard","meta":{"footnotes":""},"categories":[9],"tags":[],"class_list":["post-46942","post","type-post","status-publish","format-standard","has-post-thumbnail","hentry","category-artigos"],"_links":{"self":[{"href":"https:\/\/catolicanet.net\/wp-cnet\/wp-json\/wp\/v2\/posts\/46942","targetHints":{"allow":["GET"]}}],"collection":[{"href":"https:\/\/catolicanet.net\/wp-cnet\/wp-json\/wp\/v2\/posts"}],"about":[{"href":"https:\/\/catolicanet.net\/wp-cnet\/wp-json\/wp\/v2\/types\/post"}],"author":[{"embeddable":true,"href":"https:\/\/catolicanet.net\/wp-cnet\/wp-json\/wp\/v2\/users\/6"}],"replies":[{"embeddable":true,"href":"https:\/\/catolicanet.net\/wp-cnet\/wp-json\/wp\/v2\/comments?post=46942"}],"version-history":[{"count":1,"href":"https:\/\/catolicanet.net\/wp-cnet\/wp-json\/wp\/v2\/posts\/46942\/revisions"}],"predecessor-version":[{"id":46943,"href":"https:\/\/catolicanet.net\/wp-cnet\/wp-json\/wp\/v2\/posts\/46942\/revisions\/46943"}],"wp:featuredmedia":[{"embeddable":true,"href":"https:\/\/catolicanet.net\/wp-cnet\/wp-json\/wp\/v2\/media\/32779"}],"wp:attachment":[{"href":"https:\/\/catolicanet.net\/wp-cnet\/wp-json\/wp\/v2\/media?parent=46942"}],"wp:term":[{"taxonomy":"category","embeddable":true,"href":"https:\/\/catolicanet.net\/wp-cnet\/wp-json\/wp\/v2\/categories?post=46942"},{"taxonomy":"post_tag","embeddable":true,"href":"https:\/\/catolicanet.net\/wp-cnet\/wp-json\/wp\/v2\/tags?post=46942"}],"curies":[{"name":"wp","href":"https:\/\/api.w.org\/{rel}","templated":true}]}}