{"id":46924,"date":"2019-02-08T15:58:24","date_gmt":"2019-02-08T17:58:24","guid":{"rendered":"http:\/\/catolicanet.net\/wp-cnet\/?p=46924"},"modified":"2019-02-08T15:58:24","modified_gmt":"2019-02-08T17:58:24","slug":"museu-dos-emirados-papa-inaugura-estatua-de-cristo-e-algumas-paginas-do-alcorao-azul","status":"publish","type":"post","link":"https:\/\/catolicanet.net\/wp-cnet\/museu-dos-emirados-papa-inaugura-estatua-de-cristo-e-algumas-paginas-do-alcorao-azul\/","title":{"rendered":"Museu dos Emirados: Papa inaugura est\u00e1tua de Cristo e algumas p\u00e1ginas do Alcor\u00e3o Azul"},"content":{"rendered":"<div class=\"article__subTitle\">O Papa Francisco inaugurou duas novas significativas obras que far\u00e3o parte do Louvre de Abu Dhabi e do Museu Nacional Zayed durante a sua hist\u00f3rica viagem aos Emirados \u00c1rabes Unidos<\/div>\n<div class=\"title__separator\"><\/div>\n<div class=\"article__text\">\n<p><b>Cidade do Vaticano<\/b><\/p>\n<p>Durante a viagem apost\u00f3lica aos Emirados \u00c1rabes Unidos, o<b> Papa Francisco<\/b> inaugurou duas obras religiosas que s\u00e3o importantes emblemas para a f\u00e9 cat\u00f3lica e mu\u00e7ulmana e que far\u00e3o parte do Louvre de Abu Dhabi e do Museu Nacional Zayed. A apresenta\u00e7\u00e3o foi realizada na segunda-feira (04\/02) com a presen\u00e7a do <b>Xeque Sheikh Mohammed bin Zayed Al Nahyan<\/b>, pr\u00edncipe herdeiro de Abu Dhabi e vice-comandante das For\u00e7as Armadas.<\/p>\n<div>\n<div class=\"article__embed article__embed--unwrap article__embed--dark\">\n<div class=\"article__innerTitle\">Ou\u00e7a e compartilhe<\/div>\n<!--[if lt IE 9]><script>document.createElement('audio');<\/script><![endif]-->\n<audio class=\"wp-audio-shortcode\" id=\"audio-46924-1\" preload=\"none\" style=\"width: 100%;\" controls=\"controls\"><source type=\"audio\/mpeg\" src=\"https:\/\/media.vaticannews.va\/media\/audio\/s1\/2019\/02\/08\/10\/134862494_F134862494.mp3?_=1\" \/><a href=\"https:\/\/media.vaticannews.va\/media\/audio\/s1\/2019\/02\/08\/10\/134862494_F134862494.mp3\">https:\/\/media.vaticannews.va\/media\/audio\/s1\/2019\/02\/08\/10\/134862494_F134862494.mp3<\/a><\/audio>\n<\/div>\n<\/div>\n<h2><b>A est\u00e1tua de Cristo sofredor do s\u00e9culo XVI<\/b><\/h2>\n<p>A primeira obra, intitulada \u201cCristo mostra suas feridas\u201d, aumenta o n\u00edvel de qualidade da cole\u00e7\u00e3o permanente do Louvre Abu Dhabi. A escultura em madeira do s\u00e9culo XVI, proveniente da Alemanha ou da \u00c1ustria, \u00e9 uma est\u00e1tua de tamanho natural de Cristo, representado com uma coroa de espinhos e com as feridas abertas. Esculpida no per\u00edodo de arte g\u00f3tica tardia, a obra \u00e9 uma express\u00e3o art\u00edstica da f\u00e9 crist\u00e3.<\/p>\n<h2><b>Quatro p\u00e1ginas do manuscrito do Alcor\u00e3o Azul<\/b><\/h2>\n<p>A segunda pe\u00e7a, s\u00e3o quatro p\u00e1ginas do famoso manuscrito do Alcor\u00e3o Azul datado 800-1000 d.C., ser\u00e1 exposto no Louvre Abu Dhabi como empr\u00e9stimo privado da cole\u00e7\u00e3o do Museu Nacional Zayed. O Alcor\u00e3o Azul \u00e9 caracterizado por ter sido escrito a ouro em caligrafia c\u00fafica, e decorado com prata sobre papel velino colorido com \u00edndigo. Os preciosos materiais usados indicam que teria sido encomendado por um rico mecenas.<\/p>\n<h2><b>Duas obras de f\u00e9 diferentes para refor\u00e7ar o tema da Fraternidade<\/b><\/h2>\n<p>Mohammed Khalifa Al Mubarak, chefe do Departamento de Cultura e Turismo dos Emirados, destacou que as novas obras reafirmam o di\u00e1logo aberto promovido pelo Estado e comentou: \u201cPara Abu Dhabi foi uma grande honra organizar a Confer\u00eancia da Fraternidade Humana com a presen\u00e7a dos dois maiores l\u00edderes espirituais do mundo, <b>Papa Francisco<\/b> e o <b>Gr\u00e3o Imame de Al-Azhar, Ahmed Al-Tayeb<\/b>. A apresenta\u00e7\u00e3o destas duas obras raras, cada uma delas representando a sua f\u00e9, serviu para refor\u00e7ar o tema da Confer\u00eancia, ou seja que a abertura e o di\u00e1logo cultural s\u00e3o instrumentos essenciais para construir rela\u00e7\u00f5es interculturais e inter-religiosas positivas\u201d.<\/p>\n<h2><b>As duas obras raras enriquecem as cole\u00e7\u00f5es dos dois museus internacionais<\/b><\/h2>\n<p>O Louvre Abu Dhabi inaugurado h\u00e1 um ano,\u00a0 j\u00e1 recebeu mais de um milh\u00e3o de visitantes, com uma cole\u00e7\u00e3o que narra a universalidade da humanidade, enquanto que o Museu Nacional Zayed continua a implementar a sua cole\u00e7\u00e3o de obras de arte de n\u00edvel mundial que refletem o rico patrim\u00f4nio dos Emirados \u00c1rabes Unidos e assim como do mundo \u00e1rabe isl\u00e2mico.<\/p>\n<p>&nbsp;<\/p>\n<\/div>\n","protected":false},"excerpt":{"rendered":"<p>O Papa Francisco inaugurou duas novas significativas obras que far\u00e3o parte do Louvre de Abu Dhabi e do Museu Nacional Zayed durante a sua hist\u00f3rica viagem aos Emirados \u00c1rabes Unidos Cidade do Vaticano Durante a viagem apost\u00f3lica aos Emirados \u00c1rabes Unidos, o Papa Francisco inaugurou duas obras religiosas que s\u00e3o importantes emblemas para a f\u00e9 [&hellip;]<\/p>\n","protected":false},"author":1,"featured_media":46925,"comment_status":"open","ping_status":"closed","sticky":false,"template":"","format":"standard","meta":{"footnotes":""},"categories":[3],"tags":[],"class_list":["post-46924","post","type-post","status-publish","format-standard","has-post-thumbnail","hentry","category-vaticano"],"_links":{"self":[{"href":"https:\/\/catolicanet.net\/wp-cnet\/wp-json\/wp\/v2\/posts\/46924","targetHints":{"allow":["GET"]}}],"collection":[{"href":"https:\/\/catolicanet.net\/wp-cnet\/wp-json\/wp\/v2\/posts"}],"about":[{"href":"https:\/\/catolicanet.net\/wp-cnet\/wp-json\/wp\/v2\/types\/post"}],"author":[{"embeddable":true,"href":"https:\/\/catolicanet.net\/wp-cnet\/wp-json\/wp\/v2\/users\/1"}],"replies":[{"embeddable":true,"href":"https:\/\/catolicanet.net\/wp-cnet\/wp-json\/wp\/v2\/comments?post=46924"}],"version-history":[{"count":1,"href":"https:\/\/catolicanet.net\/wp-cnet\/wp-json\/wp\/v2\/posts\/46924\/revisions"}],"predecessor-version":[{"id":46926,"href":"https:\/\/catolicanet.net\/wp-cnet\/wp-json\/wp\/v2\/posts\/46924\/revisions\/46926"}],"wp:featuredmedia":[{"embeddable":true,"href":"https:\/\/catolicanet.net\/wp-cnet\/wp-json\/wp\/v2\/media\/46925"}],"wp:attachment":[{"href":"https:\/\/catolicanet.net\/wp-cnet\/wp-json\/wp\/v2\/media?parent=46924"}],"wp:term":[{"taxonomy":"category","embeddable":true,"href":"https:\/\/catolicanet.net\/wp-cnet\/wp-json\/wp\/v2\/categories?post=46924"},{"taxonomy":"post_tag","embeddable":true,"href":"https:\/\/catolicanet.net\/wp-cnet\/wp-json\/wp\/v2\/tags?post=46924"}],"curies":[{"name":"wp","href":"https:\/\/api.w.org\/{rel}","templated":true}]}}