{"id":4692,"date":"2014-06-06T16:23:34","date_gmt":"2014-06-06T19:23:34","guid":{"rendered":"http:\/\/catolicanet.net\/wp-cnet\/papa-francisco-rezem-comigo-pela-paz\/"},"modified":"2017-04-05T14:20:20","modified_gmt":"2017-04-05T17:20:20","slug":"papa-francisco-rezem-comigo-pela-paz","status":"publish","type":"post","link":"https:\/\/catolicanet.net\/wp-cnet\/papa-francisco-rezem-comigo-pela-paz\/","title":{"rendered":"Papa Francisco: Rezem comigo pela paz"},"content":{"rendered":"<p style=\"text-align: justify;\">\n<p><strong>&#8220;Ofere\u00e7o a minha casa no Vaticano para hospedar este encontro de ora\u00e7\u00e3o&#8221;, disse o Santo Padre<br \/><\/strong><\/p>\n<p><img decoding=\"async\" src=\"http:\/\/catolicanet.com.br\/images\/stories\/papas\/papaf.jpg\" border=\"0\" align=\"left\" \/>O briefing desta manh\u00e3 na Sala de Imprensa da Santa S\u00e9 teve como tema a iniciativa \u201cInvoca\u00e7\u00e3o da Paz\u201d, para a qual o Papa Francisco ofereceu o Vaticano, convidando os presidentes Shimon Peres e Mahmoud Abbas para juntos invocarem a paz. O evento acontecer\u00e1 na tarde do pr\u00f3ximo domingo, 8 de junho. <\/p>\n<p>Durante a viagem \u00e0 Terra Santa, o Papa fez o seguinte convite: \u201cDesejo fazer um convite a Vossa Excel\u00eancia, Senhor Presidente, e ao Senhor Presidente Mahmoud Abbas para elevarem, juntamente comigo, uma intensa ora\u00e7\u00e3o, implorando de Deus o dom da paz. Ofere\u00e7o a minha casa, no Vaticano, para hospedar este encontro de ora\u00e7\u00e3o. Todos desejamos a paz; tantas pessoas a constroem dia a dia com pequenos gestos; muitos sofrem e suportam pacientemente a fadiga de tantas tentativas para a construir. E todos \u2013 especialmente aqueles que est\u00e3o colocados ao servi\u00e7o do seu pr\u00f3prio povo \u2013 temos o dever de nos fazer instrumentos e construtores de paz, antes de mais nada na ora\u00e7\u00e3o. Construir a paz \u00e9 dif\u00edcil, mas viver sem paz \u00e9 um tormento. Todos os homens e mulheres desta Terra e do mundo inteiro pedem-nos para levarmos \u00e0 presen\u00e7a de Deus a sua ardente aspira\u00e7\u00e3o pela paz\u201d.<\/p>\n<p>O evento ter\u00e1 in\u00edcio na tarde deste domingo, 8 de junho, com a chegada dos presidentes, e logo em seguida do Patriarca Ecum\u00eanico Bartolomeu, que j\u00e1 se encontra em Roma. O momento de ora\u00e7\u00e3o acontecer\u00e1 nos Jardins Vaticanos, exatamente num gramado triangular localizado entre a Casina Pio IV, a Academia das Ci\u00eancias e os Museus Vaticanos. Este tri\u00e2ngulo se encontra direcionado a c\u00fapula da Bas\u00edlica de S\u00e3o Pedro.<\/p>\n<p>As delega\u00e7\u00f5es e os m\u00fasicos estar\u00e3o presentes. O Papa ficar\u00e1 entre os dois presidentes, Peres e Abbas. Ap\u00f3s a abertura musical, acontecer\u00e3o os momentos em ordem cronol\u00f3gica, de acordo com as religi\u00f5es. Ou seja, inicia-se com o momento judaico, depois o crist\u00e3o e logo em seguida o mu\u00e7ulmano. <\/p>\n<p>No in\u00edcio, as ora\u00e7\u00f5es ser\u00e3o de agradecimento pela Cria\u00e7\u00e3o, depois um momento de pedido de perd\u00e3o e logo em seguida a invoca\u00e7\u00e3o pela paz. Nos tr\u00eas momentos, as tr\u00eas religi\u00f5es rezar\u00e3o unidas. <\/p>\n<p>O gesto de paz provavelmente ser\u00e1 o aperto de m\u00e3o entre eles, mas tamb\u00e9m plantar\u00e3o uma oliveira, gesto habitual nestes momentos em que se reza ou se realiza um encontro pela paz.<\/p>\n<p>\u201c\u00c9 um momento de invoca\u00e7\u00e3o, de ora\u00e7\u00e3o, mas sobretudo de invoca\u00e7\u00e3o a Deus pelo dom da paz. \u00c9 uma pausa em rela\u00e7\u00e3o \u00e0 pol\u00edtica: o Papa n\u00e3o quer entrar em quest\u00f5es pol\u00edticas do conflito entre Israel e a Palestina, que todos conhecem. A pol\u00edtica tem suas din\u00e2micas, os seus tempos, os seus respiros; o desejo do Papa \u00e9 de levantar o olhar e ir um pouco al\u00e9m do aspecto pol\u00edtico, convidando tamb\u00e9m os pol\u00edticos a fazerem uma pausa\u201d, disse o Pe. Pizzaballa, cust\u00f3dio da Terra Santa, tamb\u00e9m presente no briefing desta manh\u00e3. <\/p>\n<p>\u201cNaturalmente, ningu\u00e9m tem a presun\u00e7\u00e3o de acreditar que depois deste evento a paz acontecer\u00e1 na Terra Santa, mas a inten\u00e7\u00e3o e a ideia \u00e9 fazer um gesto forte como este para levar ao \u00e2mbito da discuss\u00e3o pol\u00edtica tamb\u00e9m este respiro amplo, de vis\u00e3o do alto e para o alto. Tamb\u00e9m para ter um impacto sobre a opini\u00e3o p\u00fablica. A paz n\u00e3o se constr\u00f3i apenas nas salas da pol\u00edtica, mas tamb\u00e9m com o consentimento popular\u201d, completou Pizzaballa. <\/p>\n<p>\u201cN\u00e3o \u00e9 um encontro de ora\u00e7\u00e3o inter-religioso, \u00e9 um encontro de invoca\u00e7\u00e3o pela paz dos povos palestino e israelense, que s\u00e3o compostos por judeus, crist\u00e3os e mu\u00e7ulmanos. Se a ora\u00e7\u00e3o \u00e9 diferente, do ponto de vista das comunidades de f\u00e9, a inten\u00e7\u00e3o \u00e9 que os dois pa\u00edses, representados pelos dois presidentes, se unam em ora\u00e7\u00e3o\u201d, concluiu o cust\u00f3dio.\u00a0 <\/p>\n<p>Fonte: aleteia<\/p>\n","protected":false},"excerpt":{"rendered":"<p>&#8220;Ofere\u00e7o a minha casa no Vaticano para hospedar este encontro de ora\u00e7\u00e3o&#8221;, disse o Santo Padre O briefing desta manh\u00e3 na Sala de Imprensa da Santa S\u00e9 teve como tema a iniciativa \u201cInvoca\u00e7\u00e3o da Paz\u201d, para a qual o Papa Francisco ofereceu o Vaticano, convidando os presidentes Shimon Peres e Mahmoud Abbas para juntos invocarem [&hellip;]<\/p>\n","protected":false},"author":1,"featured_media":0,"comment_status":"closed","ping_status":"closed","sticky":false,"template":"","format":"standard","meta":{"footnotes":""},"categories":[3],"tags":[],"class_list":["post-4692","post","type-post","status-publish","format-standard","hentry","category-vaticano"],"_links":{"self":[{"href":"https:\/\/catolicanet.net\/wp-cnet\/wp-json\/wp\/v2\/posts\/4692","targetHints":{"allow":["GET"]}}],"collection":[{"href":"https:\/\/catolicanet.net\/wp-cnet\/wp-json\/wp\/v2\/posts"}],"about":[{"href":"https:\/\/catolicanet.net\/wp-cnet\/wp-json\/wp\/v2\/types\/post"}],"author":[{"embeddable":true,"href":"https:\/\/catolicanet.net\/wp-cnet\/wp-json\/wp\/v2\/users\/1"}],"replies":[{"embeddable":true,"href":"https:\/\/catolicanet.net\/wp-cnet\/wp-json\/wp\/v2\/comments?post=4692"}],"version-history":[{"count":1,"href":"https:\/\/catolicanet.net\/wp-cnet\/wp-json\/wp\/v2\/posts\/4692\/revisions"}],"predecessor-version":[{"id":9505,"href":"https:\/\/catolicanet.net\/wp-cnet\/wp-json\/wp\/v2\/posts\/4692\/revisions\/9505"}],"wp:attachment":[{"href":"https:\/\/catolicanet.net\/wp-cnet\/wp-json\/wp\/v2\/media?parent=4692"}],"wp:term":[{"taxonomy":"category","embeddable":true,"href":"https:\/\/catolicanet.net\/wp-cnet\/wp-json\/wp\/v2\/categories?post=4692"},{"taxonomy":"post_tag","embeddable":true,"href":"https:\/\/catolicanet.net\/wp-cnet\/wp-json\/wp\/v2\/tags?post=4692"}],"curies":[{"name":"wp","href":"https:\/\/api.w.org\/{rel}","templated":true}]}}