{"id":4691,"date":"2014-06-06T16:16:27","date_gmt":"2014-06-06T19:16:27","guid":{"rendered":"http:\/\/catolicanet.net\/wp-cnet\/a-felicidade-e-uma-direcao-nao-um-destino\/"},"modified":"2017-04-05T14:20:35","modified_gmt":"2017-04-05T17:20:35","slug":"a-felicidade-e-uma-direcao-nao-um-destino","status":"publish","type":"post","link":"https:\/\/catolicanet.net\/wp-cnet\/a-felicidade-e-uma-direcao-nao-um-destino\/","title":{"rendered":"\u201cA felicidade \u00e9 uma dire\u00e7\u00e3o, n\u00e3o um destino\u201d"},"content":{"rendered":"<p style=\"text-align: justify;\"><strong>Athena, uma menina de 13 anos, deixou uma mensagem inspiradora no espelho do seu quarto antes de morrer de c\u00e2ncer<\/strong><\/p>\n<p><img decoding=\"async\" src=\"http:\/\/catolicanet.com.br\/images\/stories\/athena.jpg\" border=\"0\" align=\"left\" \/>A menina de apenas 13 anos, mas com uma consci\u00eancia quase adulta, escreveu 3000 palavras no espelho do seu quarto: este foi o testamento espiritual de Athena Orchard, falecida por causa de um tumor nos ossos.<\/p>\n<p>Um hino \u00e0 felicidade<\/p>\n<p>\u00c9 uma exalta\u00e7\u00e3o sincera \u00e0 felicidade, \u00e0 for\u00e7a e ao amor. Os pais da menina, como escreveu o Huffington Post dia 5 de junho, encontraram a mensagem enquanto, com imensa dor, organizavam os pertences dela no quarto.<\/p>\n<p>\u201c\u00c9 muito doloroso e ao mesmo tempo surpreendente descobrir os pensamentos mais \u00edntimos da Athena\u201d, contaram ao Daily Mail. \u201cA felicidade (\u2026) talvez n\u00e3o seja o fim do percurso, mas o pr\u00f3prio percurso\u201d, foram as primeiras palavras da carta. \u201cA felicidade \u00e9 uma dire\u00e7\u00e3o, n\u00e3o um destino\u201d, completou a menina.<\/p>\n<p>Suas palavras t\u00eam grande espa\u00e7o para o amor. O objetivo, o significado da vida: o amor. \u201cO amor \u00e9 raro, \u00e9 como o vento: se pode sentir, mas n\u00e3o se pode ver. A vida \u00e9 um jogo para todos e o amor \u00e9 o pr\u00eamio\u201d, escreveu Athena.<\/p>\n<p>\u201cVoc\u00eas s\u00e3o felizes, s\u00e3o livres: \u00e9 o \u00fanico modo para permanecer sempre jovens\u201d. E conclui: \u201cN\u00e3o \u00e9 preciso chorar, porque sei que estar\u00e3o sempre ao meu lado\u201d. Certamente, agora ela reza pelos seus l\u00e1 do c\u00e9u.<\/p>\n<p>Athena, como Stephen Sutton<\/p>\n<p>Este tocante testemunho relembra a hist\u00f3ria de Stephen Sutton, o jovem que comoveu o mundo inteiro por sua sensibilidade humana.<\/p>\n<p>\u201cVou usar o tempo que me resta como uma oportunidade para enriquecer a minha vida e, mais importante ainda, para tentar melhorar a dos outros por meio da arrecada\u00e7\u00e3o de recursos e da preven\u00e7\u00e3o do c\u00e2ncer nos adolescentes\u201d, disse ele, poucas semanas antes de falecer tamb\u00e9m por causa de um c\u00e2ncer.\u00a0 <\/p>\n<p>Fonte: Aleteia<\/p>\n","protected":false},"excerpt":{"rendered":"<p>Athena, uma menina de 13 anos, deixou uma mensagem inspiradora no espelho do seu quarto antes de morrer de c\u00e2ncer A menina de apenas 13 anos, mas com uma consci\u00eancia quase adulta, escreveu 3000 palavras no espelho do seu quarto: este foi o testamento espiritual de Athena Orchard, falecida por causa de um tumor nos [&hellip;]<\/p>\n","protected":false},"author":1,"featured_media":0,"comment_status":"closed","ping_status":"closed","sticky":false,"template":"","format":"standard","meta":{"footnotes":""},"categories":[4],"tags":[],"class_list":["post-4691","post","type-post","status-publish","format-standard","hentry","category-cotidiano"],"_links":{"self":[{"href":"https:\/\/catolicanet.net\/wp-cnet\/wp-json\/wp\/v2\/posts\/4691","targetHints":{"allow":["GET"]}}],"collection":[{"href":"https:\/\/catolicanet.net\/wp-cnet\/wp-json\/wp\/v2\/posts"}],"about":[{"href":"https:\/\/catolicanet.net\/wp-cnet\/wp-json\/wp\/v2\/types\/post"}],"author":[{"embeddable":true,"href":"https:\/\/catolicanet.net\/wp-cnet\/wp-json\/wp\/v2\/users\/1"}],"replies":[{"embeddable":true,"href":"https:\/\/catolicanet.net\/wp-cnet\/wp-json\/wp\/v2\/comments?post=4691"}],"version-history":[{"count":1,"href":"https:\/\/catolicanet.net\/wp-cnet\/wp-json\/wp\/v2\/posts\/4691\/revisions"}],"predecessor-version":[{"id":9506,"href":"https:\/\/catolicanet.net\/wp-cnet\/wp-json\/wp\/v2\/posts\/4691\/revisions\/9506"}],"wp:attachment":[{"href":"https:\/\/catolicanet.net\/wp-cnet\/wp-json\/wp\/v2\/media?parent=4691"}],"wp:term":[{"taxonomy":"category","embeddable":true,"href":"https:\/\/catolicanet.net\/wp-cnet\/wp-json\/wp\/v2\/categories?post=4691"},{"taxonomy":"post_tag","embeddable":true,"href":"https:\/\/catolicanet.net\/wp-cnet\/wp-json\/wp\/v2\/tags?post=4691"}],"curies":[{"name":"wp","href":"https:\/\/api.w.org\/{rel}","templated":true}]}}