{"id":4690,"date":"2014-06-06T15:58:49","date_gmt":"2014-06-06T18:58:49","guid":{"rendered":"http:\/\/catolicanet.net\/wp-cnet\/reliquias-de-s-francisco-xavier-em-goa-igreja-quer-o-papa-no-pais\/"},"modified":"2017-04-05T14:20:55","modified_gmt":"2017-04-05T17:20:55","slug":"reliquias-de-s-francisco-xavier-em-goa-igreja-quer-o-papa-no-pais","status":"publish","type":"post","link":"https:\/\/catolicanet.net\/wp-cnet\/reliquias-de-s-francisco-xavier-em-goa-igreja-quer-o-papa-no-pais\/","title":{"rendered":"Rel\u00edquias de S. Francisco Xavier em Goa. Igreja quer o Papa no pa\u00eds"},"content":{"rendered":"<p style=\"text-align: justify;\"><img decoding=\"async\" src=\"http:\/\/catolicanet.com.br\/images\/stories\/saofranciscoxavier.jpg\" border=\"0\" align=\"left\" \/>A Igreja e o Governo da \u00cdndia partilham um desejo e um aug\u00fario: ver o Papa Francisco em Goa por ocasi\u00e3o da exibi\u00e7\u00e3o especial das rel\u00edquias de S\u00e3o Francisco Xavier, prevista para dezembro de 2014, na festividade do Santo (3 de dezembro), que a Igreja proclamou &#8220;Padroeiro das Miss\u00f5es&#8221;.<\/p>\n<p>Segundo a Ag\u00eancia Fides, Shripad Naik, parlamentar do \u201cBaratya Janata Party\u201d (partido do premi\u00ea indiano Narendra Modi) e Ministro do Turismo no novo governo da Uni\u00e3o Indiana, &#8220;o Papa Francisco \u00e9 bem-vindo a Goa&#8221;. Ele afirmou ter pedido ao Minist\u00e9rio do Exterior da \u00cdndia e \u00e0 Igreja indiana para convidar o Pont\u00edfice para a ocasi\u00e3o.<\/p>\n<p>As rel\u00edquias do Santo evangelizador da \u00c1sia, sepultado em Goa, s\u00e3o expostas para a venera\u00e7\u00e3o dos fi\u00e9is a cada 10 anos.<\/p>\n<p>Em Goa, os fi\u00e9is cat\u00f3licos constituem cerca de 30% da popula\u00e7\u00e3o do pequeno Estado na costa ocidental, que no total conta 1,4 milh\u00f5es de habitantes. Por ocasi\u00e3o da festa do Santo, em 3 de dezembro, todos os anos, mais um milh\u00e3o de fi\u00e9is, cat\u00f3licos e n\u00e3o, realizam uma peregrina\u00e7\u00e3o em Goa para homenage\u00e1-lo e pedir gra\u00e7as especiais.<\/p>\n<p>Francisco Xavier, um dos companheiros de In\u00e1cio de Loyola, foi enviado a Goa como N\u00fancio apost\u00f3lico em 1541 a pedido do Rei de Portugal. Evangelizou a \u00cdndia e o Jap\u00e3o e chegou tamb\u00e9m \u00e0 China, na ilha de Shanchuan, onde morreu em 1552. O seu corpo foi primeiro levado a Malacca e depois, em 1637, ap\u00f3s a sua canoniza\u00e7\u00e3o ocorrida em 1622, depositado pelos jesu\u00edtas na Bas\u00edlica do Bom Jesus, em Goa.<\/p>\n<p>Fonte: R\u00e1dio Vaticano<br \/>Local: Goa<\/p>\n","protected":false},"excerpt":{"rendered":"<p>A Igreja e o Governo da \u00cdndia partilham um desejo e um aug\u00fario: ver o Papa Francisco em Goa por ocasi\u00e3o da exibi\u00e7\u00e3o especial das rel\u00edquias de S\u00e3o Francisco Xavier, prevista para dezembro de 2014, na festividade do Santo (3 de dezembro), que a Igreja proclamou &#8220;Padroeiro das Miss\u00f5es&#8221;. Segundo a Ag\u00eancia Fides, Shripad Naik, [&hellip;]<\/p>\n","protected":false},"author":1,"featured_media":0,"comment_status":"closed","ping_status":"closed","sticky":false,"template":"","format":"standard","meta":{"footnotes":""},"categories":[3],"tags":[],"class_list":["post-4690","post","type-post","status-publish","format-standard","hentry","category-vaticano"],"_links":{"self":[{"href":"https:\/\/catolicanet.net\/wp-cnet\/wp-json\/wp\/v2\/posts\/4690","targetHints":{"allow":["GET"]}}],"collection":[{"href":"https:\/\/catolicanet.net\/wp-cnet\/wp-json\/wp\/v2\/posts"}],"about":[{"href":"https:\/\/catolicanet.net\/wp-cnet\/wp-json\/wp\/v2\/types\/post"}],"author":[{"embeddable":true,"href":"https:\/\/catolicanet.net\/wp-cnet\/wp-json\/wp\/v2\/users\/1"}],"replies":[{"embeddable":true,"href":"https:\/\/catolicanet.net\/wp-cnet\/wp-json\/wp\/v2\/comments?post=4690"}],"version-history":[{"count":1,"href":"https:\/\/catolicanet.net\/wp-cnet\/wp-json\/wp\/v2\/posts\/4690\/revisions"}],"predecessor-version":[{"id":9507,"href":"https:\/\/catolicanet.net\/wp-cnet\/wp-json\/wp\/v2\/posts\/4690\/revisions\/9507"}],"wp:attachment":[{"href":"https:\/\/catolicanet.net\/wp-cnet\/wp-json\/wp\/v2\/media?parent=4690"}],"wp:term":[{"taxonomy":"category","embeddable":true,"href":"https:\/\/catolicanet.net\/wp-cnet\/wp-json\/wp\/v2\/categories?post=4690"},{"taxonomy":"post_tag","embeddable":true,"href":"https:\/\/catolicanet.net\/wp-cnet\/wp-json\/wp\/v2\/tags?post=4690"}],"curies":[{"name":"wp","href":"https:\/\/api.w.org\/{rel}","templated":true}]}}