{"id":4689,"date":"2014-06-06T15:54:01","date_gmt":"2014-06-06T18:54:01","guid":{"rendered":"http:\/\/catolicanet.net\/wp-cnet\/papa-francisco-qque-os-sacerdotes-nunca-se-esquecam-o-primeiro-amorq\/"},"modified":"2017-04-05T14:21:35","modified_gmt":"2017-04-05T17:21:35","slug":"papa-francisco-qque-os-sacerdotes-nunca-se-esquecam-o-primeiro-amorq","status":"publish","type":"post","link":"https:\/\/catolicanet.net\/wp-cnet\/papa-francisco-qque-os-sacerdotes-nunca-se-esquecam-o-primeiro-amorq\/","title":{"rendered":"Papa Francisco: &#8220;Que os sacerdotes nunca se esque\u00e7am o primeiro amor&#8221;"},"content":{"rendered":"<p style=\"text-align: justify;\"><img decoding=\"async\" src=\"http:\/\/catolicanet.com.br\/images\/stories\/papas\/papafranciscoesacerdotes.jpg\" border=\"0\" align=\"left\" \/>Pastores que nunca se esquecem de Cristo, seu primeiro amor, e permanecem sempre em sua seq\u00fcela, disse o Papa Francisco na homilia proferida esta manh\u00e3 na Capela da Casa Santa Marta, no Vaticano, referindo-se aos sacerdotes.<\/p>\n<p>Segundo Francisco, Cristo faz aos c\u00f4njuges, sacerdotes e bispos a mesma pergunta que fez a Pedro: &#8220;Sim\u00e3o, filho de Jo\u00e3o, voc\u00ea me ama mais do que estes outros?&#8221; a fim de conduzi-lo ao primeiro amor:<\/p>\n<p>&#8220;Esta \u00e9 a pergunta que me fa\u00e7o e tamb\u00e9m aos meus irm\u00e3os bispos e sacerdotes: Como anda o amor de hoje? \u00c9 como o primeiro amor? Sou apaixonado por Cristo como no primeiro dia? O meu trabalho, as preocupa\u00e7\u00f5es me fazem olhar outras coisas e me esquecer um pouco o amor? Os casais brigam e isso \u00e9 normal, mas quando n\u00e3o h\u00e1 amor, n\u00e3o se briga: o relacionamento se desfaz.&#8221;<\/p>\n<p>&#8220;Nunca se esquecer o primeiro amor. Nunca&#8221;, reiterou o Papa Francisco destacando outros tr\u00eas aspectos que devem ser considerados no relacionamento de di\u00e1logo entre um sacerdote e Jesus. O primeiro \u00e9 ser pastor, antes de tudo, antes dos estudos, antes de se tornar um intelectual da Filosofia, Teologia ou Patrologia. Ser pastor como Jesus pediu a Pedro: &#8216;Apascenta minhas ovelhas&#8217;. &#8220;O resto vem depois&#8221;, disse ainda o pont\u00edfice:<\/p>\n<p>&#8220;Apascenta. Com a Teologia, com Filosofia, com a Patrologia, com o que voc\u00ea estudou, mas apascenta. Ser pastor, pois o Senhor nos chamou para isso. A primeira pergunta \u00e9: Como anda o primeiro amor? A segunda: Sou pastor ou sou um funcion\u00e1rio desta ong que se chama Igreja? H\u00e1 diferen\u00e7a. Sou pastor? Uma pergunta que eu, os bispos e sacerdotes devemos nos fazer. Que todos n\u00f3s devemos nos fazer. Apascenta, cuida e vai em frente&#8221;.<\/p>\n<p>&#8220;N\u00e3o existe gl\u00f3ria nem majestade para um pastor consagrado a Jesus&#8221;, observou o Papa Francisco. &#8220;N\u00e3o irm\u00e3o. Voc\u00ea terminar\u00e1 na maneira mais comum e mais humilhante, muitas vezes: na cama, doente, com algu\u00e9m que te dar\u00e1 de comer e que ir\u00e1 te vestir. O destino \u00e9 terminar como Jesus: amor que morre como a semente de trigo e depois d\u00e1 fruto, mas eu n\u00e3o o vejo esse fruto&#8221;, frisou o pont\u00edfice. Enfim, o terceiro aspecto, a palavra mais forte, indicou Francisco, com a qual Jesus concluiu o seu di\u00e1logo com Pedro, segue-me:<\/p>\n<p>&#8220;Se n\u00f3s perdemos a orienta\u00e7\u00e3o e n\u00e3o sabemos como responder ao amor, n\u00e3o sabemos como ser pastores, ou n\u00e3o sabemos responder ou n\u00e3o temos a certeza de que o Senhor n\u00e3o nos deixar\u00e1 sozinhos nos piores momentos da vida. Na hora da doen\u00e7a, Ele nos diz: Segue-me. Esta \u00e9 a nossa certeza. Nas pegadas de Jesus, nesta estrada: segue-me.&#8221;<\/p>\n<p>A todos n\u00f3s sacerdotes e bispos o Senhor d\u00ea &#8220;a gra\u00e7a de encontrar sempre ou recordar o primeiro amor, ser pastores e n\u00e3o ter vergonha de acabar humilhado numa cama ou at\u00e9 mesmo louco. Que sempre nos d\u00ea a gra\u00e7a de voltar para Jesus e seguir suas pegadas. Que nos d\u00ea a gra\u00e7a de segui-lo&#8221;.<\/p>\n<p>Fonte: R\u00e1dio Vaticano<br \/>Local: Cidade do Vaticano<\/p>\n","protected":false},"excerpt":{"rendered":"<p>Pastores que nunca se esquecem de Cristo, seu primeiro amor, e permanecem sempre em sua seq\u00fcela, disse o Papa Francisco na homilia proferida esta manh\u00e3 na Capela da Casa Santa Marta, no Vaticano, referindo-se aos sacerdotes. Segundo Francisco, Cristo faz aos c\u00f4njuges, sacerdotes e bispos a mesma pergunta que fez a Pedro: &#8220;Sim\u00e3o, filho de [&hellip;]<\/p>\n","protected":false},"author":1,"featured_media":0,"comment_status":"closed","ping_status":"closed","sticky":false,"template":"","format":"standard","meta":{"footnotes":""},"categories":[3],"tags":[],"class_list":["post-4689","post","type-post","status-publish","format-standard","hentry","category-vaticano"],"_links":{"self":[{"href":"https:\/\/catolicanet.net\/wp-cnet\/wp-json\/wp\/v2\/posts\/4689","targetHints":{"allow":["GET"]}}],"collection":[{"href":"https:\/\/catolicanet.net\/wp-cnet\/wp-json\/wp\/v2\/posts"}],"about":[{"href":"https:\/\/catolicanet.net\/wp-cnet\/wp-json\/wp\/v2\/types\/post"}],"author":[{"embeddable":true,"href":"https:\/\/catolicanet.net\/wp-cnet\/wp-json\/wp\/v2\/users\/1"}],"replies":[{"embeddable":true,"href":"https:\/\/catolicanet.net\/wp-cnet\/wp-json\/wp\/v2\/comments?post=4689"}],"version-history":[{"count":1,"href":"https:\/\/catolicanet.net\/wp-cnet\/wp-json\/wp\/v2\/posts\/4689\/revisions"}],"predecessor-version":[{"id":9508,"href":"https:\/\/catolicanet.net\/wp-cnet\/wp-json\/wp\/v2\/posts\/4689\/revisions\/9508"}],"wp:attachment":[{"href":"https:\/\/catolicanet.net\/wp-cnet\/wp-json\/wp\/v2\/media?parent=4689"}],"wp:term":[{"taxonomy":"category","embeddable":true,"href":"https:\/\/catolicanet.net\/wp-cnet\/wp-json\/wp\/v2\/categories?post=4689"},{"taxonomy":"post_tag","embeddable":true,"href":"https:\/\/catolicanet.net\/wp-cnet\/wp-json\/wp\/v2\/tags?post=4689"}],"curies":[{"name":"wp","href":"https:\/\/api.w.org\/{rel}","templated":true}]}}