{"id":4682,"date":"2014-06-05T13:51:07","date_gmt":"2014-06-05T16:51:07","guid":{"rendered":"http:\/\/catolicanet.net\/wp-cnet\/papa-qigreja-nao-e-para-uniformizadores-alternativos-ou-aproveitadoresq\/"},"modified":"2017-04-05T14:28:36","modified_gmt":"2017-04-05T17:28:36","slug":"papa-qigreja-nao-e-para-uniformizadores-alternativos-ou-aproveitadoresq","status":"publish","type":"post","link":"https:\/\/catolicanet.net\/wp-cnet\/papa-qigreja-nao-e-para-uniformizadores-alternativos-ou-aproveitadoresq\/","title":{"rendered":"Papa: &#8220;Igreja n\u00e3o \u00e9 para uniformizadores, alternativos ou aproveitadores&#8221;"},"content":{"rendered":"<p style=\"text-align: justify;\"><img decoding=\"async\" src=\"http:\/\/catolicanet.com.br\/images\/stories\/papas\/papavermelho14.jpg\" border=\"0\" align=\"left\" \/>A Igreja \u201cn\u00e3o \u00e9 r\u00edgida\u201d, \u201c\u00e9 livre\u201d. Foi o que destacou o Papa Francisco na Missa desta manh\u00e3 na Casa Santa Marta.<\/p>\n<p>Na sua homilia, o Pont\u00edfice advertiu para tr\u00eas grupos que se declaram crist\u00e3os: os \u201cuniformizadores\u201d, os \u201calternativos\u201d e os \u201caproveitadores\u201d. Para eles, a Igreja n\u00e3o \u00e9 casa pr\u00f3pria, mas vivem de aluguel:<\/p>\n<p>Jesus reza pela Igreja e pede ao Pai que entre os seus disc\u00edpulos \u201cn\u00e3o existam divis\u00f5es e brigas\u201d. Muitos afirmam que pertencem \u00e0 Igreja, mas est\u00e3o com um p\u00e9 dentro e outro fora. Deste modo, se outorgam a possibilidade de estar em ambos os lugares, \u201cdentro e fora\u201d. \u201cPara essas pessoas, a Igreja n\u00e3o \u00e9 a casa deles. \u00c9 um aluguel. E falou de tr\u00eas grupos, come\u00e7ando por aqueles que querem que todos sejam iguais na Igreja:<\/p>\n<p>\u201cA uniformidade. A rigidez. S\u00e3o r\u00edgidos! N\u00e3o t\u00eam aquela liberdade que o Esp\u00edrito Santo d\u00e1. E confundem aquilo que Jesus pregou no Evangelho com a doutrina deles de igualdade. E Jesus nunca quis que a sua Igreja fosse r\u00edgida. Nunca. E essas pessoas, por esta atitude, n\u00e3o entram na Igreja. Declaram-se crist\u00e3os, cat\u00f3licos, mas sua atitude r\u00edgida os afasta da Igreja\u201d.<\/p>\n<p>Outro grupo \u2013 prosseguiu &#8211; \u00e9 formado pelos que sempre t\u00eam uma ideia pr\u00f3pria, &#8220;que n\u00e3o querem que seja como a da Igreja, t\u00eam uma alternativa\u201d. O Papa os definiu alternativos:<\/p>\n<p>\u201cEu entro na Igreja, mas com esta ideia, com esta ideologia. E assim sua perten\u00e7a \u00e0 Igreja \u00e9 parcial. Tamb\u00e9m eles t\u00eam um p\u00e9 fora da Igreja. Tamb\u00e9m para eles a Igreja n\u00e3o \u00e9 casa pr\u00f3pria. Alugam a Igreja a um certo ponto. Eles n\u00e3o estavam presentes no in\u00edcio da prega\u00e7\u00e3o evang\u00e9lica! Pensemos nos gn\u00f3sticos que o Ap\u00f3stolo Jo\u00e3o repreende fortemente \u2018Somos&#8230; sim cat\u00f3licos, mas com essas ideias\u2019. Uma alternativa. N\u00e3o compartilham aquele sentimento pr\u00f3prio da Igreja\u201d.<br \/>O terceiro grupo, disse, \u00e9 formado por aqueles \u201cque se dizem crist\u00e3os, mas n\u00e3o entram no cora\u00e7\u00e3o da Igreja. S\u00e3o os \u201caproveitadores\u201d, que querem tirar vantagem, que acabam fazendo \u201cneg\u00f3cios na Igreja\u201d.<\/p>\n<p>&#8220;Aproveitadores, n\u00f3s os conhecemos bem, existem desde o in\u00edcio: Sim\u00e3o o mago, Ananias e Safira, que aproveitavam da Igreja para seus interesses pr\u00f3prios\u201d. N\u00f3s os vimos em comunidades paroquiais, dioceses, congrega\u00e7\u00f5es religiosas, em benfeitores da Igreja&#8230; s\u00e3o muitos! Vangloriam-se de serem benfeitores, mas do outro lado da mesa, fazem seus neg\u00f3cios. Eles tamb\u00e9m n\u00e3o sentem a Igreja como m\u00e3e, como sua. Jesus disse: \u201cN\u00e3o, a Igreja n\u00e3o \u00e9 r\u00edgida, uma ou \u00fanica: a Igreja \u00e9 livre!\u201d.<\/p>\n<p>Francisco prosseguiu assim sua reflex\u00e3o: \u201cExistem muitos carismas, h\u00e1 uma grande diversidade de pessoas e dons do Esp\u00edrito!\u201d. O Senhor nos diz: \u201cSe quiser entrar na Igreja, que seja por amor, para dar todo o cora\u00e7\u00e3o e n\u00e3o para fazer lucrar com seus neg\u00f3cios\u201d. \u201cA Igreja n\u00e3o \u00e9 uma casa para se alugar, \u00e9 uma casa onde se vive, como uma m\u00e3e\u201d.<\/p>\n<p>O Papa reconhece que isso n\u00e3o \u00e9 f\u00e1cil, porque \u201cas tenta\u00e7\u00f5es s\u00e3o muitas\u201d, mas evidenciou que \u201ca unidade na Igreja, na diversidade, na liberdade e na generosidade, \u00e9 dever exclusivo do Esp\u00edrito Santo, que faz unidade, que \u00e9 harmonia na Igreja\u201d. \u201cTodos somos diferentes: n\u00e3o somos iguais, gra\u00e7as a Deus, sen\u00e3o seria um inferno!\u201d.<\/p>\n<p>Continuando, Francisco lembrou que \u201csomos chamados \u00e0 docilidade ao Esp\u00edrito Santo, e esta docilidade \u00e9 a virtude que nos salva de sermos r\u00edgidos, interesseiros ou aproveitadores na Igreja\u201d. \u201cA docilidade, explicou finalizando, \u00e9 o que transforma a Igreja de casa de aluguel em casa pr\u00f3pria\u201d.<\/p>\n<p>\u201cQue o Senhor &#8211; invocou o Pont\u00edfice &#8211; nos envie o Esp\u00edrito Santo para trazer esta harmonia em nossas comunidades, par\u00f3quias e movimentos, porque como dizia um Pai da Igreja: \u00e9 o Esp\u00edrito a pr\u00f3pria harmonia\u201d.<\/p>\n<p>Fonte: R\u00e1dio Vaticano<br \/>Local: Cidade do Vaticano<\/p>\n","protected":false},"excerpt":{"rendered":"<p>A Igreja \u201cn\u00e3o \u00e9 r\u00edgida\u201d, \u201c\u00e9 livre\u201d. Foi o que destacou o Papa Francisco na Missa desta manh\u00e3 na Casa Santa Marta. Na sua homilia, o Pont\u00edfice advertiu para tr\u00eas grupos que se declaram crist\u00e3os: os \u201cuniformizadores\u201d, os \u201calternativos\u201d e os \u201caproveitadores\u201d. Para eles, a Igreja n\u00e3o \u00e9 casa pr\u00f3pria, mas vivem de aluguel: Jesus [&hellip;]<\/p>\n","protected":false},"author":1,"featured_media":0,"comment_status":"closed","ping_status":"closed","sticky":false,"template":"","format":"standard","meta":{"footnotes":""},"categories":[3],"tags":[],"class_list":["post-4682","post","type-post","status-publish","format-standard","hentry","category-vaticano"],"_links":{"self":[{"href":"https:\/\/catolicanet.net\/wp-cnet\/wp-json\/wp\/v2\/posts\/4682","targetHints":{"allow":["GET"]}}],"collection":[{"href":"https:\/\/catolicanet.net\/wp-cnet\/wp-json\/wp\/v2\/posts"}],"about":[{"href":"https:\/\/catolicanet.net\/wp-cnet\/wp-json\/wp\/v2\/types\/post"}],"author":[{"embeddable":true,"href":"https:\/\/catolicanet.net\/wp-cnet\/wp-json\/wp\/v2\/users\/1"}],"replies":[{"embeddable":true,"href":"https:\/\/catolicanet.net\/wp-cnet\/wp-json\/wp\/v2\/comments?post=4682"}],"version-history":[{"count":1,"href":"https:\/\/catolicanet.net\/wp-cnet\/wp-json\/wp\/v2\/posts\/4682\/revisions"}],"predecessor-version":[{"id":9515,"href":"https:\/\/catolicanet.net\/wp-cnet\/wp-json\/wp\/v2\/posts\/4682\/revisions\/9515"}],"wp:attachment":[{"href":"https:\/\/catolicanet.net\/wp-cnet\/wp-json\/wp\/v2\/media?parent=4682"}],"wp:term":[{"taxonomy":"category","embeddable":true,"href":"https:\/\/catolicanet.net\/wp-cnet\/wp-json\/wp\/v2\/categories?post=4682"},{"taxonomy":"post_tag","embeddable":true,"href":"https:\/\/catolicanet.net\/wp-cnet\/wp-json\/wp\/v2\/tags?post=4682"}],"curies":[{"name":"wp","href":"https:\/\/api.w.org\/{rel}","templated":true}]}}