{"id":46785,"date":"2019-02-04T10:00:02","date_gmt":"2019-02-04T12:00:02","guid":{"rendered":"http:\/\/catolicanet.net\/wp-cnet\/?p=46785"},"modified":"2019-02-04T10:00:02","modified_gmt":"2019-02-04T12:00:02","slug":"instituto-da-apoio-assistencial-a-migrantes-venezuelanos","status":"publish","type":"post","link":"https:\/\/catolicanet.net\/wp-cnet\/instituto-da-apoio-assistencial-a-migrantes-venezuelanos\/","title":{"rendered":"Instituto d\u00e1 apoio assistencial a migrantes venezuelanos"},"content":{"rendered":"<p>A diocese de Roraima (RR) conta desde 2018 com um escrit\u00f3rio do Instituto Migra\u00e7\u00f5es e Direitos Humanos (IMDH). Ali, mulheres e crian\u00e7as venezuelanas conseguem atendimentos, poss\u00edveis atrav\u00e9s de diversas iniciativas e parcerias. Um dos projetos trata da distribui\u00e7\u00e3o de complemento l\u00e1cteo e fraldas descart\u00e1veis para crian\u00e7as migrantes de acordo com orienta\u00e7\u00f5es nutricionais espec\u00edficas para cada faixa et\u00e1ria.<\/p>\n<p>A distribui\u00e7\u00e3o acontece todos os meses, s\u00e3o aproximadamente 30 latas mensais. Para facilitar a distribui\u00e7\u00e3o, foi criado um calend\u00e1rio de visita assistencial \u00e0s fam\u00edlias beneficiadas por data do primeiro atendimento na Institui\u00e7\u00e3o. O recebimento do leite est\u00e1 organizado de acordo com a necessidade de cada fam\u00edlia visitada.<\/p>\n<p>O programa tem como objetivo complementar a alimenta\u00e7\u00e3o de crian\u00e7as migrantes que possam encontrar-se em estado de vulnerabilidade e desnutrida. A distribui\u00e7\u00e3o de leites e de fraldas constitui um trabalho integrado entre os agentes do escrit\u00f3rio do IMDH local.<\/p>\n<p>\u201cFazemos visitas semanalmente \u00e0s fam\u00edlias, selecionamos as casas que t\u00eam mulheres e crian\u00e7as. O atendimento assistencial \u00e9 um dos eixos de atividades do IMDH Solid\u00e1rio. As crian\u00e7as migrantes tamb\u00e9m tem direito a receber latas de leite para complementar a alimenta\u00e7\u00e3o\u201d, explicou Gisele de Souza, coordenadora do atendimento assistencial da Institui\u00e7\u00e3o.<\/p>\n<p>A dona de casa, Aryanne Gabriela, de 18 anos, m\u00e3e de dois filhos, recebeu leite e fraldas. Ela disse sentir-se muito grata por esse tipo de trabalho. \u201cO apoio da Institui\u00e7\u00e3o \u00e9 importante para fortalecer o desenvolvimento dos nossos filhos. Tenho um beb\u00ea de dois meses e precisamos muito de leite nesse momento. A ajuda que recebi vai nos ajudar bastante\u201d, agradeceu.<\/p>\n<p>O Instituto Migra\u00e7\u00f5es e Direitos Humanos presta apoio e orienta\u00e7\u00e3o a mulheres e crian\u00e7as em situa\u00e7\u00e3o de emerg\u00eancia, migrantes e solicitantes de ref\u00fagio. A institui\u00e7\u00e3o desenvolve suas atividades em seis eixos de atua\u00e7\u00e3o. Acolhida e apoio socioassistencial \u00e9 uma das atividades que v\u00eam amplificando resultados positivos do trabalho prestado pelo IMDH Solid\u00e1rio na capital.<\/p>\n<p>SOLIDARIEDADE: O programa \u00e9 uma iniciativa contra a fome e complementos da alimenta\u00e7\u00e3o de crian\u00e7as migrantes. Tem tamb\u00e9m o objetivo de contribuir para a promo\u00e7\u00e3o da cidadania e a melhoria da qualidade de vida de pessoas em situa\u00e7\u00e3o de pobreza e vulnerabilidade, em uma perspectiva de inclus\u00e3o social. Trata-se essencialmente de uma atividade de apoio assistencial baseado em boas a\u00e7\u00f5es.<\/p>\n<h5><em>Com informa\u00e7\u00f5es da C\u00e1ritas diocesana de Roraima<\/em><\/h5>\n","protected":false},"excerpt":{"rendered":"<p>A diocese de Roraima (RR) conta desde 2018 com um escrit\u00f3rio do Instituto Migra\u00e7\u00f5es e Direitos Humanos (IMDH). Ali, mulheres e crian\u00e7as venezuelanas conseguem atendimentos, poss\u00edveis atrav\u00e9s de diversas iniciativas e parcerias. Um dos projetos trata da distribui\u00e7\u00e3o de complemento l\u00e1cteo e fraldas descart\u00e1veis para crian\u00e7as migrantes de acordo com orienta\u00e7\u00f5es nutricionais espec\u00edficas para cada [&hellip;]<\/p>\n","protected":false},"author":1,"featured_media":46786,"comment_status":"open","ping_status":"closed","sticky":false,"template":"","format":"standard","meta":{"footnotes":""},"categories":[7],"tags":[],"class_list":["post-46785","post","type-post","status-publish","format-standard","has-post-thumbnail","hentry","category-cnbb"],"_links":{"self":[{"href":"https:\/\/catolicanet.net\/wp-cnet\/wp-json\/wp\/v2\/posts\/46785","targetHints":{"allow":["GET"]}}],"collection":[{"href":"https:\/\/catolicanet.net\/wp-cnet\/wp-json\/wp\/v2\/posts"}],"about":[{"href":"https:\/\/catolicanet.net\/wp-cnet\/wp-json\/wp\/v2\/types\/post"}],"author":[{"embeddable":true,"href":"https:\/\/catolicanet.net\/wp-cnet\/wp-json\/wp\/v2\/users\/1"}],"replies":[{"embeddable":true,"href":"https:\/\/catolicanet.net\/wp-cnet\/wp-json\/wp\/v2\/comments?post=46785"}],"version-history":[{"count":1,"href":"https:\/\/catolicanet.net\/wp-cnet\/wp-json\/wp\/v2\/posts\/46785\/revisions"}],"predecessor-version":[{"id":46787,"href":"https:\/\/catolicanet.net\/wp-cnet\/wp-json\/wp\/v2\/posts\/46785\/revisions\/46787"}],"wp:featuredmedia":[{"embeddable":true,"href":"https:\/\/catolicanet.net\/wp-cnet\/wp-json\/wp\/v2\/media\/46786"}],"wp:attachment":[{"href":"https:\/\/catolicanet.net\/wp-cnet\/wp-json\/wp\/v2\/media?parent=46785"}],"wp:term":[{"taxonomy":"category","embeddable":true,"href":"https:\/\/catolicanet.net\/wp-cnet\/wp-json\/wp\/v2\/categories?post=46785"},{"taxonomy":"post_tag","embeddable":true,"href":"https:\/\/catolicanet.net\/wp-cnet\/wp-json\/wp\/v2\/tags?post=46785"}],"curies":[{"name":"wp","href":"https:\/\/api.w.org\/{rel}","templated":true}]}}