{"id":46760,"date":"2019-02-04T08:31:02","date_gmt":"2019-02-04T10:31:02","guid":{"rendered":"http:\/\/catolicanet.net\/wp-cnet\/?p=46760"},"modified":"2019-02-04T08:39:00","modified_gmt":"2019-02-04T10:39:00","slug":"assembleia-reuniu-400-catequistas-indigenas-na-na-terra-indigena-raposa-serra-do-sol-rr","status":"publish","type":"post","link":"https:\/\/catolicanet.net\/wp-cnet\/assembleia-reuniu-400-catequistas-indigenas-na-na-terra-indigena-raposa-serra-do-sol-rr\/","title":{"rendered":"Assembleia reuniu 400 catequistas ind\u00edgenas na na terra ind\u00edgena Raposa Serra do Sol (RR)"},"content":{"rendered":"<p>Em sintonia com o S\u00ednodo para a Amaz\u00f4nia, a Igreja em Roraima caminha de m\u00e3os dadas com as comunidades ind\u00edgenas na miss\u00e3o de anunciar o Reino de Deus na hist\u00f3ria de resist\u00eancia e compromisso de f\u00e9.<\/p>\n<p>A Terra Ind\u00edgena Raposa Serra do Sol (TI RSS) no Estado de Roraima, norte do Brasil \u00e9 habitada por mais de 20 mil ind\u00edgenas Macuxi, Wapichana, Taurepang, Ingaric\u00f3 e Patamona. A popula\u00e7\u00e3o vem crescendo organizada em mais de 200 aldeias ou comunidades nas regi\u00f5es de Surumu, Serras, Baixo Cotingo e Raposa.<\/p>\n<div id=\"attachment_207007\" class=\"wp-caption alignright\">\n<p><a href=\"http:\/\/www.cnbb.org.br\/?attachment_id=207007\"><img loading=\"lazy\" decoding=\"async\" class=\"wp-image-207007 size-medium\" src=\"http:\/\/www.cnbb.org.br\/wp-content\/uploads\/sites\/32\/2019\/01\/Dom-M\u00e1rio-Antonio-300x200.jpg\" srcset=\"http:\/\/www.cnbb.org.br\/wp-content\/uploads\/sites\/32\/2019\/01\/Dom-M\u00e1rio-Antonio-300x200.jpg 300w, http:\/\/www.cnbb.org.br\/wp-content\/uploads\/sites\/32\/2019\/01\/Dom-M\u00e1rio-Antonio.jpg 667w\" alt=\"\" width=\"300\" height=\"200\" \/><\/a><\/p>\n<p class=\"wp-caption-text\">Dom M\u00e1rio Ant\u00f4nio da Silva. bispo de Roraima<\/p>\n<\/div>\n<p>A evangeliza\u00e7\u00e3o nas comunidades tem a participa\u00e7\u00e3o ativa dos catequistas e lideran\u00e7as. Em sintonia com o S\u00ednodo para a Amaz\u00f4nia, com o objetivo de unificar a caminhada e refletir sobre o processo de inicia\u00e7\u00e3o \u00e0 vida crist\u00e3, cerca de 400 catequistas das quatro regi\u00f5es da TI RSS estiveram reunidos, nos dias 24 a 28 de janeiro 2019, na comunidade do Barro em Surumu, para a IV Assembleia.<\/p>\n<p>\u201cInicia\u00e7\u00e3o \u00e0 Vida Crist\u00e3 na perspectiva do S\u00ednodo e da REPAM\u201d foi o tema central do encontro que contou com a presen\u00e7a do bispo de Roraima, dom M\u00e1rio Ant\u00f4nio da Silva, entre outros convidados. \u00a0\u201cNossas alegrias s\u00e3o muitas e, dentre elas, destaco a atua\u00e7\u00e3o dos catequistas, tanto dos veteranos como dos novos catequistas, numa integra\u00e7\u00e3o de gera\u00e7\u00e3o que vive o Evangelho\u201d, apontou dom Mario. Conforme o bispo, a iniciativa \u00e9 fruto de uma alegria muito grande, especialmente por contar com a presen\u00e7a de muitos jovens, que j\u00e1 vivenciam a catequese em suas comunidades e lares.<\/p>\n<div id=\"attachment_207008\" class=\"wp-caption alignleft\">\n<p><a href=\"http:\/\/www.cnbb.org.br\/?attachment_id=207008\"><img loading=\"lazy\" decoding=\"async\" class=\"wp-image-207008 size-medium\" src=\"http:\/\/www.cnbb.org.br\/wp-content\/uploads\/sites\/32\/2019\/01\/Catequista-Jeronimo-coordenador-da-Assembleia-300x200.jpg\" srcset=\"http:\/\/www.cnbb.org.br\/wp-content\/uploads\/sites\/32\/2019\/01\/Catequista-Jeronimo-coordenador-da-Assembleia-300x200.jpg 300w, http:\/\/www.cnbb.org.br\/wp-content\/uploads\/sites\/32\/2019\/01\/Catequista-Jeronimo-coordenador-da-Assembleia-768x512.jpg 768w, http:\/\/www.cnbb.org.br\/wp-content\/uploads\/sites\/32\/2019\/01\/Catequista-Jeronimo-coordenador-da-Assembleia-1024x682.jpg 1024w\" alt=\"\" width=\"300\" height=\"200\" \/><\/a><\/p>\n<p class=\"wp-caption-text\">Jer\u00f4nimo Carneiro de Oliveira, coordenador da Assembleia<\/p>\n<\/div>\n<p>No entanto, dom Mario chama a aten\u00e7\u00e3o para o fato de que a Inicia\u00e7\u00e3o \u00e0 Vida Crist\u00e3 seja um processo permanente, celebrativo e vivencial \u00e0 luz de tudo aquilo que os povos ind\u00edgenas vivem. \u00a0\u201cAo mesmo tempo preocupamo-nos que a catequese seja algo que motive e una as comunidades para a luta por seus direitos, a luta pela terra, a defesa da sa\u00fade e da dignidade em prol de todas as comunidades ind\u00edgenas e, ao mesmo tempo, que seja algo que possa gerar neles um entusiasmo de poder viver o evangelho integrados como verdadeiros crist\u00e3os em nossa diocese de Roraima\u201d, salientou.<\/p>\n<p>O professor e catequista Jer\u00f4nimo Carneiro de Oliveira, coordenador da Assembleia destacou a import\u00e2ncia do encontro. \u201cEssa IV Assembleia tem uma grande import\u00e2ncia porque envolve os catequistas, a liturgia e a juventude que faz parte dessa vida. \u00c9 com eles que n\u00f3s contamos e nos fortalecemos e, assim, com o apoio da miss\u00e3o da diocese de Roraima podemos envolver todo esse povo, toda a comunidade (\u2026)\u201d, disse.<\/p>\n<p><strong>Valoriza\u00e7\u00e3o das l\u00ednguas ind\u00edgenas<\/strong><\/p>\n<div id=\"attachment_207009\" class=\"wp-caption alignright\">\n<p><a href=\"http:\/\/www.cnbb.org.br\/?attachment_id=207009\"><img loading=\"lazy\" decoding=\"async\" class=\"wp-image-207009 size-medium\" src=\"http:\/\/www.cnbb.org.br\/wp-content\/uploads\/sites\/32\/2019\/01\/P.-Ronaldo-300x200.jpg\" srcset=\"http:\/\/www.cnbb.org.br\/wp-content\/uploads\/sites\/32\/2019\/01\/P.-Ronaldo-300x200.jpg 300w, http:\/\/www.cnbb.org.br\/wp-content\/uploads\/sites\/32\/2019\/01\/P.-Ronaldo-768x512.jpg 768w, http:\/\/www.cnbb.org.br\/wp-content\/uploads\/sites\/32\/2019\/01\/P.-Ronaldo-1024x682.jpg 1024w\" alt=\"\" width=\"300\" height=\"200\" \/><\/a><\/p>\n<p class=\"wp-caption-text\">Padre Ronaldo B. MacDonell, linguista canadense, da Sociedade Mission\u00e1ria de Vida Apost\u00f3lica (SOMIVA)<\/p>\n<\/div>\n<p>Uma das preocupa\u00e7\u00f5es \u00e9 iniciar as novas gera\u00e7\u00f5es na f\u00e9 crist\u00e3 por meio de uma catequese inculturada que inclua a valoriza\u00e7\u00e3o e o uso das l\u00ednguas ind\u00edgenas. O padre Ronaldo B. MacDonell, linguista canadense, da Sociedade Mission\u00e1ria de Vida Apost\u00f3lica (SOMIVA), coordena o projeto de resgate e valoriza\u00e7\u00e3o da l\u00edngua macuxi por meio de estudos, publica\u00e7\u00f5es e semin\u00e1rios nas comunidades. \u201cUm dos temas que foi discutido muito na Assembleia foi o da valoriza\u00e7\u00e3o da l\u00edngua macuxi, que como muitas outras l\u00ednguas ind\u00edgenas no Brasil \u00e9 amea\u00e7ada, ent\u00e3o os catequistas sobretudo os veteranos est\u00e3o muito preocupados e estamos trabalhando a revitaliza\u00e7\u00e3o lingu\u00edstica\u201d, apontou.<\/p>\n<p>Presentes na regi\u00e3o desde 1948, em 1971 os mission\u00e1rios da Consolata fizeram a op\u00e7\u00e3o pelos ind\u00edgenas e em 1972 passaram viver nas comunidades ao lado do povo. Ao longo dos anos, \u201co Plano de Deus sobre n\u00f3s\u201d orientou a a\u00e7\u00e3o evangelizadora integrando f\u00e9 e vida onde a liberta\u00e7\u00e3o da terra era o objetivo principal. Hoje acompanham os povos ind\u00edgenas sete mission\u00e1rios da Consolata: os padres africanos Philip Njoroge Njuma, James Murimi Njimia, Joseph Musito, Jean-Claude Bafutanga, Joseph Mugerwa, Gabriel Ochieng; e o experiente irm\u00e3o italiano Francisco Bruno. Atuam na \u00e1rea tamb\u00e9m, tr\u00eas mission\u00e1rias da Consolata: as Irm\u00e3s Maria Thereza Thukani, Kibinesh Amanuel e Alda Raffaela.<\/p>\n<p>Padre Joseph Mugerwa acompanha de perto as comunidades e destaca a unidade no processo de Inicia\u00e7\u00e3o \u00e0 Vida Crist\u00e3. \u201cEssa Assembleia une os catequistas da Raposa Serra do Sol para a gente refletir sobre algum tema, escolhido pelos catequistas, para ser debatido. \u00c9 uma forma de forma\u00e7\u00e3o e tamb\u00e9m fazer uma coisa \u00fanica\u201d, disse.<\/p>\n<p>A programa\u00e7\u00e3o da Assembleia incluiu reflex\u00f5es sobre o S\u00ednodo para a Amaz\u00f4nia e a REPAM, a conjuntura do governo atual e as poss\u00edveis amea\u00e7as aos direitos dos povos ind\u00edgenas. Luiz Ventura, Leigo Mission\u00e1rio de Consolata e coordenador do Conselho Indigenista Mission\u00e1rio (Cimi) em Roraima, recorda as principais demandas dos povos ind\u00edgenas na atual conjuntura:\u00a0 1. Prote\u00e7\u00e3o dos direitos ind\u00edgenas previstos na Constitui\u00e7\u00e3o Brasileira; 2. Demarca\u00e7\u00e3o das Terras Ind\u00edgenas; 3. Garantia dos direitos humanos e combate \u00e0 viol\u00eancia contra ind\u00edgena; 4. Reconhecimento dos povos origin\u00e1rios e de sua cultura ancestral; 5. Contra a transfer\u00eancia da Funai para o Minist\u00e9rio da Mulher, Fam\u00edlia e Direitos Humanos; 6. Contra a transfer\u00eancia da demarca\u00e7\u00e3o de terras ind\u00edgenas para o Minist\u00e9rio da Agricultura.\u00a0<a href=\"http:\/\/www.cnbb.org.br\/?attachment_id=207010\"><img loading=\"lazy\" decoding=\"async\" class=\"size-medium wp-image-207010 alignleft\" src=\"http:\/\/www.cnbb.org.br\/wp-content\/uploads\/sites\/32\/2019\/01\/Dom-m\u00e1rio-fala-aos-catequistas-300x200.jpg\" srcset=\"http:\/\/www.cnbb.org.br\/wp-content\/uploads\/sites\/32\/2019\/01\/Dom-m\u00e1rio-fala-aos-catequistas-300x200.jpg 300w, http:\/\/www.cnbb.org.br\/wp-content\/uploads\/sites\/32\/2019\/01\/Dom-m\u00e1rio-fala-aos-catequistas-768x512.jpg 768w, http:\/\/www.cnbb.org.br\/wp-content\/uploads\/sites\/32\/2019\/01\/Dom-m\u00e1rio-fala-aos-catequistas.jpg 800w\" alt=\"\" width=\"300\" height=\"200\" \/><\/a><\/p>\n<p>Essas reivindica\u00e7\u00f5es fazem parte da Campanha nacional \u201cSangue Ind\u00edgena, Nenhuma Gota a Mais!\u201d<\/p>\n<p><strong>Resist\u00eancia e compromisso<\/strong><\/p>\n<p>A TI RSS tem 1,7 milh\u00e3o de hectares e foi homologada pelo presidente Luiz In\u00e1cio Lula da Silva em 2005, ap\u00f3s 34 anos de luta que custou a vida de 21 ind\u00edgenas e representou uma aula de resist\u00eancia.<\/p>\n<p>Foi exatamente na Miss\u00e3o Surumu que em 1977, uma centena de ind\u00edgenas e aliados estavam reunidos, numa das primeiras assembleias, quando baixou a repress\u00e3o militar. Mas eles n\u00e3o se intimidaram. Dispersaram para continuar a Assembleia em outro lugar. Foi o in\u00edcio da resist\u00eancia e busca de autonomia do movimento ind\u00edgena. Talvez por isso que, em 2005, essa Miss\u00e3o teve a igreja, a escola e o Centro de Sa\u00fade queimados em um dos tantos ataques a mando dos fazendeiros.<\/p>\n<p>O marco hist\u00f3rico da luta foi o compromisso \u201cOu Vai ou Racha\u201d quando os ind\u00edgenas, em 26 de abril de 1977, reunidos em Maturuca, aldeia a 320 quil\u00f4metros de Boa Vista, resolveram dizer \u201cn\u00e3o \u00e0 bebida alco\u00f3lica e sim \u00e0 comunidade\u201d, iniciando o processo de organiza\u00e7\u00e3o que culminou com a cria\u00e7\u00e3o do Conselho Ind\u00edgena de Roraima (CIR).<\/p>\n<p><em><strong>Por padre Jaime C. Patias, Conselheiro Geral para Am\u00e9rica\u00a0<\/strong> \u00a0\u00a0<\/em><\/p>\n","protected":false},"excerpt":{"rendered":"<p>Em sintonia com o S\u00ednodo para a Amaz\u00f4nia, a Igreja em Roraima caminha de m\u00e3os dadas com as comunidades ind\u00edgenas na miss\u00e3o de anunciar o Reino de Deus na hist\u00f3ria de resist\u00eancia e compromisso de f\u00e9. A Terra Ind\u00edgena Raposa Serra do Sol (TI RSS) no Estado de Roraima, norte do Brasil \u00e9 habitada por [&hellip;]<\/p>\n","protected":false},"author":1,"featured_media":46762,"comment_status":"open","ping_status":"closed","sticky":false,"template":"","format":"standard","meta":{"footnotes":""},"categories":[7],"tags":[],"class_list":["post-46760","post","type-post","status-publish","format-standard","has-post-thumbnail","hentry","category-cnbb"],"_links":{"self":[{"href":"https:\/\/catolicanet.net\/wp-cnet\/wp-json\/wp\/v2\/posts\/46760","targetHints":{"allow":["GET"]}}],"collection":[{"href":"https:\/\/catolicanet.net\/wp-cnet\/wp-json\/wp\/v2\/posts"}],"about":[{"href":"https:\/\/catolicanet.net\/wp-cnet\/wp-json\/wp\/v2\/types\/post"}],"author":[{"embeddable":true,"href":"https:\/\/catolicanet.net\/wp-cnet\/wp-json\/wp\/v2\/users\/1"}],"replies":[{"embeddable":true,"href":"https:\/\/catolicanet.net\/wp-cnet\/wp-json\/wp\/v2\/comments?post=46760"}],"version-history":[{"count":1,"href":"https:\/\/catolicanet.net\/wp-cnet\/wp-json\/wp\/v2\/posts\/46760\/revisions"}],"predecessor-version":[{"id":46781,"href":"https:\/\/catolicanet.net\/wp-cnet\/wp-json\/wp\/v2\/posts\/46760\/revisions\/46781"}],"wp:featuredmedia":[{"embeddable":true,"href":"https:\/\/catolicanet.net\/wp-cnet\/wp-json\/wp\/v2\/media\/46762"}],"wp:attachment":[{"href":"https:\/\/catolicanet.net\/wp-cnet\/wp-json\/wp\/v2\/media?parent=46760"}],"wp:term":[{"taxonomy":"category","embeddable":true,"href":"https:\/\/catolicanet.net\/wp-cnet\/wp-json\/wp\/v2\/categories?post=46760"},{"taxonomy":"post_tag","embeddable":true,"href":"https:\/\/catolicanet.net\/wp-cnet\/wp-json\/wp\/v2\/tags?post=46760"}],"curies":[{"name":"wp","href":"https:\/\/api.w.org\/{rel}","templated":true}]}}