{"id":4676,"date":"2014-06-04T16:15:21","date_gmt":"2014-06-04T19:15:21","guid":{"rendered":"http:\/\/catolicanet.net\/wp-cnet\/diocese-de-sao-miguel-paulista-celebra-jubileu-de-prata\/"},"modified":"2017-04-05T14:31:40","modified_gmt":"2017-04-05T17:31:40","slug":"diocese-de-sao-miguel-paulista-celebra-jubileu-de-prata","status":"publish","type":"post","link":"https:\/\/catolicanet.net\/wp-cnet\/diocese-de-sao-miguel-paulista-celebra-jubileu-de-prata\/","title":{"rendered":"Diocese de S\u00e3o Miguel Paulista celebra Jubileu de Prata"},"content":{"rendered":"<p style=\"text-align: justify;\"><img decoding=\"async\" src=\"http:\/\/catolicanet.com.br\/images\/stories\/jubileudiocesesaomiguel.jpg\" border=\"0\" align=\"left\" \/>H\u00e1 25 anos foi criada, pelo papa Jo\u00e3o Paulo II, a diocese de S\u00e3o Miguel Paulista. Para o bispo diocesano, dom Manuel Parrado Carral, o jubileu da diocese \u00e9 motivo de gratid\u00e3o a Deus.<\/p>\n<p>\u201cO tempo vai continuar a correr e enquanto for passando ir\u00e1 marcando nossa diocese com caracter\u00edsticas pr\u00f3prias que lhes dar\u00e3o identidade. Somos muito jovens e estamos construindo o rosto diocesano\u201d, disse dom Manuel, em missa dos 25 anos da diocese.<\/p>\n<p>A cerim\u00f4nia na catedral de S\u00e3o Miguel, no dia 25 de maio, reuniu agentes de pastoras, comunidades, padres, bispos, religiosos e seminaristas, com presen\u00e7a do primeiro bispo da diocese, dom Fernando Legal, e de seu antigo auxiliar dom Jos\u00e9 Maria Lib\u00f3rio Camino Saracho.<\/p>\n<p>Na homilia, dom Manuel recordou a caminhada da diocese e destacou que h\u00e1 muito o que se fazer pela miss\u00e3o.\u00a0 \u201cDesafios sempre teremos e, procurando as solu\u00e7\u00f5es nos valores do Reino de Deus, enfrentaremos os problemas com a certeza de que o pr\u00f3prio Deus ilumina nossas decis\u00f5es\u201d, disse.<\/p>\n<p>Para o bispo, toda a diocese e suas lideran\u00e7as s\u00e3o \u201cimpulsionados pelo Esp\u00edrito Santo e amparados pelo esfor\u00e7o, sacrif\u00edcio e desprendimento, pela persist\u00eancia, esperan\u00e7a e f\u00e9 dos nossos padres e dos fi\u00e9is crist\u00e3os, cientes de terem sido acompanhados, orientados e guiados pela misericordiosa presen\u00e7a de Deus\u201d.<\/p>\n<p>Ao final da reflex\u00e3o, dom Manual disse, ainda, que \u00e9 necess\u00e1rio servir na comunh\u00e3o, que \u201cexige despojamento, humildade e cora\u00e7\u00e3o sincero para acolher as mais diversas express\u00f5es de vida comunit\u00e1ria, presentes na atua\u00e7\u00e3o das comunidades que temos em nossa igreja, e que devem se relacionar com outras tantas manifesta\u00e7\u00f5es na realidade a ser evangelizada\u201d.<\/p>\n<p>CNBB com informa\u00e7\u00e3o da diocese de S\u00e3o Miguel Paulista.<\/p>\n<p>Fonte: CNBB<\/p>\n","protected":false},"excerpt":{"rendered":"<p>H\u00e1 25 anos foi criada, pelo papa Jo\u00e3o Paulo II, a diocese de S\u00e3o Miguel Paulista. Para o bispo diocesano, dom Manuel Parrado Carral, o jubileu da diocese \u00e9 motivo de gratid\u00e3o a Deus. \u201cO tempo vai continuar a correr e enquanto for passando ir\u00e1 marcando nossa diocese com caracter\u00edsticas pr\u00f3prias que lhes dar\u00e3o identidade. [&hellip;]<\/p>\n","protected":false},"author":1,"featured_media":0,"comment_status":"closed","ping_status":"closed","sticky":false,"template":"","format":"standard","meta":{"footnotes":""},"categories":[7],"tags":[],"class_list":["post-4676","post","type-post","status-publish","format-standard","hentry","category-cnbb"],"_links":{"self":[{"href":"https:\/\/catolicanet.net\/wp-cnet\/wp-json\/wp\/v2\/posts\/4676","targetHints":{"allow":["GET"]}}],"collection":[{"href":"https:\/\/catolicanet.net\/wp-cnet\/wp-json\/wp\/v2\/posts"}],"about":[{"href":"https:\/\/catolicanet.net\/wp-cnet\/wp-json\/wp\/v2\/types\/post"}],"author":[{"embeddable":true,"href":"https:\/\/catolicanet.net\/wp-cnet\/wp-json\/wp\/v2\/users\/1"}],"replies":[{"embeddable":true,"href":"https:\/\/catolicanet.net\/wp-cnet\/wp-json\/wp\/v2\/comments?post=4676"}],"version-history":[{"count":1,"href":"https:\/\/catolicanet.net\/wp-cnet\/wp-json\/wp\/v2\/posts\/4676\/revisions"}],"predecessor-version":[{"id":9521,"href":"https:\/\/catolicanet.net\/wp-cnet\/wp-json\/wp\/v2\/posts\/4676\/revisions\/9521"}],"wp:attachment":[{"href":"https:\/\/catolicanet.net\/wp-cnet\/wp-json\/wp\/v2\/media?parent=4676"}],"wp:term":[{"taxonomy":"category","embeddable":true,"href":"https:\/\/catolicanet.net\/wp-cnet\/wp-json\/wp\/v2\/categories?post=4676"},{"taxonomy":"post_tag","embeddable":true,"href":"https:\/\/catolicanet.net\/wp-cnet\/wp-json\/wp\/v2\/tags?post=4676"}],"curies":[{"name":"wp","href":"https:\/\/api.w.org\/{rel}","templated":true}]}}