{"id":46741,"date":"2019-01-31T11:37:43","date_gmt":"2019-01-31T13:37:43","guid":{"rendered":"http:\/\/catolicanet.net\/wp-cnet\/?p=46741"},"modified":"2019-01-31T11:37:43","modified_gmt":"2019-01-31T13:37:43","slug":"d-vicente-crucificados-mas-nao-vamos-descer-da-cruz","status":"publish","type":"post","link":"https:\/\/catolicanet.net\/wp-cnet\/d-vicente-crucificados-mas-nao-vamos-descer-da-cruz\/","title":{"rendered":"D. Vicente: &#8220;Crucificados, mas n\u00e3o vamos descer da cruz&#8221;"},"content":{"rendered":"<h1 class=\"article__title\"><\/h1>\n<div class=\"article__subTitle\">Dom Vicente Ferreira, bispo auxiliar de Belo Horizonte, presente em Brumadinho, destaca o apoio da Igreja e a solidariedade do povo, afirmando: &#8216;isso n\u00e3o \u00e9 uma trag\u00e9dia, mas um crime&#8217;. At\u00e9 agora, 84 mortos e 276 dispersos.<\/div>\n<div class=\"title__separator\"><\/div>\n<div class=\"article__text\">\n<p><b>Cristiane Murray &#8211; Cidade do Vaticano<\/b><\/p>\n<p>Seis dias depois do rompimento da barragem da Vale em <b>Brumadinho<\/b> e enquanto a empresa promete r\u00e1pidas compensa\u00e7\u00f5es econ\u00f4micas \u00e0s fam\u00edlias, a dor dos sobreviventes e o trabalho das equipes de resgate s\u00e3o cada vez mais intensos.<\/p>\n<p>Mais corpos foram encontrados na regi\u00e3o do Parque das Cachoeiras, e o \u00faltimo balan\u00e7o da Defesa Civil, divulgado em 29\/01, confirma 84 mortes e 276 desaparecidos.<br \/>\nMas o que est\u00e1 sendo chamado \u2018acidente\u2019, e que hoje \u00e9 um triste drama, poderia ter sido evitado.<\/p>\n<p>N\u00f3s contatamos <b>Dom Vicente Ferreira<\/b>, bispo auxiliar da Arquidiocese de Belo Horizonte, presente em Brumadinho nestes dias.<\/p>\n<div>\n<div class=\"article__embed article__embed--unwrap article__embed--dark\">\n<div class=\"article__innerTitle\">Ou\u00e7a a reportagem completa<\/div>\n<!--[if lt IE 9]><script>document.createElement('audio');<\/script><![endif]-->\n<audio class=\"wp-audio-shortcode\" id=\"audio-46741-1\" preload=\"none\" style=\"width: 100%;\" controls=\"controls\"><source type=\"audio\/mpeg\" src=\"https:\/\/media.vaticannews.va\/media\/audio\/s1\/2019\/01\/30\/16\/134849524_F134849524.mp3?_=1\" \/><a href=\"https:\/\/media.vaticannews.va\/media\/audio\/s1\/2019\/01\/30\/16\/134849524_F134849524.mp3\">https:\/\/media.vaticannews.va\/media\/audio\/s1\/2019\/01\/30\/16\/134849524_F134849524.mp3<\/a><\/audio>\n<\/div>\n<\/div>\n<h2>A dor de sepultar e de n\u00e3o encontrar<\/h2>\n<p>\u201cN\u00e3o se trata de uma trag\u00e9dia; \u00e9 um crime e tem nome de respons\u00e1veis: a Vale, maior mineradora do planeta e do nosso pa\u00eds, que mais uma vez nos faz atravessar essa cruz que est\u00e1 significando a morte de centenas de trabalhadores, trabalhadoras, homens, mulheres, crian\u00e7as, de nossa gente, que j\u00e1 sofre tanto com tantas injusti\u00e7as. Agora, estamos no processo de sepultar, quando poss\u00edvel, estes nossos irm\u00e3os e irm\u00e3s\u201d.<\/p>\n<h2>Di\u00e1logo, ora\u00e7\u00f5es, visitas \u00e0s fam\u00edlias enlutadas<\/h2>\n<p>\u201cComo Igreja, nossa Arquidiocese, desde o primeiro momento, pois aqui est\u00e1 instalado um trabalho, com o nosso povo. N\u00f3s estamos marcando presen\u00e7a em todas as inst\u00e2ncias, inclusive mediando o di\u00e1logo com o poder p\u00fablico, com o estado, com o Brasil, com o nosso munic\u00edpio de Brumadinho. A cidade est\u00e1 em luto e passar\u00e1 ainda por muitas e muitas dificuldades&#8221;.<\/p>\n<div>\n<div class=\"article__embed article__embed--border embed_style\">\n<blockquote><p>\u201c Gra\u00e7as a Deus, a solidariedade, as doa\u00e7\u00f5es e o interesse internacional pelo que est\u00e1 acontecendo nos alivia um pouco o fardo da cruz que n\u00f3s estamos passando, mas uma coisa \u00e9 certa: n\u00e3o vamos descer da cruz, porque o nosso povo est\u00e1 sendo crucificado!. \u201d<\/p><\/blockquote>\n<\/div>\n<\/div>\n<p>\u201cAqui n\u00f3s operamos com v\u00e1rios trabalhos. Al\u00e9m da media\u00e7\u00e3o com o di\u00e1logo, para que as consequ\u00eancias n\u00e3o sejam impunes. As marcas deste crime s\u00e3o t\u00e3o vis\u00edveis e j\u00e1 anunciadas. N\u00f3s estamos amparando o nosso povo materialmente e espiritualmente. Visitamos fam\u00edlias desesperadas e enlutadas na ang\u00fastia, celebra\u00e7\u00f5es, ora\u00e7\u00f5es, e nestes dias, um grande n\u00famero de sepultamentos nos nossos irm\u00e3os falecidos. A luta est\u00e1 grande, mas n\u00f3s estamos enfrentando com a for\u00e7a, o apoio de muita gente\u201d.<\/p>\n<div>\n<div class=\"article__embed article__embed--border embed_style\">\n<blockquote><p>\u201c Quero destacar que temos um grande n\u00famero de leigos e leigas&#8230; oh gente boa. Este pessoal realmente comove a gente, inspira a gente, a participa\u00e7\u00e3o, a solidariedade de nossos leigos. \u201d<\/p><\/blockquote>\n<\/div>\n<\/div>\n<p>\u201cNeste momento estamos vivendo este calv\u00e1rio e amparando o nosso povo; estamos juntos com o nosso povo aqui em Brumadinho e em outras partes afetadas\u201d.<\/p>\n<h2>Refazer as leis e cobrar responsabilidades<\/h2>\n<p>\u201cPara o futuro, claro que temos perspectivas. Em sintonia com o nosso arcebispo, <b>Dom Walmor,<\/b> j\u00e1 est\u00e3o acionados os poderes competentes para um di\u00e1logo s\u00e9rio sobre novas reflex\u00f5es e novas decis\u00f5es sobre a minera\u00e7\u00e3o em nosso estado de Minas Gerais e em nosso pa\u00eds. CNBB e as for\u00e7as pastorais, al\u00e9m das for\u00e7as p\u00fablicas, poderes, pol\u00edticos, est\u00e3o sendo provocados para que mudemos esta p\u00e1gina triste de nossa hist\u00f3ria, que h\u00e1 s\u00e9culos vem cavando reservas de lixo, represas com produtos que est\u00e3o causando a danifica\u00e7\u00e3o n\u00e3o s\u00f3 de nossa ecologia mas tamb\u00e9m terrivelmente de nossas vidas humanas. Por isso, ( \u00e9 preciso) mudar pol\u00edticas, refazer as leis e cobrar dos respons\u00e1veis a responsabilidade! \u00c9 claro que n\u00f3s podemos explorar a nossa natureza, isto faz parte da nossa sobreviv\u00eancia, mas n\u00e3o desta forma gananciosa, ego\u00edsta, na qual poucos lucram muito inclusive em detrimento, ou no sacrif\u00edcio, de tantas vidas humanas\u201d.<\/p>\n<div>\n<aside class=\"article__readmore\">\n<div class=\"teaser--labelEvidence teaser\">\n<article>\n<div class=\"teaser__labelWrapper\"><\/div>\n<\/article>\n<\/div>\n<\/aside>\n<\/div>\n<\/div>\n<div>\n<aside class=\"article__readmore\">\n<article>\n<h2 class=\"teaser__title\">Papa Francisco recorda v\u00edtimas da trag\u00e9dia em Brumadinho<\/h2>\n<\/article>\n<\/aside>\n<\/div>\n<p>&nbsp;<\/p>\n<p>\u201cVamos como Igreja continuar, cobrando, acompanhando e pedindo a Deus que nos ajude a mudar esta triste p\u00e1gina que \u00e9 esta minera\u00e7\u00e3o feita do jeito que \u00e9, com v\u00e1rias reservas, represas que amea\u00e7am outras regi\u00f5es, muito mais, infelizmente. Para que mudemos em leis \u2013 n\u00e3o pode ser um discurso apenas \u2013 mas isto precisa mudar na p\u00e1gina do nosso pa\u00eds e do nosso bel\u00edssimo estado de Minas Gerais, lugar de gente t\u00e3o bonita e cheia de espiritualidade.<\/p>\n<h2>Grandes empresas devem se repensar<\/h2>\n<p>&nbsp;<\/p>\n<p>\u201cVamos mudar a nossa mentalidade, assim como nos pede o <b>Papa Francisco<\/b> na <a href=\"http:\/\/w2.vatican.va\/content\/francesco\/pt\/encyclicals\/documents\/papa-francesco_20150524_enciclica-laudato-si.html\" target=\"_blank\" rel=\"external nofollow noopener\">Laudato si<\/a>: \u00e9 preciso tomar novos caminhos de cuidado com o nosso planeta e com a dignidade da vida humana. As grandes empresas, como a Vale, precisam repensar e mudar com urg\u00eancia a forma como tratam o nosso planeta e o nosso povo\u201d.<\/p>\n","protected":false},"excerpt":{"rendered":"<p>Dom Vicente Ferreira, bispo auxiliar de Belo Horizonte, presente em Brumadinho, destaca o apoio da Igreja e a solidariedade do povo, afirmando: &#8216;isso n\u00e3o \u00e9 uma trag\u00e9dia, mas um crime&#8217;. At\u00e9 agora, 84 mortos e 276 dispersos. Cristiane Murray &#8211; Cidade do Vaticano Seis dias depois do rompimento da barragem da Vale em Brumadinho e [&hellip;]<\/p>\n","protected":false},"author":1,"featured_media":46742,"comment_status":"open","ping_status":"closed","sticky":false,"template":"","format":"standard","meta":{"footnotes":""},"categories":[3],"tags":[],"class_list":["post-46741","post","type-post","status-publish","format-standard","has-post-thumbnail","hentry","category-vaticano"],"_links":{"self":[{"href":"https:\/\/catolicanet.net\/wp-cnet\/wp-json\/wp\/v2\/posts\/46741","targetHints":{"allow":["GET"]}}],"collection":[{"href":"https:\/\/catolicanet.net\/wp-cnet\/wp-json\/wp\/v2\/posts"}],"about":[{"href":"https:\/\/catolicanet.net\/wp-cnet\/wp-json\/wp\/v2\/types\/post"}],"author":[{"embeddable":true,"href":"https:\/\/catolicanet.net\/wp-cnet\/wp-json\/wp\/v2\/users\/1"}],"replies":[{"embeddable":true,"href":"https:\/\/catolicanet.net\/wp-cnet\/wp-json\/wp\/v2\/comments?post=46741"}],"version-history":[{"count":2,"href":"https:\/\/catolicanet.net\/wp-cnet\/wp-json\/wp\/v2\/posts\/46741\/revisions"}],"predecessor-version":[{"id":46744,"href":"https:\/\/catolicanet.net\/wp-cnet\/wp-json\/wp\/v2\/posts\/46741\/revisions\/46744"}],"wp:featuredmedia":[{"embeddable":true,"href":"https:\/\/catolicanet.net\/wp-cnet\/wp-json\/wp\/v2\/media\/46742"}],"wp:attachment":[{"href":"https:\/\/catolicanet.net\/wp-cnet\/wp-json\/wp\/v2\/media?parent=46741"}],"wp:term":[{"taxonomy":"category","embeddable":true,"href":"https:\/\/catolicanet.net\/wp-cnet\/wp-json\/wp\/v2\/categories?post=46741"},{"taxonomy":"post_tag","embeddable":true,"href":"https:\/\/catolicanet.net\/wp-cnet\/wp-json\/wp\/v2\/tags?post=46741"}],"curies":[{"name":"wp","href":"https:\/\/api.w.org\/{rel}","templated":true}]}}