{"id":4673,"date":"2014-06-03T19:38:21","date_gmt":"2014-06-03T22:38:21","guid":{"rendered":"http:\/\/catolicanet.net\/wp-cnet\/comissao-para-juventude-motiva-formacao-de-liderancas-jovens-nas-dioceses\/"},"modified":"2017-04-05T14:33:00","modified_gmt":"2017-04-05T17:33:00","slug":"comissao-para-juventude-motiva-formacao-de-liderancas-jovens-nas-dioceses","status":"publish","type":"post","link":"https:\/\/catolicanet.net\/wp-cnet\/comissao-para-juventude-motiva-formacao-de-liderancas-jovens-nas-dioceses\/","title":{"rendered":"Comiss\u00e3o para Juventude motiva forma\u00e7\u00e3o de lideran\u00e7as jovens nas dioceses"},"content":{"rendered":"<p style=\"text-align: justify;\">Em carta enviada os p\u00e1rocos e respons\u00e1veis pela evangeliza\u00e7\u00e3o da juventude no Brasil, o bispo auxiliar de Campo Grande (MS) e presidente da Comiss\u00e3o Episcopal Pastoral para a Juventude da CNBB, dom Eduardo Pinheiro da Silva, reflete sobre a forma\u00e7\u00e3o de lideran\u00e7as jovem para atuar na Igreja na sociedade.<\/p>\n<p>A Comiss\u00e3o sugere pistas de a\u00e7\u00f5es para as estruturas de acompanhamentos, com base no Documento 85 da CNBB, \u201cEvangeliza\u00e7\u00e3o da Juventude\u201d. Entre elas, destacam-se o incentivo aos grupos juvenis\u00a0 como teatro, esporte, dan\u00e7a, servi\u00e7os sociais, bandas e redes sociais, como a necessidade de capacitar a coordena\u00e7\u00e3o respons\u00e1vel pelo grupo para dinamizar as reuni\u00f5es e encontros.<\/p>\n<p>\u201cEstamos convictos do valor da vida em grupo. Por isso nos perguntamos se em todas as comunidades pertencentes \u00e0s nossas par\u00f3quias h\u00e1, no m\u00ednimo, um grupo de jovens. E ser\u00e1 que as estruturas grupais contribuem, realmente, para a forma\u00e7\u00e3o integral dos jovens?\u201d, questionou dom Eduardo.<\/p>\n<p>Na mensagem, o bispo recorda, tamb\u00e9m, as iniciativas da Pastoral Juvenil, por todo o pa\u00eds, programadas para o per\u00edodo da Copa do Mundo 2014<\/p>\n<p>Confira a \u00edntegra da mensagem:<\/p>\n<p>Bras\u00edlia, 1\u00ba de Junho de 2014.<\/p>\n<p><strong>Caros p\u00e1rocos e demais respons\u00e1veis pela evangeliza\u00e7\u00e3o da juventude no Brasil.<br \/>\u201c\u2026 sobre esta pedra construirei a minha Igreja.\u201d (Mt 16, 18)<br \/><\/strong><br \/>Este \u00e9 um m\u00eas rico em celebra\u00e7\u00f5es que fundamentam e alimentam nossa Igreja!<\/p>\n<p>No dia 29, festejamos S\u00e3o Pedro e S\u00e3o Paulo. Sobre os ap\u00f3stolos, a partir deles e com eles, Jesus Cristo construiu sua Igreja, \u201csemente do Reino\u201d, continuadora da sua obra. O desafio \u00e9 grande, mas eles sabem que n\u00e3o est\u00e3o s\u00f3s! A Sant\u00edssima Trindade est\u00e1 na base de tudo (dia 15), o Esp\u00edrito Santo conta com eles e lhes garante a for\u00e7a da unidade (dia 8), o Corpo Eucar\u00edstico de Cristo \u00e9 alimento dos c\u00e9us a estes oper\u00e1rios da messe (dia 19), o Cora\u00e7\u00e3o de Jesus (dia 27) \u00e9 a fonte do amor mission\u00e1rio de servi\u00e7o ao pr\u00f3ximo.<\/p>\n<p>Sustentada pela gra\u00e7a divina, a Igreja se estrutura para favorecer a comunh\u00e3o, a capacita\u00e7\u00e3o e a miss\u00e3o dos disc\u00edpulos do Senhor. As limita\u00e7\u00f5es individuais e as dificuldades de relacionamento dos primeiros seguidores do Mestre n\u00e3o o impediram de apostar no processo de amadurecimento de todos para a miss\u00e3o confiada. Aquela pequena estrutura criada garantiu a alegria da conviv\u00eancia, o desenvolvimento dos dons de cada um, o di\u00e1logo entre si, a corresponsabilidade das a\u00e7\u00f5es, a valoriza\u00e7\u00e3o do protagonismo daqueles homens, tornando-os verdadeiros ap\u00f3stolos, profetas, m\u00e1rtires, l\u00edderes.<\/p>\n<p>Acreditamos, ainda hoje, que as estruturas eclesiais com suas respectivas organiza\u00e7\u00f5es s\u00e3o espa\u00e7os privilegiados de forma\u00e7\u00e3o, ambientes prop\u00edcios de fortalecimento dos sujeitos da evangeliza\u00e7\u00e3o. S\u00e3o, tamb\u00e9m, para os jovens: casas e escolas de lideran\u00e7a, celeiros de voca\u00e7\u00f5es, formadoras de cidad\u00e3os comprometidos com a transforma\u00e7\u00e3o da realidade.<\/p>\n<p>Qualificar nossas estruturas com esta finalidade se torna, portanto, fundamental na evangeliza\u00e7\u00e3o da juventude. Mais do que qualquer outro grupo, as novas gera\u00e7\u00f5es t\u00eam o direito de encontrar em nossos espa\u00e7os eclesiais condi\u00e7\u00f5es favor\u00e1veis para seu desenvolvimento! Por isso, devemos sempre nos perguntar: \u201cestamos formando l\u00edderes a partir de nossas estruturas, confiando aos jovens responsabilidades que os valorizem em seu protagonismo? Acreditamos em sua capacidade de coordena\u00e7\u00e3o, atua\u00e7\u00e3o, cr\u00edtica construtiva, administra\u00e7\u00e3o?\u201d.<\/p>\n<p>\u201cParticipando das estruturas da organiza\u00e7\u00e3o, o jovem desenvolve importantes habilidades de lideran\u00e7a, capacidade de escutar os outros, de superar a timidez e falar em p\u00fablico, de organizar e comunicar suas ideias de maneira sistematizada, de conduzir uma reuni\u00e3o, de analisar criticamente a sociedade ao seu redor, de motivar e acompanhar processos individuais e grupais, de planejar e avaliar a a\u00e7\u00e3o pastoral\u201d (Doc. 85, n. 191).<\/p>\n<p>Ao refletir sobre o legado da JMJ para o amadurecimento do jovem l\u00edder em nossos meios, o Encontro de Revitaliza\u00e7\u00e3o da Pastoral Juvenil no Brasil, acontecido em dezembro passado \u00e0 luz do Documento 85 da CNBB, destacou a 5\u00aa. Linha de A\u00e7\u00e3o \u2013 ESTRUTURAS DE ACOMPANHAMENTO \u2013 como uma de suas urg\u00eancias pastorais. E definiu, assim, para os pr\u00f3ximos anos, as duas PISTAS DE A\u00c7\u00c3O:<\/p>\n<p>1\u00ba. estimular os respons\u00e1veis pelo acompanhamento da pastoral juvenil a estudar os materiais existentes sobre juventude, por meio de Escolas de Forma\u00e7\u00e3o;<br \/>2\u00ba. organizar e articular o Setor Juventude, conforme o documento \u201cEvangeliza\u00e7\u00e3o da Juventude\u201d, com clareza de objetivos e fun\u00e7\u00f5es, respeitando e promovendo as diversas express\u00f5es e o protagonismo juvenil.<\/p>\n<p>A primeira pista destaca a urg\u00eancia de os respons\u00e1veis da juventude capacitarem-se tecnicamente para utilizar melhor as estruturas como instrumento de forma\u00e7\u00e3o de lideran\u00e7a, com novas formas de envolvimento dos jovens no contexto eclesial, favorecendo-lhes condi\u00e7\u00f5es para seu crescimento como crist\u00e3o e cidad\u00e3o. A segunda pista, a mais votada, recorda a urg\u00eancia de organizar bem o Setor Diocesano da Juventude, tornando-o espa\u00e7o de comunh\u00e3o das diversas express\u00f5es e servi\u00e7os juvenis, a partir das adequadas orienta\u00e7\u00f5es do Documento 85 da CNBB.<\/p>\n<p>\u201cEstamos convictos do valor da vida em grupo! Por isso nos perguntamos se em todas as Comunidades pertencentes \u00e0s nossas Par\u00f3quias h\u00e1, no m\u00ednimo, um grupo de jovens. E ser\u00e1 que as estruturas grupais contribuem, realmente, para a forma\u00e7\u00e3o integral dos jovens? Nossos grupos possuem programa\u00e7\u00e3o consistente e acompanhamento qualificado?<br \/>Constata-se, tamb\u00e9m, que muitos jovens t\u00eam amadurecido a consci\u00eancia de sua corresponsabilidade na vida da Igreja. Mas ser\u00e1 que estamos respondendo \u00e0s suas expectativas e buscas e garantindo ambientes adequados para receb\u00ea-los?<br \/>Eis algumas sugest\u00f5es para potencializar nossas estruturas a fim de acolher os jovens no seu amadurecimento para o exerc\u00edcio de sua lideran\u00e7a na Igreja e na sociedade:<\/p>\n<p>1) fazer um levantamento dos espa\u00e7os paroquias pr\u00f3prios para a juventude e averiguar se eles s\u00e3o realmente suficientes, atraentes e formativos;<br \/>2) incentivar grupos juvenis variados (teatro, esporte, dan\u00e7a, servi\u00e7os sociais, bandas, redes sociais, etc) e investir neles, garantindo, ao menos, um grupo de jovens em cada uma das Comunidades pertencentes \u00e0 Par\u00f3quia;<br \/>3) reunir os principais l\u00edderes jovens da par\u00f3quia e, a partir deles, descobrir novas formas de atrair, reunir, envolver e capacitar os jovens sob a for\u00e7a de seu protagonismo;<br \/>4) rever a proposta pedag\u00f3gica da Catequese de Crisma em vista de oferecer estrat\u00e9gias de organiza\u00e7\u00e3o de grupos de jovens, antes de receberem o Sacramento da Confirma\u00e7\u00e3o;<br \/>5) capacitar o coordenador de grupo para dinamizar melhor as reuni\u00f5es, tornando-as consistentes e cativantes;<br \/>6) convidar l\u00edderes jovens para participar das inst\u00e2ncias paroquiais de reflex\u00e3o e decis\u00f5es, principalmente no Conselho Paroquial\/Comunit\u00e1rio de Pastoral;<br \/>7) organizar momentos de \u201cescuta dos jovens\u201d, fazendo com que os adultos se abram mais para as suas preocupa\u00e7\u00f5es, sonhos, sugest\u00f5es, cr\u00edticas, observa\u00e7\u00f5es, etc.;<br \/>8) formar os jovens a partir de a\u00e7\u00f5es mission\u00e1rias, trabalhos volunt\u00e1rios, servi\u00e7os \u00e0 Igreja e \u00e0 Sociedade;<br \/>9) solicitar aos jovens, no exerc\u00edcio de seu protagonismo, sugest\u00f5es em vista de qualificar a evangeliza\u00e7\u00e3o da juventude tendo em conta a cultura midi\u00e1tica e as redes sociais;<br \/>10) organizar, a partir do protagonismo juvenil, um encontro anual de todos os adolescentes e jovens envolvidos nos diversos grupos paroquiais.<\/p>\n<p>Em \u00e9poca de Copa do Mundo, constatamos in\u00fameras estruturas sendo organizadas para a sua realiza\u00e7\u00e3o. Quanto mais se acredita em algo, mais se investe nele! Aprendamos a investir mais nas estruturas eclesiais favor\u00e1veis aos jovens na sua busca de vit\u00f3ria na vida. Jovens entusiasmados por Jesus Cristo e pela miss\u00e3o de sua Igreja tornam-se verdadeiros evangelizadores, protagonistas de um novo tempo, construtores da Civiliza\u00e7\u00e3o do Amor, profetas da paz.<\/p>\n<p>Que o Sagrado Cora\u00e7\u00e3o de Jesus (dia 27) e o Imaculado Cora\u00e7\u00e3o de Maria (dia 28) nos ensinem a amar profundamente os jovens; e que este amor afetivo se transforme, cada vez mais, em amor efetivo estrutural a favor de sua vida e voca\u00e7\u00e3o.<\/p>\n<p><strong>Dom Eduardo Pinheiro da Silva, sdb<\/strong><br \/>Bispo Auxiliar de Campo Grande (MS)<br \/>Presidente da Comiss\u00e3o Episcopal Pastoral para a Juventude da CNBB<\/p>\n<p>Fonte: CNBB<\/p>\n","protected":false},"excerpt":{"rendered":"<p>Em carta enviada os p\u00e1rocos e respons\u00e1veis pela evangeliza\u00e7\u00e3o da juventude no Brasil, o bispo auxiliar de Campo Grande (MS) e presidente da Comiss\u00e3o Episcopal Pastoral para a Juventude da CNBB, dom Eduardo Pinheiro da Silva, reflete sobre a forma\u00e7\u00e3o de lideran\u00e7as jovem para atuar na Igreja na sociedade. A Comiss\u00e3o sugere pistas de a\u00e7\u00f5es [&hellip;]<\/p>\n","protected":false},"author":1,"featured_media":0,"comment_status":"closed","ping_status":"closed","sticky":false,"template":"","format":"standard","meta":{"footnotes":""},"categories":[7],"tags":[],"class_list":["post-4673","post","type-post","status-publish","format-standard","hentry","category-cnbb"],"_links":{"self":[{"href":"https:\/\/catolicanet.net\/wp-cnet\/wp-json\/wp\/v2\/posts\/4673","targetHints":{"allow":["GET"]}}],"collection":[{"href":"https:\/\/catolicanet.net\/wp-cnet\/wp-json\/wp\/v2\/posts"}],"about":[{"href":"https:\/\/catolicanet.net\/wp-cnet\/wp-json\/wp\/v2\/types\/post"}],"author":[{"embeddable":true,"href":"https:\/\/catolicanet.net\/wp-cnet\/wp-json\/wp\/v2\/users\/1"}],"replies":[{"embeddable":true,"href":"https:\/\/catolicanet.net\/wp-cnet\/wp-json\/wp\/v2\/comments?post=4673"}],"version-history":[{"count":1,"href":"https:\/\/catolicanet.net\/wp-cnet\/wp-json\/wp\/v2\/posts\/4673\/revisions"}],"predecessor-version":[{"id":9524,"href":"https:\/\/catolicanet.net\/wp-cnet\/wp-json\/wp\/v2\/posts\/4673\/revisions\/9524"}],"wp:attachment":[{"href":"https:\/\/catolicanet.net\/wp-cnet\/wp-json\/wp\/v2\/media?parent=4673"}],"wp:term":[{"taxonomy":"category","embeddable":true,"href":"https:\/\/catolicanet.net\/wp-cnet\/wp-json\/wp\/v2\/categories?post=4673"},{"taxonomy":"post_tag","embeddable":true,"href":"https:\/\/catolicanet.net\/wp-cnet\/wp-json\/wp\/v2\/tags?post=4673"}],"curies":[{"name":"wp","href":"https:\/\/api.w.org\/{rel}","templated":true}]}}