{"id":46725,"date":"2019-01-31T08:32:33","date_gmt":"2019-01-31T10:32:33","guid":{"rendered":"http:\/\/catolicanet.net\/wp-cnet\/?p=46725"},"modified":"2019-01-31T08:32:33","modified_gmt":"2019-01-31T10:32:33","slug":"familia-de-pe-dalloglio-recebida-pelo-papa-na-casa-s-marta","status":"publish","type":"post","link":"https:\/\/catolicanet.net\/wp-cnet\/familia-de-pe-dalloglio-recebida-pelo-papa-na-casa-s-marta\/","title":{"rendered":"Fam\u00edlia de Pe. Dall&#8217;Oglio recebida pelo Papa na Casa S. Marta"},"content":{"rendered":"<div class=\"article__subTitle\">O encontro, informa a Sala de Imprensa, foi um \u201cgesto de carinho e proximidade do Papa para com a m\u00e3e e os cinco irm\u00e3os do sacerdote jesu\u00edta sequestrado na S\u00edria em 2013.<\/div>\n<div class=\"title__separator\"><\/div>\n<div class=\"article__text\">\n<p><b>Cristiane Murray &#8211; Cidade do Vaticano<\/b><\/p>\n<p>Na manh\u00e3 de quarta-feira, 30 de janeiro, o <b>Papa <\/b>recebeu em sua casa a fam\u00edlia do <b>Padre Paolo Dall\u2019Oglio<\/b>. O encontro, informa a Sala de Imprensa, foi mais um \u201cgesto de carinho e proximidade do Papa para com a m\u00e3e e os cinco irm\u00e3os do sacerdote jesu\u00edta sequestrado na S\u00edria em 29 de julho de 2013 e de quem, desde ent\u00e3o, n\u00e3o h\u00e1 not\u00edcias\u201d.<\/p>\n<h2>Engajado com os jovens e a paz para a S\u00edria<\/h2>\n<p>Cinco anos e meio se passaram e sobre o seu destino muitas hip\u00f3teses foram feitas, sem alguma confirma\u00e7\u00e3o. Padre Paolo, italiano, fundador da comunidade mon\u00e1stica s\u00edria Mar Musa, tinha ido a Raqqa para participar de um encontro promovido por estudantes. Em um v\u00eddeo do evento, o sacerdote aparece invocando liberdade, unidade e cultura para a S\u00edria e seus habitantes.<\/p>\n<div>\n<aside class=\"article__readmore\">\n<div class=\"teaser--labelEvidence teaser\">\n<article>\n<div class=\"teaser__labelWrapper\"><\/div>\n<\/article>\n<\/div>\n<\/aside>\n<\/div>\n<\/div>\n<div>\n<aside class=\"article__readmore\">\n<div class=\"teaser--labelEvidence teaser\">\n<article>\n<div class=\"teaser__contentWrapper\">\n<div><\/div>\n<\/div>\n<\/article>\n<\/div>\n<\/aside>\n<\/div>\n<p>No dia seguinte, foi \u00e0 sede geral do Estado Isl\u00e2mico e em seguida, desapareceu sem deixar sinal. Comprometido com o di\u00e1logo inter-religioso, Padre Paolo Dall\u2019Oglio foi tamb\u00e9m expulso do pa\u00eds em 2012, pelo regime do presidente Assad.<\/p>\n","protected":false},"excerpt":{"rendered":"<p>O encontro, informa a Sala de Imprensa, foi um \u201cgesto de carinho e proximidade do Papa para com a m\u00e3e e os cinco irm\u00e3os do sacerdote jesu\u00edta sequestrado na S\u00edria em 2013. Cristiane Murray &#8211; Cidade do Vaticano Na manh\u00e3 de quarta-feira, 30 de janeiro, o Papa recebeu em sua casa a fam\u00edlia do Padre [&hellip;]<\/p>\n","protected":false},"author":1,"featured_media":46726,"comment_status":"open","ping_status":"closed","sticky":false,"template":"","format":"standard","meta":{"footnotes":""},"categories":[3],"tags":[],"class_list":["post-46725","post","type-post","status-publish","format-standard","has-post-thumbnail","hentry","category-vaticano"],"_links":{"self":[{"href":"https:\/\/catolicanet.net\/wp-cnet\/wp-json\/wp\/v2\/posts\/46725","targetHints":{"allow":["GET"]}}],"collection":[{"href":"https:\/\/catolicanet.net\/wp-cnet\/wp-json\/wp\/v2\/posts"}],"about":[{"href":"https:\/\/catolicanet.net\/wp-cnet\/wp-json\/wp\/v2\/types\/post"}],"author":[{"embeddable":true,"href":"https:\/\/catolicanet.net\/wp-cnet\/wp-json\/wp\/v2\/users\/1"}],"replies":[{"embeddable":true,"href":"https:\/\/catolicanet.net\/wp-cnet\/wp-json\/wp\/v2\/comments?post=46725"}],"version-history":[{"count":1,"href":"https:\/\/catolicanet.net\/wp-cnet\/wp-json\/wp\/v2\/posts\/46725\/revisions"}],"predecessor-version":[{"id":46727,"href":"https:\/\/catolicanet.net\/wp-cnet\/wp-json\/wp\/v2\/posts\/46725\/revisions\/46727"}],"wp:featuredmedia":[{"embeddable":true,"href":"https:\/\/catolicanet.net\/wp-cnet\/wp-json\/wp\/v2\/media\/46726"}],"wp:attachment":[{"href":"https:\/\/catolicanet.net\/wp-cnet\/wp-json\/wp\/v2\/media?parent=46725"}],"wp:term":[{"taxonomy":"category","embeddable":true,"href":"https:\/\/catolicanet.net\/wp-cnet\/wp-json\/wp\/v2\/categories?post=46725"},{"taxonomy":"post_tag","embeddable":true,"href":"https:\/\/catolicanet.net\/wp-cnet\/wp-json\/wp\/v2\/tags?post=46725"}],"curies":[{"name":"wp","href":"https:\/\/api.w.org\/{rel}","templated":true}]}}