{"id":46714,"date":"2019-01-30T10:07:30","date_gmt":"2019-01-30T12:07:30","guid":{"rendered":"http:\/\/catolicanet.net\/wp-cnet\/?p=46714"},"modified":"2019-01-30T10:07:30","modified_gmt":"2019-01-30T12:07:30","slug":"iraque-apelo-do-cardeal-sako-para-o-renascimento-de-mosul","status":"publish","type":"post","link":"https:\/\/catolicanet.net\/wp-cnet\/iraque-apelo-do-cardeal-sako-para-o-renascimento-de-mosul\/","title":{"rendered":"Iraque. Apelo do cardeal Sako para o renascimento de Mosul"},"content":{"rendered":"<div class=\"article__subTitle\">Durante a cerim\u00f4nia de posse do novo arcebispo de Mosul, o dominicano Najb Mikhael Moussa, o Patriarca Sako fez um apelo para a retomada da normalidade com a uni\u00e3o de todos, crist\u00e3os e mu\u00e7ulmanos.<\/div>\n<div class=\"title__separator\"><\/div>\n<div class=\"article__text\">\n<p><b>Cidade do Vaticano<\/b><\/p>\n<p>A cidade iraquiana de Mosul, que saiu do dom\u00ednio dos milicianos jihadistas do Isis em 2017 n\u00e3o consegue voltar \u00e0 normalidade.\u00a0A esperada volta dos que abandonaram a cidade nos anos de domina\u00e7\u00e3o dos extremistas isl\u00e2micos continua, mas em ritmo muito lento. E nos \u00faltimos dias, em particular a m\u00eddia iraquiana documentou a grande degrada\u00e7\u00e3o da \u00e1rea urbana, antigamente habitada pelos crist\u00e3os, que agora se tornou um verdadeiro dep\u00f3sito lixo entre as ru\u00ednas das casas.<\/p>\n<h2><b>Novo arcebispo de Mosul<\/b><\/h2>\n<p>O patriarca de Babil\u00f4nia dos Caldeus, cardeal <b>Louis Rapha\u00ebl Sako<\/b>, foi a Mosul por ocasi\u00e3o da posse do dominicano <b>Najb Mikhael Moussa<\/b> como novo arcebispo. Ao fazer o seu discurso, o patriarca encorajou e invocou o \u201crenascimento\u201d da cidade, confiando o seu novo pastor \u201c\u00e0s m\u00e3os das comunidades crist\u00e3s e mu\u00e7ulmanas locais\u201d.<\/p>\n<p>A fecundidade do trabalho realizado de um bispo \u2013 disse o patriarca caldeu \u2013 depende da unidade da sua diocese, porque o pastor est\u00e1 a servi\u00e7o de todos e n\u00e3o de uma pessoa ou outra\u201d. O cardeal Sako sublinhou que os comportamentos discriminat\u00f3rios, sect\u00e1rios e os favoritismos \u201cdestruem a comunidade\u201d.<\/p>\n<h2><b>Mosul multicultural e diversificada<\/b><\/h2>\n<p>Consciente das dificuldades da diocese destru\u00edda pela guerra, e dirigindo-se aos fi\u00e9is de Mosul disse que tem confian\u00e7a de que eles \u201cter\u00e3o condi\u00e7\u00f5es de aprofundar a alegria da liberta\u00e7\u00e3o, e fazer com que aumente a espe ran\u00e7a de voltar e construir uma conviv\u00eancia leal entre as v\u00e1rias comunidades. Mosul \u2013 acrescentou o patriarca \u2013 \u00e9 \u00fanica pela sua sociedade multicultural e diversificada. Ao mesmo tempo, a Igreja e os crist\u00e3os de Mosul em particular, contribu\u00edram \u00e0 hist\u00f3ria desta cidade no plano nacional, cultural e profissional\u201d.<\/p>\n<h2><b>Novo bispo: recuperar a hist\u00f3ria da cidade<\/b><\/h2>\n<p>Uma mensagem de \u201ccoexist\u00eancia, amor e paz\u201d chegou tamb\u00e9m do novo arcebispo, o qual, durante os anos de ocupa\u00e7\u00e3o do estado isl\u00e2mico, contribuiu prestando assist\u00eancia aos deslocados de Mosul e da plan\u00edcie de N\u00ednive. Gra\u00e7as \u00e0 sua forma\u00e7\u00e3o de arquivista, conseguiu preservar parte do patrim\u00f4nio cultural (crist\u00e3o e n\u00e3o crist\u00e3o) da cidade do norte, que os fundamentalistas queriam destruir. Portanto cabe ao novo bispos a tarefa de retomar o di\u00e1logo e encorajar os pr\u00f3prios mu\u00e7ulmanos \u00e0 reconcilia\u00e7\u00e3o, em uma perspectiva de paz duradoura. Dom Moussa \u00e9 encarregado de ajudar os crist\u00e3os a \u201crecuperar a hist\u00f3ria da cidade\u201d e \u201cfazer renascer as igrejas e os lugares de culto, alguns dos quais est\u00e3o entre os mais antigos e importantes da Igreja caldeia\u201d. Esta riqueza cultural recordou \u201cfazem parte da vida e da hist\u00f3ria da cidade\u201d.<\/p>\n<p>A celebra\u00e7\u00e3o da posse do novo bispo foi realizada na igreja de s\u00e3o Paulo, com a presen\u00e7a de muitos fi\u00e9is, mas tamb\u00e9m funcion\u00e1rios pol\u00edticos locais, autoridades e outras pessoas que puderam apreciar o fecundo trabalho realizado pela comunidade crist\u00e3.<\/p>\n<\/div>\n","protected":false},"excerpt":{"rendered":"<p>Durante a cerim\u00f4nia de posse do novo arcebispo de Mosul, o dominicano Najb Mikhael Moussa, o Patriarca Sako fez um apelo para a retomada da normalidade com a uni\u00e3o de todos, crist\u00e3os e mu\u00e7ulmanos. Cidade do Vaticano A cidade iraquiana de Mosul, que saiu do dom\u00ednio dos milicianos jihadistas do Isis em 2017 n\u00e3o consegue [&hellip;]<\/p>\n","protected":false},"author":1,"featured_media":46715,"comment_status":"open","ping_status":"closed","sticky":false,"template":"","format":"standard","meta":{"footnotes":""},"categories":[13],"tags":[],"class_list":["post-46714","post","type-post","status-publish","format-standard","has-post-thumbnail","hentry","category-featured"],"_links":{"self":[{"href":"https:\/\/catolicanet.net\/wp-cnet\/wp-json\/wp\/v2\/posts\/46714","targetHints":{"allow":["GET"]}}],"collection":[{"href":"https:\/\/catolicanet.net\/wp-cnet\/wp-json\/wp\/v2\/posts"}],"about":[{"href":"https:\/\/catolicanet.net\/wp-cnet\/wp-json\/wp\/v2\/types\/post"}],"author":[{"embeddable":true,"href":"https:\/\/catolicanet.net\/wp-cnet\/wp-json\/wp\/v2\/users\/1"}],"replies":[{"embeddable":true,"href":"https:\/\/catolicanet.net\/wp-cnet\/wp-json\/wp\/v2\/comments?post=46714"}],"version-history":[{"count":1,"href":"https:\/\/catolicanet.net\/wp-cnet\/wp-json\/wp\/v2\/posts\/46714\/revisions"}],"predecessor-version":[{"id":46716,"href":"https:\/\/catolicanet.net\/wp-cnet\/wp-json\/wp\/v2\/posts\/46714\/revisions\/46716"}],"wp:featuredmedia":[{"embeddable":true,"href":"https:\/\/catolicanet.net\/wp-cnet\/wp-json\/wp\/v2\/media\/46715"}],"wp:attachment":[{"href":"https:\/\/catolicanet.net\/wp-cnet\/wp-json\/wp\/v2\/media?parent=46714"}],"wp:term":[{"taxonomy":"category","embeddable":true,"href":"https:\/\/catolicanet.net\/wp-cnet\/wp-json\/wp\/v2\/categories?post=46714"},{"taxonomy":"post_tag","embeddable":true,"href":"https:\/\/catolicanet.net\/wp-cnet\/wp-json\/wp\/v2\/tags?post=46714"}],"curies":[{"name":"wp","href":"https:\/\/api.w.org\/{rel}","templated":true}]}}