{"id":4670,"date":"2014-06-03T18:49:22","date_gmt":"2014-06-03T21:49:22","guid":{"rendered":"http:\/\/catolicanet.net\/wp-cnet\/semana-ecumenica-no-brasil-mutirao-pela-unidade\/"},"modified":"2017-04-05T14:34:02","modified_gmt":"2017-04-05T17:34:02","slug":"semana-ecumenica-no-brasil-mutirao-pela-unidade","status":"publish","type":"post","link":"https:\/\/catolicanet.net\/wp-cnet\/semana-ecumenica-no-brasil-mutirao-pela-unidade\/","title":{"rendered":"Semana ecum\u00eanica no Brasil: mutir\u00e3o pela unidade"},"content":{"rendered":"<p style=\"text-align: justify;\">Est\u00e1 em andamento em todo o Brasil a Semana de Ora\u00e7\u00e3o pela Unidade dos Crist\u00e3os.<\/p>\n<p><img decoding=\"async\" src=\"http:\/\/catolicanet.com.br\/images\/stories\/conic.jpg\" border=\"0\" align=\"left\" \/>O tema \u201cAcaso Cristo est\u00e1 dividido?\u201d quer refletir sobre as diversas express\u00f5es de f\u00e9, em torno do mesmo Cristo. A atividade \u00e9 promovida pelo Pontif\u00edcio Conselho para a Unidade dos Crist\u00e3os (CPUC) e Conselho Mundial de Igrejas (CMI) de 1\u00ba a 8 de junho.<\/p>\n<p>Em mensagem enviada pelo Conselho Nacional de Igrejas Crist\u00e3s do Brasil (Conic), as igrejas desejam que a Semana de Ora\u00e7\u00e3o possa ser ocasi\u00e3o de \u201cconv\u00edvio fraternal\u201d.<\/p>\n<p>\u201cConvidamos a cada um de voc\u00eas a se unirem a este grande mutir\u00e3o pela Unidade, que \u00e9 a Semana de Ora\u00e7\u00e3o pela Unidade dos Crist\u00e3os. Cada um \u00e9 chamado a transformar a realidade onde vive e a construir um mundo melhor, vencendo preconceitos e buscando o respeito e a unidade\u201d, diz o texto.<\/p>\n<p>Confira a \u00edntegra da carta do Conic para a Semana de Ora\u00e7\u00e3o:<\/p>\n<p>Irm\u00e3os e Irm\u00e3s da Caminhada Ecum\u00eanica!<\/p>\n<p>N\u00f3s, representantes das igrejas-membro do Conselho Nacional de Igrejas Crist\u00e3s do Brasil (CONIC), nos dirigimos a voc\u00eas na paz e na gra\u00e7a do nosso Senhor Jesus Cristo.<\/p>\n<p>Mais uma vez estaremos unidos, celebrando a Semana de Ora\u00e7\u00e3o pela Unidade dos Crist\u00e3os no per\u00edodo de 1 a 8 de junho. Refletiremos este ano o tema \u201cAcaso Cristo est\u00e1 dividido?\u201d, motivados pelo lema de 1 Cor 1, 1-17.<\/p>\n<p>Esta Semana foi organizada pelos irm\u00e3os e irm\u00e3s do Canad\u00e1, pa\u00eds marcado pela diversidade de idiomas, cultura, clima e diversas express\u00f5es de f\u00e9. Nossos irm\u00e3os do Canad\u00e1 afirmam: \u201cA primeira carta aos Cor\u00edntios tamb\u00e9m aponta um caminho pelo qual podemos valorizar e acolher os dons dos outros, mesmo agora no meio das nossas divis\u00f5es\u201d.<\/p>\n<p>\u201cConvidamos a cada um de voc\u00eas a se unirem a este grande mutir\u00e3o pela Unidade, que \u00e9 a Semana de Ora\u00e7\u00e3o pela Unidade dos Crist\u00e3os. Cada um \u00e9 chamado a transformar a realidade onde vive e a construir um mundo melhor, vencendo preconceitos e buscando o respeito e a unidade\u201d.<\/p>\n<p>Que a reflex\u00e3o desta Semana de Ora\u00e7\u00e3o pela Unidade dos Crist\u00e3os nos anime a confiar, sempre mais, na transforma\u00e7\u00e3o poss\u00edvel e no conv\u00edvio fraternal. Que sejamos fortalecidos na f\u00e9 que brota da certeza que vem da vit\u00f3ria do Ressuscitado.<\/p>\n<p>Com nossa ben\u00e7\u00e3o e fraterna sauda\u00e7\u00e3o,<\/p>\n<p>Dom Francisco de Assis da Silva (Bispo Primaz da IEAB)<br \/>Pastor Dr. Nestor Paulo Friedrich (Pastor Presidente da IECLB)<br \/>Dom Leonardo Ulrich Steiner (Secret\u00e1rio-Geral da CNBB)<br \/>Presb\u00edtera Anita Sue Wright Torres (Moderadora da IPU)<br \/>Dom Titos Paulo George Hanna (Arcebispo da ISOA)<\/p>\n<p>Fonte: R\u00e1dio Vaticano<br \/>Local:Bras\u00edlia<\/p>\n","protected":false},"excerpt":{"rendered":"<p>Est\u00e1 em andamento em todo o Brasil a Semana de Ora\u00e7\u00e3o pela Unidade dos Crist\u00e3os. O tema \u201cAcaso Cristo est\u00e1 dividido?\u201d quer refletir sobre as diversas express\u00f5es de f\u00e9, em torno do mesmo Cristo. A atividade \u00e9 promovida pelo Pontif\u00edcio Conselho para a Unidade dos Crist\u00e3os (CPUC) e Conselho Mundial de Igrejas (CMI) de 1\u00ba [&hellip;]<\/p>\n","protected":false},"author":1,"featured_media":0,"comment_status":"closed","ping_status":"closed","sticky":false,"template":"","format":"standard","meta":{"footnotes":""},"categories":[4],"tags":[],"class_list":["post-4670","post","type-post","status-publish","format-standard","hentry","category-cotidiano"],"_links":{"self":[{"href":"https:\/\/catolicanet.net\/wp-cnet\/wp-json\/wp\/v2\/posts\/4670","targetHints":{"allow":["GET"]}}],"collection":[{"href":"https:\/\/catolicanet.net\/wp-cnet\/wp-json\/wp\/v2\/posts"}],"about":[{"href":"https:\/\/catolicanet.net\/wp-cnet\/wp-json\/wp\/v2\/types\/post"}],"author":[{"embeddable":true,"href":"https:\/\/catolicanet.net\/wp-cnet\/wp-json\/wp\/v2\/users\/1"}],"replies":[{"embeddable":true,"href":"https:\/\/catolicanet.net\/wp-cnet\/wp-json\/wp\/v2\/comments?post=4670"}],"version-history":[{"count":1,"href":"https:\/\/catolicanet.net\/wp-cnet\/wp-json\/wp\/v2\/posts\/4670\/revisions"}],"predecessor-version":[{"id":9527,"href":"https:\/\/catolicanet.net\/wp-cnet\/wp-json\/wp\/v2\/posts\/4670\/revisions\/9527"}],"wp:attachment":[{"href":"https:\/\/catolicanet.net\/wp-cnet\/wp-json\/wp\/v2\/media?parent=4670"}],"wp:term":[{"taxonomy":"category","embeddable":true,"href":"https:\/\/catolicanet.net\/wp-cnet\/wp-json\/wp\/v2\/categories?post=4670"},{"taxonomy":"post_tag","embeddable":true,"href":"https:\/\/catolicanet.net\/wp-cnet\/wp-json\/wp\/v2\/tags?post=4670"}],"curies":[{"name":"wp","href":"https:\/\/api.w.org\/{rel}","templated":true}]}}