{"id":46693,"date":"2019-01-30T08:28:38","date_gmt":"2019-01-30T10:28:38","guid":{"rendered":"http:\/\/catolicanet.net\/wp-cnet\/?p=46693"},"modified":"2019-01-30T08:28:38","modified_gmt":"2019-01-30T10:28:38","slug":"cimi-denuncia-invasoes-de-madeireiros-e-ameacas-de-posseiros-a-terras-indigenas","status":"publish","type":"post","link":"https:\/\/catolicanet.net\/wp-cnet\/cimi-denuncia-invasoes-de-madeireiros-e-ameacas-de-posseiros-a-terras-indigenas\/","title":{"rendered":"Cimi denuncia invas\u00f5es de madeireiros e amea\u00e7as de posseiros a terras ind\u00edgenas"},"content":{"rendered":"<div class=\"section\">\n<div class=\"clearfix page_theme\">\n<div class=\"f_left\">O portal do Conselho Indigenista Mission\u00e1rio (CIMI) divulgou uma mat\u00e9ria especial sobre a intensifica\u00e7\u00e3o, neste in\u00edcio de ano,\u00a0das den\u00fancias de invas\u00e3o a terras ind\u00edgenas no Brasil. De acordo com o organismo, com base em um relat\u00f3rio divulgado pelo Observat\u00f3rio \u201cDe Olho nos Ruralistas\u201d,\u00a0ao menos cinco terras demarcadas registraram roubo de madeira, derrubada de floresta para pastagens e, ainda mais grave, a abertura de picadas e estabelecimento de lotes para ocupa\u00e7\u00e3o ilegal dos territ\u00f3rios tradicionais.<\/div>\n<div><\/div>\n<div><\/div>\n<\/div>\n<\/div>\n<div class=\"post-body\">\n<p>&nbsp;<\/p>\n<p>A not\u00edcia traz o enfoque nas Terras Ind\u00edgenas (TIs) Arara, no Par\u00e1, e\u00a0Arariboia, no Maranh\u00e3o, que registraram no primeiro m\u00eas do ano a invas\u00e3o de madeireiros e a de grileiros que vem tentando se estabelecer no interior das \u00e1reas demarcadas. Os povos Uru-Eu-Wau-Wau e Karipuna, ambos em Rond\u00f4nia, tamb\u00e9m identificaram novas investidas de grileiros, que j\u00e1 abrem picadas e, no caso Karipuna, vem se estabelecendo dentro da terra ind\u00edgena. De acordo com a mat\u00e9ria houve repercuss\u00e3o ainda no entorno das TIs Mar\u00e3iwats\u00e9d\u00e9, em Mato Grosso, e Aw\u00e1, no Maranh\u00e3o.<\/p>\n<div id=\"attachment_206933\" class=\"wp-caption alignright\"><a href=\"http:\/\/www.cnbb.org.br\/?attachment_id=206933\"><img loading=\"lazy\" decoding=\"async\" class=\"size-medium wp-image-206933\" src=\"http:\/\/www.cnbb.org.br\/wp-content\/uploads\/sites\/32\/2019\/01\/TI-Karipuna_RogerioAssis_Greenpeace-300x200.jpg\" srcset=\"http:\/\/www.cnbb.org.br\/wp-content\/uploads\/sites\/32\/2019\/01\/TI-Karipuna_RogerioAssis_Greenpeace-300x200.jpg 300w, http:\/\/www.cnbb.org.br\/wp-content\/uploads\/sites\/32\/2019\/01\/TI-Karipuna_RogerioAssis_Greenpeace-768x512.jpg 768w, http:\/\/www.cnbb.org.br\/wp-content\/uploads\/sites\/32\/2019\/01\/TI-Karipuna_RogerioAssis_Greenpeace-1024x683.jpg 1024w, http:\/\/www.cnbb.org.br\/wp-content\/uploads\/sites\/32\/2019\/01\/TI-Karipuna_RogerioAssis_Greenpeace.jpg 1200w\" alt=\"\" width=\"300\" height=\"200\" \/><\/a><\/p>\n<p class=\"wp-caption-text\">Devido \u00e0 falta de prote\u00e7\u00e3o da \u00e1rea, os invasores chegam a montar acampamentos dentro do territ\u00f3rio Karipuna para fazer a retirada ilegal de madeira. Foto:\u00a0RogerioAssis\/Greenpeace<\/p>\n<\/div>\n<p>Segundo o Cimi, Ind\u00edgenas, o Minist\u00e9rio P\u00fablico Federal (MPF) e a Funda\u00e7\u00e3o Nacional do \u00cdndio (Funai) denunciaram amea\u00e7as de reinvas\u00e3o de posseiros a ambas as terras, articuladas por pol\u00edticos e fazendeiros. No caso da TI Awa, a Funai tamb\u00e9m notificou a invas\u00e3o de madeireiros e fazendeiros, que tem derrubado as matas da terra ind\u00edgena para a cria\u00e7\u00e3o de gado, aproveitando-se da falta de recursos do \u00f3rg\u00e3o indigenista para fazer a fiscaliza\u00e7\u00e3o constante da \u00e1rea.<\/p>\n<\/div>\n<div class=\"post-body\">\n<p>Em pelo menos quatro destas terras ind\u00edgenas,\u00a0 o Cimi afirma que a devasta\u00e7\u00e3o causada por invasores e os riscos que eles representam s\u00e3o ainda mais graves em fun\u00e7\u00e3o da presen\u00e7a de grupos ind\u00edgenas isolados. \u00c9 o caso das TIs Aw\u00e1, Arariboia e Uru-Eu-Wau-Wau, onde a exist\u00eancia destes grupos \u00e9 reconhecida pela Funai, e da TI Karipuna, onde os ind\u00edgenas j\u00e1 afirmaram terem avistado isolados circulando pelo territ\u00f3rio. O observat\u00f3rio<em>\u00a0De Olho nos Ruralistas\u00a0<\/em>tamb\u00e9m incluiu, entre as investidas contra terras ind\u00edgenas registradas no in\u00edcio de 2019, a invas\u00e3o de garimpeiros \u00e0 TI Yanomami, em Roraima. Al\u00e9m das invas\u00f5es a terras demarcadas,\u00a0um ataque a tiros\u00a0contra os Guarani Mbya da retomada Ponta do Arado, em Porto Alegre (RS), marcou o m\u00eas de janeiro.<\/p>\n<p>Ainda de acordo com o organismo,\u00a0 o aumento das invas\u00f5es a terras demarcadas vem sendo verificado nos \u00faltimos anos, ap\u00f3s os cortes nos recursos dos \u00f3rg\u00e3os respons\u00e1veis por fiscalizar as terras ind\u00edgenas e unidades de conserva\u00e7\u00e3o, durante o governo Temer.\u00a0Em 2017, o organismo registrou\u00a096 casos de invas\u00e3o, explora\u00e7\u00e3o ilegal de recursos naturais e danos diversos \u00e0s terras ind\u00edgenas no Brasil \u2013 um aumento de 62% em rela\u00e7\u00e3o ao ano anterior, quando 59 casos foram registrados.<\/p>\n<p>A mat\u00e9ria divulgada no portal do Cimi afirma ainda que alguns dos casos registrados nas \u00faltimas semanas referem-se a terras ind\u00edgenas cujos povos t\u00eam denunciado de forma recorrente as invas\u00f5es e conflitos com madeireiros ou fazendeiros. Lideran\u00e7as desses territ\u00f3rios, por\u00e9m, afirmam que as amea\u00e7as est\u00e3o aumentando e que os invasores est\u00e3o se sentindo \u201crepresentados\u201d por Jair Bolsonaro, que desde a campanha eleitoral vinha se pronunciando contra as demarca\u00e7\u00f5es e os direitos ind\u00edgenas. \u201cAssim que o novo governo tomou posse l\u00e1 em Bras\u00edlia, as pessoas que sempre quiseram invadir as terras ind\u00edgenas se sentiram representadas. No momento, a gente est\u00e1 praticamente desamparado\u201d, avalia Pur\u00e9 Uru-Eu-Wau-Wau.<\/p>\n<div id=\"attachment_206935\" class=\"wp-caption alignleft\"><a href=\"http:\/\/www.cnbb.org.br\/?attachment_id=206935\"><img loading=\"lazy\" decoding=\"async\" class=\"wp-image-206935 size-medium\" src=\"http:\/\/www.cnbb.org.br\/wp-content\/uploads\/sites\/32\/2019\/01\/TI-arara-2019_ibama-300x200.jpg\" srcset=\"http:\/\/www.cnbb.org.br\/wp-content\/uploads\/sites\/32\/2019\/01\/TI-arara-2019_ibama-300x200.jpg 300w, http:\/\/www.cnbb.org.br\/wp-content\/uploads\/sites\/32\/2019\/01\/TI-arara-2019_ibama-768x512.jpg 768w, http:\/\/www.cnbb.org.br\/wp-content\/uploads\/sites\/32\/2019\/01\/TI-arara-2019_ibama-1024x683.jpg 1024w, http:\/\/www.cnbb.org.br\/wp-content\/uploads\/sites\/32\/2019\/01\/TI-arara-2019_ibama.jpg 1200w\" alt=\"\" width=\"300\" height=\"200\" \/><\/a><\/p>\n<p class=\"wp-caption-text\">Ap\u00f3s den\u00fancias, Ibama e Pol\u00edcia Federal realizaram a\u00e7\u00e3o de ficaliza\u00e7\u00e3o na TI Arara. Foto: Ibama<\/p>\n<\/div>\n<p>Na avalia\u00e7\u00e3o do secret\u00e1rio-executivo do Cimi, Cleber Buzatto, as primeiras medidas do governo Bolsonaro serviram de incentivo a este tipo de a\u00e7\u00e3o. O desmembramento da Funai, a transfer\u00eancia das demarca\u00e7\u00f5es de terras ind\u00edgenas ao Minist\u00e9rio da Agricultura, Pecu\u00e1ria e Abastecimento, dominado por ruralistas,\u00a0e o enfraquecimento do Minist\u00e9rio do Meio Ambiente\u00a0foram determinados j\u00e1 no primeiro dia de expediente do novo governo, por meio da Medida Provis\u00f3ria (MP) 870.<\/p>\n<p>\u201cEst\u00e1 em curso no Brasil uma nova fase de esbulho possess\u00f3rio contra terras ind\u00edgenas, realizada por grupos econ\u00f4micos de forma ilegal e criminosa. Eles s\u00e3o incentivados e acobertados pela pol\u00edtica indigenista do governo Bolsonaro. Os discursos contra os direitos constitucionais ind\u00edgenas feitos desde a campanha, agora, se refletem em seus atos administrativos\u201d, avalia Buzatto.<\/p>\n<p><a href=\"https:\/\/cimi.org.br\/2019\/01\/pelo-menos-seis-terras-indigenas-sofrem-com-invasoes-e-ameacas-de-invasao-no-inicio-de-2019\/\">Confira a mat\u00e9ria completa no site do Cimi.\u00a0<\/a><\/p>\n<\/div>\n","protected":false},"excerpt":{"rendered":"<p>O portal do Conselho Indigenista Mission\u00e1rio (CIMI) divulgou uma mat\u00e9ria especial sobre a intensifica\u00e7\u00e3o, neste in\u00edcio de ano,\u00a0das den\u00fancias de invas\u00e3o a terras ind\u00edgenas no Brasil. De acordo com o organismo, com base em um relat\u00f3rio divulgado pelo Observat\u00f3rio \u201cDe Olho nos Ruralistas\u201d,\u00a0ao menos cinco terras demarcadas registraram roubo de madeira, derrubada de floresta para [&hellip;]<\/p>\n","protected":false},"author":1,"featured_media":46694,"comment_status":"open","ping_status":"closed","sticky":false,"template":"","format":"standard","meta":{"footnotes":""},"categories":[7],"tags":[],"class_list":["post-46693","post","type-post","status-publish","format-standard","has-post-thumbnail","hentry","category-cnbb"],"_links":{"self":[{"href":"https:\/\/catolicanet.net\/wp-cnet\/wp-json\/wp\/v2\/posts\/46693","targetHints":{"allow":["GET"]}}],"collection":[{"href":"https:\/\/catolicanet.net\/wp-cnet\/wp-json\/wp\/v2\/posts"}],"about":[{"href":"https:\/\/catolicanet.net\/wp-cnet\/wp-json\/wp\/v2\/types\/post"}],"author":[{"embeddable":true,"href":"https:\/\/catolicanet.net\/wp-cnet\/wp-json\/wp\/v2\/users\/1"}],"replies":[{"embeddable":true,"href":"https:\/\/catolicanet.net\/wp-cnet\/wp-json\/wp\/v2\/comments?post=46693"}],"version-history":[{"count":1,"href":"https:\/\/catolicanet.net\/wp-cnet\/wp-json\/wp\/v2\/posts\/46693\/revisions"}],"predecessor-version":[{"id":46695,"href":"https:\/\/catolicanet.net\/wp-cnet\/wp-json\/wp\/v2\/posts\/46693\/revisions\/46695"}],"wp:featuredmedia":[{"embeddable":true,"href":"https:\/\/catolicanet.net\/wp-cnet\/wp-json\/wp\/v2\/media\/46694"}],"wp:attachment":[{"href":"https:\/\/catolicanet.net\/wp-cnet\/wp-json\/wp\/v2\/media?parent=46693"}],"wp:term":[{"taxonomy":"category","embeddable":true,"href":"https:\/\/catolicanet.net\/wp-cnet\/wp-json\/wp\/v2\/categories?post=46693"},{"taxonomy":"post_tag","embeddable":true,"href":"https:\/\/catolicanet.net\/wp-cnet\/wp-json\/wp\/v2\/tags?post=46693"}],"curies":[{"name":"wp","href":"https:\/\/api.w.org\/{rel}","templated":true}]}}