{"id":46657,"date":"2019-01-29T10:30:09","date_gmt":"2019-01-29T12:30:09","guid":{"rendered":"http:\/\/catolicanet.net\/wp-cnet\/?p=46657"},"modified":"2019-01-29T10:33:22","modified_gmt":"2019-01-29T12:33:22","slug":"papa-francisco-convida-pobres-de-roma-para-um-espetaculo-sobre-michelangelo","status":"publish","type":"post","link":"https:\/\/catolicanet.net\/wp-cnet\/papa-francisco-convida-pobres-de-roma-para-um-espetaculo-sobre-michelangelo\/","title":{"rendered":"Papa Francisco convida pobres de Roma para um espet\u00e1culo sobre Michelangelo"},"content":{"rendered":"<p>O Papa Francisco convidou nesta segunda-feira, 28 de janeiro, pobres, sem-teto, refugiados, um grupo de encarcerados e fam\u00edlias necessitadas para assistirem ao espet\u00e1culo permanente &#8220;Ju\u00edzo Universal. Michelangelo e os segredos da Capela Sistina&#8221;.<\/p>\n<p>Este convite foi poss\u00edvel gra\u00e7as \u00e0 iniciativa da Esmolaria Apost\u00f3lica e pela ajuda de um grupo de volunt\u00e1rios, al\u00e9m da empresa organizadora, Artainment Worldwide Shows, que disponibilizou 1300 ingressos gr\u00e1tis para as pessoas necessitadas.<\/p>\n<p>Este espet\u00e1culo estreou em 15 de mar\u00e7o de 2018 no Auditorium Conciliazione, perto da Pra\u00e7a de S\u00e3o Pedro, no Vaticano e, portanto, da Capela Sistina, onde ficam os afrescos originais do &#8220;Ju\u00edzo Final&#8221; de Michelangelo .<\/p>\n<p>Desde o in\u00edcio, o espet\u00e1culo obteve grande sucesso de p\u00fablico e foi bastante elogiado pela cr\u00edtica. Os organizadores e promotores do evento contaram com a consultoria cient\u00edfica de especialistas dos Museus do Vaticano.<\/p>\n<p>Tem uma dura\u00e7\u00e3o de 60 minutos, nos quais busca oferecer aos espectadores uma experi\u00eancia \u00fanica e complementar \u00e0 visita \u00e0 Capela Sistina.<\/p>\n<p>Atrav\u00e9s de <a href=\"https:\/\/www.acidigital.com\/controversia\/imagens.htm\">imagens<\/a> projetadas a 270\u00b0 e por meio de um jogo de coordena\u00e7\u00f5es no qual se alternam m\u00fasica, atores, luzes e dan\u00e7as, o p\u00fablico \u00e9 envolvido nas maravilhas da Capela.<\/p>\n<p>Desta forma, pode descobrir a hist\u00f3ria desta obra-prima de Michelangelo e entender melhor sua transcend\u00eancia na hist\u00f3ria da arte e da humanidade.<\/p>\n","protected":false},"excerpt":{"rendered":"<p>O Papa Francisco convidou nesta segunda-feira, 28 de janeiro, pobres, sem-teto, refugiados, um grupo de encarcerados e fam\u00edlias necessitadas para assistirem ao espet\u00e1culo permanente &#8220;Ju\u00edzo Universal. Michelangelo e os segredos da Capela Sistina&#8221;. Este convite foi poss\u00edvel gra\u00e7as \u00e0 iniciativa da Esmolaria Apost\u00f3lica e pela ajuda de um grupo de volunt\u00e1rios, al\u00e9m da empresa organizadora, [&hellip;]<\/p>\n","protected":false},"author":1,"featured_media":46658,"comment_status":"open","ping_status":"closed","sticky":false,"template":"","format":"standard","meta":{"footnotes":""},"categories":[4],"tags":[],"class_list":["post-46657","post","type-post","status-publish","format-standard","has-post-thumbnail","hentry","category-cotidiano"],"_links":{"self":[{"href":"https:\/\/catolicanet.net\/wp-cnet\/wp-json\/wp\/v2\/posts\/46657","targetHints":{"allow":["GET"]}}],"collection":[{"href":"https:\/\/catolicanet.net\/wp-cnet\/wp-json\/wp\/v2\/posts"}],"about":[{"href":"https:\/\/catolicanet.net\/wp-cnet\/wp-json\/wp\/v2\/types\/post"}],"author":[{"embeddable":true,"href":"https:\/\/catolicanet.net\/wp-cnet\/wp-json\/wp\/v2\/users\/1"}],"replies":[{"embeddable":true,"href":"https:\/\/catolicanet.net\/wp-cnet\/wp-json\/wp\/v2\/comments?post=46657"}],"version-history":[{"count":3,"href":"https:\/\/catolicanet.net\/wp-cnet\/wp-json\/wp\/v2\/posts\/46657\/revisions"}],"predecessor-version":[{"id":46661,"href":"https:\/\/catolicanet.net\/wp-cnet\/wp-json\/wp\/v2\/posts\/46657\/revisions\/46661"}],"wp:featuredmedia":[{"embeddable":true,"href":"https:\/\/catolicanet.net\/wp-cnet\/wp-json\/wp\/v2\/media\/46658"}],"wp:attachment":[{"href":"https:\/\/catolicanet.net\/wp-cnet\/wp-json\/wp\/v2\/media?parent=46657"}],"wp:term":[{"taxonomy":"category","embeddable":true,"href":"https:\/\/catolicanet.net\/wp-cnet\/wp-json\/wp\/v2\/categories?post=46657"},{"taxonomy":"post_tag","embeddable":true,"href":"https:\/\/catolicanet.net\/wp-cnet\/wp-json\/wp\/v2\/tags?post=46657"}],"curies":[{"name":"wp","href":"https:\/\/api.w.org\/{rel}","templated":true}]}}