{"id":4664,"date":"2014-06-03T13:50:33","date_gmt":"2014-06-03T16:50:33","guid":{"rendered":"http:\/\/catolicanet.net\/wp-cnet\/a-acao-do-espirito-santo\/"},"modified":"2017-04-05T14:38:42","modified_gmt":"2017-04-05T17:38:42","slug":"a-acao-do-espirito-santo","status":"publish","type":"post","link":"https:\/\/catolicanet.net\/wp-cnet\/a-acao-do-espirito-santo\/","title":{"rendered":"A a\u00e7\u00e3o do Esp\u00edrito Santo"},"content":{"rendered":"<p style=\"text-align: justify;\">A vida da Igreja come\u00e7a no dia de Pentecostes. A ressurrei\u00e7\u00e3o de Cristo foi proclamada pelo Anjo \u00e0s mulheres e por elas aos ap\u00f3stolos. Estes n\u00e3o acreditaram nelas. Tiveram medo porque n\u00e3o haviam compreendido o mist\u00e9rio de Jesus. Mesmo depois que Cristo, vencedor da morte se manifestou a eles, a d\u00favida persistia em suas mentes. Foi pela vinda do\u00a0 Esp\u00edrito Santo que seus olhos se abriram. Naquele dia come\u00e7aram a pregar o Evangelho, proclamando com toda convic\u00e7\u00e3o que Jesus estava vivo e se colocaram sob as luzes do Par\u00e1clito. A celebra\u00e7\u00e3o dos mist\u00e9rios da Igreja, ou seja, os sacramentos foram ministrados e a comunidade dos fi\u00e9is crescia dia a dia. \u00c9 que a f\u00e9 crist\u00e3 n\u00e3o \u00e9, de plano, uma mensagem, mas um acontecimento. O fundamento da f\u00e9 do crist\u00e3o n\u00e3o \u00e9 outro sen\u00e3o a Ressurrei\u00e7\u00e3o e a glorifica\u00e7\u00e3o de Cristo, o Redentor da humanidade, o Verbo Eterno encarnado. Isto envolve o significado da vida, do mundo e da exist\u00eancia de cada um. Trata-se do an\u00fancio da verdade fundamental a transformar o modo de ser daquele que cr\u00ea, envolvendo todos os seus pensamentos, palavras e a\u00e7\u00f5es. \u00c9 exatamente esta a a\u00e7\u00e3o do Esp\u00edrito Santo. Ele vem a cada cora\u00e7\u00e3o para instalar neles a\u00a0 imagem de Jesus, o que Ele deve realmente representar para o batizado, levando-o a praticar tudo que o Mestre divino ensinou. No decurso da \u00faltima Ceia Jesus asseverou:\u201dQuando vier o Par\u00e1clito que eu vos enviarei de junto do Pai, o Esp\u00edrito da Verdade que procede do Pai, ele dar\u00e1 testemunho de mim [&#8230;] e vos conduzir\u00e1 para a plenitude da verdade\u201d. Foi o que se deu no dia de Pentecostes e continua a acontecer na vida da Igreja. Quando algu\u00e9m \u00e9 batizado e crismado, ele morre com Cristo e ressuscita com Ele para uma vida nova. De fato, pela un\u00e7\u00e3o ele participa do Esp\u00edrito Santo, da vida mesma de Deus. Assim como Cristo \u00e9 a Sabedoria e o Verbo de Deus, o Esp\u00edrito Santo \u00e9 a benignidade de Deus, a alegria, a vontade, o amor do Ser Supremo. O Pai se conhece desde toda eternidade e este conhecimento \u00e9 uma Pessoa, o Filho, o Verbo eterno. O Pai ama o Filho, o Filho ama o Pai e este amor increado \u00e9 a Terceira Pessoa da Trindade, o Esp\u00edrito Santo. Ensina S\u00e3o Paulo: \u201cO amor de Deus foi derramado em nossos cora\u00e7\u00f5es pelo Esp\u00edrito Santo que Ele no deu\u201d (Rm 5,5) Este Esp\u00edrito vem a n\u00f3s com seus sete dons e implanta na alma a semente de seus doze frutos (Gl 5,25) que precisam ent\u00e3o ser cultivados. Oferece a gra\u00e7a da salva\u00e7\u00e3o eterna, o que n\u00e3o \u00e9 uma recompensa, mas um dom gratuito de Deus, dom supremo de sua dile\u00e7\u00e3o. \u00c9 preciso, por\u00e9m, viver em fun\u00e7\u00e3o destas gra\u00e7as e implorar sempre as luzes e for\u00e7as do Esp\u00edrito Santo. Deste modo, se realizar\u00e1 o plano de Deus sobre a humanidade, por que o Esp\u00edrito Santo \u00e9 a resposta a todas as preces, e a esperan\u00e7a de cada cora\u00e7\u00e3o inteiramente realizada. O Esp\u00edrito Santo leva \u00e0 verdadeira concep\u00e7\u00e3o da miseric\u00f3rdia divina que consiste no\u00a0 desejo dele de se instalar\u00a0 dentro de cada cora\u00e7\u00e3o, partilhar nossa experi\u00eancia at\u00e9 o fim, at\u00e9 o dia venturoso da vis\u00e3o beat\u00edfica, para aqueles que j\u00e1 nesta terra participam de Sua vida divina. Atrav\u00e9s do Esp\u00edrito Santo o Evangelho se tornou a hist\u00f3ria de nossa vida com Jesus. \u00c9 que o Esp\u00edrito Santo ilumina o caminho da exist\u00eancia do seguidor de Cristo, firmando esta luz a verdadeira f\u00e9, conservando a presen\u00e7a de Deus em cada a\u00e7\u00e3o humana. Como vivemos num ex\u00edlio, longe da Casa do Pai, as dificuldades se multiplicam e o combate espiritual caracteriza esta trajet\u00f3ria. Dores, afli\u00e7\u00f5es n\u00e3o s\u00f3 de cada batizado, mas de toda a Igreja contra as for\u00e7as do mal. Felicidade e paz completas apenas na eternidade. At\u00e9 l\u00e1 o Esp\u00edrito Santo oferece ao crist\u00e3o o dom de poder comunicar aos outros a energia do amor de um Deus que a todos considera como filhos e filhas. A gra\u00e7a celeste n\u00e3o s\u00f3 possibilita isto, mas induz a agir desta forma, irradiando a mensagem da salva\u00e7\u00e3o por toda parte pelas preces, palavras, gestos e modo de ser\u00a0 talhado pelo Evangelho. N\u00e3o recebemos inutilmente o Esp\u00edrito Santo. N\u00e3o se trata de\u00a0 uma pura ret\u00f3rica. \u00c9 uma realidade que torna o crist\u00e3o um ap\u00f3stolo. Este, contudo, recebe o influxo do Esp\u00edrito Santo para poder transformar a sociedade em que vive. Tal \u00e9 a vontade de Deus, pois se somos crist\u00e3os temos o mundo em nossas m\u00e3os. Cumpre, por\u00e9m, compreender o mundo e ser verdadeiramente cat\u00f3lico, isto \u00e9, vivendo um universalismo que n\u00e3o seja nivelador, mas que leve\u00a0 \u00e0 unidade na diversidade das pessoas amadas e respeitadas.<\/p>\n<p style=\"text-align: justify;\"> <strong>* Professor no Semin\u00e1rio de Mariana durante 40 anos. <\/strong><\/p>\n","protected":false},"excerpt":{"rendered":"<p>A vida da Igreja come\u00e7a no dia de Pentecostes. A ressurrei\u00e7\u00e3o de Cristo foi proclamada pelo Anjo \u00e0s mulheres e por elas aos ap\u00f3stolos. Estes n\u00e3o acreditaram nelas. Tiveram medo porque n\u00e3o haviam compreendido o mist\u00e9rio de Jesus. Mesmo depois que Cristo, vencedor da morte se manifestou a eles, a d\u00favida persistia em suas mentes. [&hellip;]<\/p>\n","protected":false},"author":7,"featured_media":0,"comment_status":"closed","ping_status":"closed","sticky":false,"template":"","format":"standard","meta":{"footnotes":""},"categories":[9],"tags":[],"class_list":["post-4664","post","type-post","status-publish","format-standard","hentry","category-artigos"],"_links":{"self":[{"href":"https:\/\/catolicanet.net\/wp-cnet\/wp-json\/wp\/v2\/posts\/4664","targetHints":{"allow":["GET"]}}],"collection":[{"href":"https:\/\/catolicanet.net\/wp-cnet\/wp-json\/wp\/v2\/posts"}],"about":[{"href":"https:\/\/catolicanet.net\/wp-cnet\/wp-json\/wp\/v2\/types\/post"}],"author":[{"embeddable":true,"href":"https:\/\/catolicanet.net\/wp-cnet\/wp-json\/wp\/v2\/users\/7"}],"replies":[{"embeddable":true,"href":"https:\/\/catolicanet.net\/wp-cnet\/wp-json\/wp\/v2\/comments?post=4664"}],"version-history":[{"count":1,"href":"https:\/\/catolicanet.net\/wp-cnet\/wp-json\/wp\/v2\/posts\/4664\/revisions"}],"predecessor-version":[{"id":9533,"href":"https:\/\/catolicanet.net\/wp-cnet\/wp-json\/wp\/v2\/posts\/4664\/revisions\/9533"}],"wp:attachment":[{"href":"https:\/\/catolicanet.net\/wp-cnet\/wp-json\/wp\/v2\/media?parent=4664"}],"wp:term":[{"taxonomy":"category","embeddable":true,"href":"https:\/\/catolicanet.net\/wp-cnet\/wp-json\/wp\/v2\/categories?post=4664"},{"taxonomy":"post_tag","embeddable":true,"href":"https:\/\/catolicanet.net\/wp-cnet\/wp-json\/wp\/v2\/tags?post=4664"}],"curies":[{"name":"wp","href":"https:\/\/api.w.org\/{rel}","templated":true}]}}