{"id":46630,"date":"2019-01-28T08:10:58","date_gmt":"2019-01-28T10:10:58","guid":{"rendered":"http:\/\/catolicanet.net\/wp-cnet\/?p=46630"},"modified":"2019-01-29T08:16:55","modified_gmt":"2019-01-29T10:16:55","slug":"jmj-2019","status":"publish","type":"post","link":"https:\/\/catolicanet.net\/wp-cnet\/jmj-2019\/","title":{"rendered":"JMJ 2019"},"content":{"rendered":"<p>No pr\u00f3ximo dia 2 de fevereiro, s\u00e1bado, as 8:30 iremos celebrar em nossa Catedral de S\u00e3o Sebasti\u00e3o a nossa a\u00e7\u00e3o de gra\u00e7as pela JMJ no Panam\u00e1 com os peregrinos que voltaram desse belo evento evangelizador. Sem d\u00favida, que o nosso grupo oficial da Arquidiocese, que enviarmos para a Semana Mission\u00e1ria em Chitr\u00e9 e para a JMJ na Cidade do Panam\u00e1 estar\u00e1 presente para a compromisso de estar sempre rejuvenescendo a nossa igreja com a presen\u00e7a juvenil.<\/p>\n<p>Ainda ressoa em meus ouvidos, e, \u00e9 claro, em meu cora\u00e7\u00e3o, os jovens da JMJ do Panam\u00e1 cantando e respondendo: \u201cEis aqui a serva do Senhor, fa\u00e7a-se em mim segundo sua Palavra\u201d. Esse refr\u00e3o, j\u00e1 cantado aqui no Brasil foi repetidos mil vezes em todos os cantos do Panam\u00e1, inclusive pelos meios de comunica\u00e7\u00e3o do pa\u00eds que fizeram uma bela cobertura midi\u00e1tica.<\/p>\n<p>O Santo Padre, o Papa Francisco aprofundou esse tema em suas catequeses e homilias durante os dias aben\u00e7oados da 34\u00ba Jornada da Juventude, a 12\u00aa internacional. Tamb\u00e9m aprofundaram os temas nas catequeses dos Bispos nos 137 centros em 25 idiomas que pregaram durante tr\u00eas manh\u00e3s sobre esse tema dividido em 3 etapas.<\/p>\n<p>Sem d\u00favida que, ap\u00f3s a JMJ do Rio de Janeiro, o interesse dos brasileiros pela Jornada internacional aumentou muito. Quando iniciamos a prepara\u00e7\u00e3o da JMJ do Rio de Janeiro pouco se sabia da mesma no Brasil. Por\u00e9m, nesta atual do Panam\u00e1 calcula-se por volta de 6.000 brasileiros inscritos, al\u00e9m dos que n\u00e3o se inscreveram, presentes no Panam\u00e1 nesses dias. Al\u00e9m dos dias da jornada, muitos deles fizeram os \u201cdias nas dioceses\u201d ou \u201cpr\u00e9-jornadas\u201d ou \u201csemanas mission\u00e1rias\u201d no tempo que antecedeu a JMJ. Alguns fizeram a pr\u00e9-jornada em outros pa\u00edses da Am\u00e9rica Central. Os frutos s\u00e3o indescrit\u00edveis.<\/p>\n<p>A bela participa\u00e7\u00e3o dos peregrinos do mundo inteiro, de todos os continentes ouviram com aten\u00e7\u00e3o o Santo Padre cobrar que a mudan\u00e7a e as transforma\u00e7\u00f5es eram para come\u00e7ar a acontecer no \u201choje\u201d sem esperar pelo amanh\u00e3. E os jovens compreenderam a miss\u00e3o a que o Papa os enviou ao mundo que necessita de testemunhas.<\/p>\n<p>Jovens das mais diversas proced\u00eancias e situa\u00e7\u00f5es humanas, sociais e pol\u00edticas das mais diversas ali estavam participando como um s\u00f3 cora\u00e7\u00e3o e uma s\u00f3 alma. Sinal claro de que este mundo tem solu\u00e7\u00e3o. Embora a \u00eanfase fosse para os Bispos e jovens da Am\u00e9rica Central, que assim tiveram oportunidade de participar da JMJ e tamb\u00e9m de encontrarem-se com o Papa Francisco, a universalidade do evento se fez sentir.<\/p>\n<p>O Panam\u00e1 nos recebeu com entusiasmo, tanto nas casas de hospedagem como o povo pelas ruas, alegres por estarem sendo visitados. Desde o Presidente da Rep\u00fablica e sua esposa (que recebeu pessoalmente os bispos no Aeroporto) esse clima de acolhida se espalhou por todo o Panam\u00e1, e, em especial, na sua capital dando-nos uma alegre sensa\u00e7\u00e3o de \u201cestarmos em casa\u201d. \u00c9 a casa comum dos que t\u00eam a mesma f\u00e9. Por\u00e9m, mesmo outras denomina\u00e7\u00f5es crist\u00e3s e outras religi\u00f5es receberam os peregrinos com os bra\u00e7os abertos e alegres.<\/p>\n<p>Cabe agora continuarmos os passos mission\u00e1rios reavivados durantes esses aben\u00e7oados dias. Cada um dos que participou deve ser um arauto das mensagens recebidas, da experi\u00eancia vivida, das prega\u00e7\u00f5es acolhidas e a import\u00e2ncia da pr\u00e1tica do Evangelho em nossos dias t\u00e3o conturbados.<\/p>\n<p>Um jovem que encontrei no Aeroporto estava contando o seu entusiasmo j\u00e1 contagiado pelos outros jovens brasileiros, embora n\u00e3o tivesse participado da JMJ 2013 pois quando ela ocorreu no Rio de Janeiro era ainda crian\u00e7a e n\u00e3o pode participar pois reside longe. Hoje, j\u00e1 jovem, d\u00e1 continuidade a um esp\u00edrito que foi fortalecido com a nossa acolhida no Brasil desse evento criado por S\u00e3o Jo\u00e3o Paulo II. S\u00e3o jovens contagiando outros jovens a viverem o Evangelho com coragem, \u00e2nimo e coer\u00eancia.<\/p>\n<p>Os horizontes vastos do nosso futuro passam por acontecimentos complexos como os que temos not\u00edcias nesses dias, tanto em nosso pa\u00eds como no exterior, mas o crist\u00e3o \u00e9 sempre chamado a encontrar caminhos para anunciar a esperan\u00e7a que se fundamenta na Ressurrei\u00e7\u00e3o de Cristo. As prementes quest\u00f5es sociais ir\u00e3o sendo enfrentadas por homens e mulheres que, com a experi\u00eancia crist\u00e3, far\u00e3o a diferen\u00e7a. Problemas n\u00e3o faltam e os jovens est\u00e3o conscientes deles, tanto no interior da igreja como da sociedade em geral.<\/p>\n<p>Os Bispos, padres, religiosos e consagrados presentes vimos a nossa juventude vibrante, mas tamb\u00e9m respons\u00e1vel, enfrentando longas caminhadas e calor escaldante, al\u00e9m das dificuldades pr\u00f3prias de um peregrino com rela\u00e7\u00e3o a acomoda\u00e7\u00f5es para tantas pessoas. S\u00e3o jovens que mostram uma igreja vibrante e respons\u00e1vel construtora de um novo amanh\u00e3 alicer\u00e7ado no encontro com Jesus Cristo, que, tenho certeza, junto com Maria nossa m\u00e3e, reavivou nessa Jornada.<\/p>\n<p>Agora, a caminho da pr\u00f3xima JMJ na Europa que fala a nossa l\u00edngua e que tem tantas tradi\u00e7\u00f5es semelhantes \u00e0s nossas, as margens do Tejo em Lisboa nos esperam tendo a imagem de Cristo Rei a nos acolher no vizinho munic\u00edpio de Almada, na outra margem do rio hist\u00f3rico de Portugal. Mas at\u00e9 l\u00e1 somos chamados a contagiar a muitos com o grande an\u00fancio do Evangelho e o testemunho crist\u00e3o que, a cada jornada se intensifica para podermos levar outros a estarem atentos aos sinais dos tempos para ser fermento no meio da massa. Aqui o Rio de Janeiro temos a grande miss\u00e3o de multiplicar a presen\u00e7a da juventude em nossa caminhada eclesial e vivendo o desafio da unidade fraterna dando sinais do amor m\u00fatuo como nos pede o Senhor. Temos um longo caminho a percorrer como disc\u00edpulos mission\u00e1rios de Jesus Cristo Nosso Senhor.<\/p>\n<p>Assim continuaremos a responder ao chamado do Senhor como Maria: Eis-me aqui \u2013 Eis a serva do Senhor \u2013 Fa\u00e7a-se em mim segundo a sua Palavra. E esse mundo nosso vai sendo constru\u00eddo com a gra\u00e7a de Deus. Espero que possamos tamb\u00e9m cantar: \u201cO Senhor fez em mim maravilhas\u201d.<\/p>\n","protected":false},"excerpt":{"rendered":"<p>No pr\u00f3ximo dia 2 de fevereiro, s\u00e1bado, as 8:30 iremos celebrar em nossa Catedral de S\u00e3o Sebasti\u00e3o a nossa a\u00e7\u00e3o de gra\u00e7as pela JMJ no Panam\u00e1 com os peregrinos que voltaram desse belo evento evangelizador. Sem d\u00favida, que o nosso grupo oficial da Arquidiocese, que enviarmos para a Semana Mission\u00e1ria em Chitr\u00e9 e para a [&hellip;]<\/p>\n","protected":false},"author":5,"featured_media":32777,"comment_status":"open","ping_status":"closed","sticky":false,"template":"","format":"standard","meta":{"footnotes":""},"categories":[9],"tags":[],"class_list":["post-46630","post","type-post","status-publish","format-standard","has-post-thumbnail","hentry","category-artigos"],"_links":{"self":[{"href":"https:\/\/catolicanet.net\/wp-cnet\/wp-json\/wp\/v2\/posts\/46630","targetHints":{"allow":["GET"]}}],"collection":[{"href":"https:\/\/catolicanet.net\/wp-cnet\/wp-json\/wp\/v2\/posts"}],"about":[{"href":"https:\/\/catolicanet.net\/wp-cnet\/wp-json\/wp\/v2\/types\/post"}],"author":[{"embeddable":true,"href":"https:\/\/catolicanet.net\/wp-cnet\/wp-json\/wp\/v2\/users\/5"}],"replies":[{"embeddable":true,"href":"https:\/\/catolicanet.net\/wp-cnet\/wp-json\/wp\/v2\/comments?post=46630"}],"version-history":[{"count":1,"href":"https:\/\/catolicanet.net\/wp-cnet\/wp-json\/wp\/v2\/posts\/46630\/revisions"}],"predecessor-version":[{"id":46631,"href":"https:\/\/catolicanet.net\/wp-cnet\/wp-json\/wp\/v2\/posts\/46630\/revisions\/46631"}],"wp:featuredmedia":[{"embeddable":true,"href":"https:\/\/catolicanet.net\/wp-cnet\/wp-json\/wp\/v2\/media\/32777"}],"wp:attachment":[{"href":"https:\/\/catolicanet.net\/wp-cnet\/wp-json\/wp\/v2\/media?parent=46630"}],"wp:term":[{"taxonomy":"category","embeddable":true,"href":"https:\/\/catolicanet.net\/wp-cnet\/wp-json\/wp\/v2\/categories?post=46630"},{"taxonomy":"post_tag","embeddable":true,"href":"https:\/\/catolicanet.net\/wp-cnet\/wp-json\/wp\/v2\/tags?post=46630"}],"curies":[{"name":"wp","href":"https:\/\/api.w.org\/{rel}","templated":true}]}}