{"id":4663,"date":"2014-06-03T12:46:56","date_gmt":"2014-06-03T15:46:56","guid":{"rendered":"http:\/\/catolicanet.net\/wp-cnet\/as-advertencias-do-papa-a-renovacao-carismatica\/"},"modified":"2017-04-05T14:40:52","modified_gmt":"2017-04-05T17:40:52","slug":"as-advertencias-do-papa-a-renovacao-carismatica","status":"publish","type":"post","link":"https:\/\/catolicanet.net\/wp-cnet\/as-advertencias-do-papa-a-renovacao-carismatica\/","title":{"rendered":"As advert\u00eancias do Papa \u00e0 Renova\u00e7\u00e3o Carism\u00e1tica"},"content":{"rendered":"<p style=\"text-align: justify;\"><img decoding=\"async\" src=\"http:\/\/catolicanet.com.br\/images\/stories\/papas\/paparenovacaocarismatica.jpg\" border=\"0\" align=\"left\" \/>O pedido que o Papa Francisco fez \u00e0 Renova\u00e7\u00e3o Carism\u00e1tica \u00e0 unidade est\u00e1 contido tamb\u00e9m em sua Exorta\u00e7\u00e3o Apost\u00f3lica Evangelii Gaudium.<\/p>\n<p>O Pont\u00edfice concluiu sua participa\u00e7\u00e3o no Est\u00e1dio Ol\u00edmpico de Roma, no domingo, com um apelo: \u201cBusquem a unidade da Renova\u00e7\u00e3o, porque a unidade vem do Esp\u00edrito Santo. A divis\u00e3o vem do dem\u00f4nio. Fujam das lutas internas, por favor.\u201d<\/p>\n<p>Na Evangelii Gaudium, Francisco escreve que quando somos n\u00f3s que pretendemos a diversidade e nos fechamos em nossos particularismos, em nossos exclusivismos, provocamos a divis\u00e3o; e, por outro lado, quando somos n\u00f3s que queremos construir a unidade com os nossos planos humanos, acabamos por impor a uniformidade, a homologa\u00e7\u00e3o. Isto n\u00e3o ajuda a miss\u00e3o da Igreja.<\/p>\n<p>Os dons do Esp\u00edrito Santo servem para renovar e edificar a Igreja. N\u00e3o se trata de um patrim\u00f4nio fechado, entregue a um grupo para que o guarde; mas s\u00e3o presentes do Esp\u00edrito integrados no corpo eclesial, atra\u00eddos para o centro que \u00e9 Cristo.<\/p>\n<p>De fato, escreve ainda o Papa, um sinal claro da autenticidade de um carisma \u00e9 a sua eclesialidade, a sua capacidade de se integrar harmoniosamente na vida do povo santo de Deus para o bem de todos.<\/p>\n<p>Essas mesmas palavras ressoaram no Est\u00e1dio Ol\u00edmpico, quando em seu pronunciamento, Francisco definiu a renova\u00e7\u00e3o carism\u00e1tica \u201cuma corrente de gra\u00e7a na Igreja e para a Igreja\u201d. Como em uma orquestra, nenhum movimento pode pensar em ser mais importante ou maior que o outro. \u201cQuando isso acontece, a peste tem in\u00edcio. Ningu\u00e9m pode dizer: eu sou o chefe. Como toda a Igreja, h\u00e1 um s\u00f3 chefe, um \u00fanico Senhor: Jesus.\u201d<\/p>\n<p>O apelo do Pont\u00edfice, todavia, j\u00e1 constitui uma preocupa\u00e7\u00e3o para a pr\u00f3pria Renova\u00e7\u00e3o Carism\u00e1tica, como relata nossa Jacqueline Oliveira, que participou dos dois de encontro no Est\u00e1dio Ol\u00edmpico.<\/p>\n<p>Fonte: R\u00e1dio Vaticano<br \/>Local: Cidade do Vaticano<\/p>\n","protected":false},"excerpt":{"rendered":"<p>O pedido que o Papa Francisco fez \u00e0 Renova\u00e7\u00e3o Carism\u00e1tica \u00e0 unidade est\u00e1 contido tamb\u00e9m em sua Exorta\u00e7\u00e3o Apost\u00f3lica Evangelii Gaudium. O Pont\u00edfice concluiu sua participa\u00e7\u00e3o no Est\u00e1dio Ol\u00edmpico de Roma, no domingo, com um apelo: \u201cBusquem a unidade da Renova\u00e7\u00e3o, porque a unidade vem do Esp\u00edrito Santo. A divis\u00e3o vem do dem\u00f4nio. Fujam das [&hellip;]<\/p>\n","protected":false},"author":1,"featured_media":0,"comment_status":"closed","ping_status":"closed","sticky":false,"template":"","format":"standard","meta":{"footnotes":""},"categories":[3],"tags":[],"class_list":["post-4663","post","type-post","status-publish","format-standard","hentry","category-vaticano"],"_links":{"self":[{"href":"https:\/\/catolicanet.net\/wp-cnet\/wp-json\/wp\/v2\/posts\/4663","targetHints":{"allow":["GET"]}}],"collection":[{"href":"https:\/\/catolicanet.net\/wp-cnet\/wp-json\/wp\/v2\/posts"}],"about":[{"href":"https:\/\/catolicanet.net\/wp-cnet\/wp-json\/wp\/v2\/types\/post"}],"author":[{"embeddable":true,"href":"https:\/\/catolicanet.net\/wp-cnet\/wp-json\/wp\/v2\/users\/1"}],"replies":[{"embeddable":true,"href":"https:\/\/catolicanet.net\/wp-cnet\/wp-json\/wp\/v2\/comments?post=4663"}],"version-history":[{"count":1,"href":"https:\/\/catolicanet.net\/wp-cnet\/wp-json\/wp\/v2\/posts\/4663\/revisions"}],"predecessor-version":[{"id":9534,"href":"https:\/\/catolicanet.net\/wp-cnet\/wp-json\/wp\/v2\/posts\/4663\/revisions\/9534"}],"wp:attachment":[{"href":"https:\/\/catolicanet.net\/wp-cnet\/wp-json\/wp\/v2\/media?parent=4663"}],"wp:term":[{"taxonomy":"category","embeddable":true,"href":"https:\/\/catolicanet.net\/wp-cnet\/wp-json\/wp\/v2\/categories?post=4663"},{"taxonomy":"post_tag","embeddable":true,"href":"https:\/\/catolicanet.net\/wp-cnet\/wp-json\/wp\/v2\/tags?post=4663"}],"curies":[{"name":"wp","href":"https:\/\/api.w.org\/{rel}","templated":true}]}}