{"id":46617,"date":"2019-01-28T14:28:11","date_gmt":"2019-01-28T16:28:11","guid":{"rendered":"http:\/\/catolicanet.net\/wp-cnet\/?p=46617"},"modified":"2019-01-28T14:28:11","modified_gmt":"2019-01-28T16:28:11","slug":"a-virgem-de-fatima-tera-um-papel-fortissimo-na-jmj-2022-assegura-patriarca-de-lisboa","status":"publish","type":"post","link":"https:\/\/catolicanet.net\/wp-cnet\/a-virgem-de-fatima-tera-um-papel-fortissimo-na-jmj-2022-assegura-patriarca-de-lisboa\/","title":{"rendered":"A Virgem de F\u00e1tima ter\u00e1 um papel fort\u00edssimo na JMJ 2022, assegura Patriarca de Lisboa"},"content":{"rendered":"<p>PANAM\u00c1, 28 Jan. 19 \/ 05:00 am (<a href=\"https:\/\/www.acidigital.com\" target=\"_self\">ACI<\/a>).- O Patriarca de Lisboa (Portugal), Cardeal Manuel Clemente, garantiu que Nossa Senhora de F\u00e1tima \u201cter\u00e1 um papel fort\u00edssimo\u201d na Jornada Mundial da Juventude (JMJ) 2022, que ter\u00e1 acontecer\u00e1 em Portugal.<\/p>\n<p>O an\u00fancio da pr\u00f3xima sede da jornada foi feito pelo prefeito do Dicast\u00e9rio para os Leigos, a Fam\u00edlia e a <a href=\"https:\/\/www.acidigital.com\/vida\/index.html\">Vida<\/a>, Cardeal Kevin Farrel, ao final da <a href=\"https:\/\/www.acidigital.com\/fiestas\/eucaristia\/index.html\">Missa<\/a> de encerramento da JMJ Panam\u00e1 2019.<\/p>\n<p>No Campo S\u00e3o Jo\u00e3o Paulo II \u2013 Metro Park, no Panam\u00e1, o Cardeal Farrel assinalou que, \u201ccomo disse o Santo Padre, temos agora que sair daqui e colocar em pr\u00e1tica tudo o que aprendemos. A pr\u00f3xima Jornada Mundial da Juventude ser\u00e1 em Portugal\u201d.<\/p>\n<p>Ap\u00f3s o an\u00fancio, em declara\u00e7\u00f5es \u00e0 EWTN, o Cardeal Clemente falou sobre o papel que a Virgem de F\u00e1tima, cuja imagem peregrina n\u00ba 1 esteve no Panam\u00e1, ter\u00e1 na JMJ 2022.<\/p>\n<p>\u201cUm papel fort\u00edssimo, porque tamb\u00e9m \u00e9 interessante verificar que nesta movimenta\u00e7\u00e3o juvenil cat\u00f3lica que n\u00f3s verificamos em Portugal, a devo\u00e7\u00e3o mariana, a devo\u00e7\u00e3o a Nossa Senhora de F\u00e1tima \u00e9 fort\u00edssima\u201d, afirmou o Patriarca.<\/p>\n<p>O Purpurado recordou ainda a liga\u00e7\u00e3o entre a <a href=\"https:\/\/www.acidigital.com\/Maria\/index.html\">Virgem Maria<\/a> e as Jornadas Mundiais da Juventude, uma vez que este evento internacional \u201c\u00e9 uma iniciativa papal\u201d e \u201cem todas as revela\u00e7\u00f5es, manifesta\u00e7\u00f5es de Nossa Senhora na hist\u00f3ria, F\u00e1tima \u00e9 a que est\u00e1 mais ligada aos Papas, a que est\u00e1 mais ligada ao minist\u00e9rio do Papa e a tudo aquilo que ao Papa se refere\u201d. Portanto, acrescentou, \u201ctudo isto conflui e vai ser muito bom\u201d.<\/p>\n<p>Para o tamb\u00e9m presidente da Confer\u00eancia Episcopal Portuguesa (CEP), \u201co que Portugal tem de melhor para oferecer \u00e0 pr\u00f3xima Jornada \u00e9 a sua pr\u00f3pria juventude, porque, se esta Jornada vai ocorrer em Lisboa \u00e9 muito por for\u00e7a, por vontade, por desejo da juventude cat\u00f3lica portuguesa que est\u00e1 com um dinamismo mission\u00e1rio muito forte\u201d.<\/p>\n<p>Segundo ele, em Portugal, no per\u00edodo \u201centre os dois semestres escolares\u201d, h\u00e1 \u201cmilhares de universit\u00e1rios cat\u00f3licos portugueses\u201d que est\u00e3o fazendo \u201cmiss\u00f5es em aldeias, em vilas do pa\u00eds inteiro, e s\u00f3 n\u00e3o s\u00e3o mais porque n\u00e3o h\u00e1 capacidade log\u00edstica para receber\u201d.<\/p>\n<p>\u201cPortanto, h\u00e1 um movimento cat\u00f3lico fort\u00edssimo e que agora se quer oferecer tamb\u00e9m a todo o mundo e que vai ser a grande for\u00e7a desta jornada\u201d, acrescentou.<\/p>\n","protected":false},"excerpt":{"rendered":"<p>PANAM\u00c1, 28 Jan. 19 \/ 05:00 am (ACI).- O Patriarca de Lisboa (Portugal), Cardeal Manuel Clemente, garantiu que Nossa Senhora de F\u00e1tima \u201cter\u00e1 um papel fort\u00edssimo\u201d na Jornada Mundial da Juventude (JMJ) 2022, que ter\u00e1 acontecer\u00e1 em Portugal. O an\u00fancio da pr\u00f3xima sede da jornada foi feito pelo prefeito do Dicast\u00e9rio para os Leigos, a [&hellip;]<\/p>\n","protected":false},"author":1,"featured_media":46618,"comment_status":"open","ping_status":"closed","sticky":false,"template":"","format":"standard","meta":{"footnotes":""},"categories":[13],"tags":[],"class_list":["post-46617","post","type-post","status-publish","format-standard","has-post-thumbnail","hentry","category-featured"],"_links":{"self":[{"href":"https:\/\/catolicanet.net\/wp-cnet\/wp-json\/wp\/v2\/posts\/46617","targetHints":{"allow":["GET"]}}],"collection":[{"href":"https:\/\/catolicanet.net\/wp-cnet\/wp-json\/wp\/v2\/posts"}],"about":[{"href":"https:\/\/catolicanet.net\/wp-cnet\/wp-json\/wp\/v2\/types\/post"}],"author":[{"embeddable":true,"href":"https:\/\/catolicanet.net\/wp-cnet\/wp-json\/wp\/v2\/users\/1"}],"replies":[{"embeddable":true,"href":"https:\/\/catolicanet.net\/wp-cnet\/wp-json\/wp\/v2\/comments?post=46617"}],"version-history":[{"count":1,"href":"https:\/\/catolicanet.net\/wp-cnet\/wp-json\/wp\/v2\/posts\/46617\/revisions"}],"predecessor-version":[{"id":46619,"href":"https:\/\/catolicanet.net\/wp-cnet\/wp-json\/wp\/v2\/posts\/46617\/revisions\/46619"}],"wp:featuredmedia":[{"embeddable":true,"href":"https:\/\/catolicanet.net\/wp-cnet\/wp-json\/wp\/v2\/media\/46618"}],"wp:attachment":[{"href":"https:\/\/catolicanet.net\/wp-cnet\/wp-json\/wp\/v2\/media?parent=46617"}],"wp:term":[{"taxonomy":"category","embeddable":true,"href":"https:\/\/catolicanet.net\/wp-cnet\/wp-json\/wp\/v2\/categories?post=46617"},{"taxonomy":"post_tag","embeddable":true,"href":"https:\/\/catolicanet.net\/wp-cnet\/wp-json\/wp\/v2\/tags?post=46617"}],"curies":[{"name":"wp","href":"https:\/\/api.w.org\/{rel}","templated":true}]}}