{"id":46606,"date":"2019-01-28T14:04:20","date_gmt":"2019-01-28T16:04:20","guid":{"rendered":"http:\/\/catolicanet.net\/wp-cnet\/?p=46606"},"modified":"2019-01-28T14:07:42","modified_gmt":"2019-01-28T16:07:42","slug":"papa-francisco-recorda-vitimas-da-tragedia-em-brumadinho","status":"publish","type":"post","link":"https:\/\/catolicanet.net\/wp-cnet\/papa-francisco-recorda-vitimas-da-tragedia-em-brumadinho\/","title":{"rendered":"Papa Francisco recorda v\u00edtimas da trag\u00e9dia em Brumadinho"},"content":{"rendered":"<p><img loading=\"lazy\" decoding=\"async\" class=\"size-medium wp-image-46607 alignleft\" src=\"http:\/\/catolicanet.net\/wp-cnet\/wp-content\/uploads\/Bandeira-de-Minas-225x300.jpg\" alt=\"\" width=\"225\" height=\"300\" srcset=\"https:\/\/catolicanet.net\/wp-cnet\/wp-content\/uploads\/Bandeira-de-Minas-225x300.jpg 225w, https:\/\/catolicanet.net\/wp-cnet\/wp-content\/uploads\/Bandeira-de-Minas-576x768.jpg 576w, https:\/\/catolicanet.net\/wp-cnet\/wp-content\/uploads\/Bandeira-de-Minas-600x800.jpg 600w, https:\/\/catolicanet.net\/wp-cnet\/wp-content\/uploads\/Bandeira-de-Minas-696x928.jpg 696w, https:\/\/catolicanet.net\/wp-cnet\/wp-content\/uploads\/Bandeira-de-Minas-315x420.jpg 315w, https:\/\/catolicanet.net\/wp-cnet\/wp-content\/uploads\/Bandeira-de-Minas.jpg 720w\" sizes=\"auto, (max-width: 225px) 100vw, 225px\" \/>Ap\u00f3s a ora\u00e7\u00e3o mariana do Angelus, deste domingo, 27\/01, no Lar do Bom Samaritano Juaz D\u00edaz, em Cidade do Panam\u00e1, o Papa Francisco recordou as v\u00edtimas do rompimento da barragem Mina C\u00f3rrego do Feij\u00e3o, em Brumadinho (MG), no final da manh\u00e3 de sexta-feira (25\/01). Pelo menos 58 pessoas morreram e 305 est\u00e3o desaparecidas, segundo informa\u00e7\u00f5es do Corpo de Bombeiros.<\/p>\n<p>O Pont\u00edfice citou tamb\u00e9m a trag\u00e9dia ocorrida no Estado mexicano de Hidalgo, onde a explos\u00e3o de um oleoduto perfurado ilegalmente mantou at\u00e9 o momento 114 pessoas:<\/p>\n<p>\u201c Desejo expressar meus sentimentos de pesar pelas trag\u00e9dias que atingiram os Estados de Minas Gerais, no Brasil, e Hidalgo, no M\u00e9xico. Confio \u00e0 miseric\u00f3rdia de Deus todas as pessoas falecidas. Ao mesmo tempo, rezo pelos feridos e expresso meu afeto e proximidade espiritual a seus familiares e a toda a popula\u00e7\u00e3o\u201d, disse.<\/p>\n<p>Com informa\u00e7\u00f5es do Vatican News<\/p>\n","protected":false},"excerpt":{"rendered":"<p>Ap\u00f3s a ora\u00e7\u00e3o mariana do Angelus, deste domingo, 27\/01, no Lar do Bom Samaritano Juaz D\u00edaz, em Cidade do Panam\u00e1, o Papa Francisco recordou as v\u00edtimas do rompimento da barragem Mina C\u00f3rrego do Feij\u00e3o, em Brumadinho (MG), no final da manh\u00e3 de sexta-feira (25\/01). Pelo menos 58 pessoas morreram e 305 est\u00e3o desaparecidas, segundo informa\u00e7\u00f5es [&hellip;]<\/p>\n","protected":false},"author":1,"featured_media":46609,"comment_status":"open","ping_status":"closed","sticky":false,"template":"","format":"standard","meta":{"footnotes":""},"categories":[7],"tags":[],"class_list":["post-46606","post","type-post","status-publish","format-standard","has-post-thumbnail","hentry","category-cnbb"],"_links":{"self":[{"href":"https:\/\/catolicanet.net\/wp-cnet\/wp-json\/wp\/v2\/posts\/46606","targetHints":{"allow":["GET"]}}],"collection":[{"href":"https:\/\/catolicanet.net\/wp-cnet\/wp-json\/wp\/v2\/posts"}],"about":[{"href":"https:\/\/catolicanet.net\/wp-cnet\/wp-json\/wp\/v2\/types\/post"}],"author":[{"embeddable":true,"href":"https:\/\/catolicanet.net\/wp-cnet\/wp-json\/wp\/v2\/users\/1"}],"replies":[{"embeddable":true,"href":"https:\/\/catolicanet.net\/wp-cnet\/wp-json\/wp\/v2\/comments?post=46606"}],"version-history":[{"count":1,"href":"https:\/\/catolicanet.net\/wp-cnet\/wp-json\/wp\/v2\/posts\/46606\/revisions"}],"predecessor-version":[{"id":46608,"href":"https:\/\/catolicanet.net\/wp-cnet\/wp-json\/wp\/v2\/posts\/46606\/revisions\/46608"}],"wp:featuredmedia":[{"embeddable":true,"href":"https:\/\/catolicanet.net\/wp-cnet\/wp-json\/wp\/v2\/media\/46609"}],"wp:attachment":[{"href":"https:\/\/catolicanet.net\/wp-cnet\/wp-json\/wp\/v2\/media?parent=46606"}],"wp:term":[{"taxonomy":"category","embeddable":true,"href":"https:\/\/catolicanet.net\/wp-cnet\/wp-json\/wp\/v2\/categories?post=46606"},{"taxonomy":"post_tag","embeddable":true,"href":"https:\/\/catolicanet.net\/wp-cnet\/wp-json\/wp\/v2\/tags?post=46606"}],"curies":[{"name":"wp","href":"https:\/\/api.w.org\/{rel}","templated":true}]}}