{"id":4658,"date":"2014-05-28T16:56:39","date_gmt":"2014-05-28T19:56:39","guid":{"rendered":"http:\/\/catolicanet.net\/wp-cnet\/migracao-e-tema-de-reuniao-em-roma-a-saudacao-do-papa\/"},"modified":"2017-04-05T14:44:36","modified_gmt":"2017-04-05T17:44:36","slug":"migracao-e-tema-de-reuniao-em-roma-a-saudacao-do-papa","status":"publish","type":"post","link":"https:\/\/catolicanet.net\/wp-cnet\/migracao-e-tema-de-reuniao-em-roma-a-saudacao-do-papa\/","title":{"rendered":"Migra\u00e7\u00e3o \u00e9 tema de reuni\u00e3o em Roma. A sauda\u00e7\u00e3o do Papa"},"content":{"rendered":"<p style=\"text-align: justify;\"><img decoding=\"async\" src=\"http:\/\/catolicanet.com.br\/images\/stories\/migracao.jpg\" border=\"0\" align=\"left\" \/>No final da Audi\u00eancia Geral desta quarta-feira, o Papa saudou os membros do Conselho da Comiss\u00e3o Cat\u00f3lica Internacional para as Migra\u00e7\u00f5es, reunidos em Roma para sua sess\u00e3o plen\u00e1ria.<\/p>\n<p>Francisco fez votos que uma a\u00e7\u00e3o solid\u00e1ria da Comiss\u00e3o contribua para amparar \u201cos in\u00fameros irm\u00e3os e irm\u00e3s em necessidade\u201d.<\/p>\n<p>A plen\u00e1ria da Comiss\u00e3o encerra-se esta quarta-feira. Realizada a cada quatro anos, desta vez os participantes j\u00e1 aprovaram os estatutos, que agora ser\u00e3o submetidos \u00e0 Secretaria de Estado, em prol de refugiados e migrantes.<\/p>\n<p>Na sess\u00e3o de ter\u00e7a-feira, participou o Secret\u00e1rio de Estado do Vaticano, Card. Pietro Parolin, que entrevistado pelo Programa Brasileiro reiterou os votos do Papa Francisco para quem trabalha diretamente com migrantes:<\/p>\n<p>Desde o in\u00edcio, o Papa demonstrou uma aten\u00e7\u00e3o muito especial a fen\u00f4meno que ele considera como um dos principais problemas do nosso tempo. Seu interesse \u00e9 para que a Igreja e suas for\u00e7as trabalhem para a solu\u00e7\u00e3o deste problema, com amplas colabora\u00e7\u00f5es da comunidade internacional. Portanto, a minha presen\u00e7a aqui \u00e9 para encorajar os participantes em nome do Papa, para que coloquem em campo todas as for\u00e7as, todas as possibilidades para encontrar uma resposta a este grande desafio contempor\u00e2neo.<\/p>\n<p>Ao representante da Santa S\u00e9 na ONU, em Genebra, Dom Silvano M. Tomasi, o Programa Brasileiro perguntou sobre uma das facetas na migra\u00e7\u00e3o, que pode se transformar em tr\u00e1fico de seres humanos por ocasi\u00e3o de grandes eventos, como a Copa do Mundo no Brasil:<\/p>\n<p>A Copa do Mundo \u00e9 uma bela ocasi\u00e3o, deve-se valorizar o esporte. Todavia, este fen\u00f4meno de unir uma grande aglomera\u00e7\u00e3o de pessoas com a explora\u00e7\u00e3o de outras pessoas parece-me contr\u00e1rio ao esp\u00edrito do esporte, mas sobretudo \u00e9 contr\u00e1rio \u00e0 dignidade da pessoa humana. Portanto justamente h\u00e1 uma preocupa\u00e7\u00e3o e as autoridades no Brasil est\u00e3o fazendo o melhor poss\u00edvel para prevenir que ocorram esse tipo de abusos.<\/p>\n<p>Fonte: R\u00e1dio Vaticano<br \/>Local: Cidade do Vaticano<\/p>\n","protected":false},"excerpt":{"rendered":"<p>No final da Audi\u00eancia Geral desta quarta-feira, o Papa saudou os membros do Conselho da Comiss\u00e3o Cat\u00f3lica Internacional para as Migra\u00e7\u00f5es, reunidos em Roma para sua sess\u00e3o plen\u00e1ria. Francisco fez votos que uma a\u00e7\u00e3o solid\u00e1ria da Comiss\u00e3o contribua para amparar \u201cos in\u00fameros irm\u00e3os e irm\u00e3s em necessidade\u201d. A plen\u00e1ria da Comiss\u00e3o encerra-se esta quarta-feira. Realizada [&hellip;]<\/p>\n","protected":false},"author":1,"featured_media":0,"comment_status":"closed","ping_status":"closed","sticky":false,"template":"","format":"standard","meta":{"footnotes":""},"categories":[3],"tags":[],"class_list":["post-4658","post","type-post","status-publish","format-standard","hentry","category-vaticano"],"_links":{"self":[{"href":"https:\/\/catolicanet.net\/wp-cnet\/wp-json\/wp\/v2\/posts\/4658","targetHints":{"allow":["GET"]}}],"collection":[{"href":"https:\/\/catolicanet.net\/wp-cnet\/wp-json\/wp\/v2\/posts"}],"about":[{"href":"https:\/\/catolicanet.net\/wp-cnet\/wp-json\/wp\/v2\/types\/post"}],"author":[{"embeddable":true,"href":"https:\/\/catolicanet.net\/wp-cnet\/wp-json\/wp\/v2\/users\/1"}],"replies":[{"embeddable":true,"href":"https:\/\/catolicanet.net\/wp-cnet\/wp-json\/wp\/v2\/comments?post=4658"}],"version-history":[{"count":1,"href":"https:\/\/catolicanet.net\/wp-cnet\/wp-json\/wp\/v2\/posts\/4658\/revisions"}],"predecessor-version":[{"id":9539,"href":"https:\/\/catolicanet.net\/wp-cnet\/wp-json\/wp\/v2\/posts\/4658\/revisions\/9539"}],"wp:attachment":[{"href":"https:\/\/catolicanet.net\/wp-cnet\/wp-json\/wp\/v2\/media?parent=4658"}],"wp:term":[{"taxonomy":"category","embeddable":true,"href":"https:\/\/catolicanet.net\/wp-cnet\/wp-json\/wp\/v2\/categories?post=4658"},{"taxonomy":"post_tag","embeddable":true,"href":"https:\/\/catolicanet.net\/wp-cnet\/wp-json\/wp\/v2\/tags?post=4658"}],"curies":[{"name":"wp","href":"https:\/\/api.w.org\/{rel}","templated":true}]}}