{"id":46579,"date":"2019-01-26T11:12:10","date_gmt":"2019-01-26T13:12:10","guid":{"rendered":"http:\/\/catolicanet.net\/wp-cnet\/?p=46579"},"modified":"2019-01-28T11:43:42","modified_gmt":"2019-01-28T13:43:42","slug":"nota-de-solidariedade","status":"publish","type":"post","link":"https:\/\/catolicanet.net\/wp-cnet\/nota-de-solidariedade\/","title":{"rendered":"Nota de solidariedade"},"content":{"rendered":"<p>Juiz de Fora, MG, 25 de janeiro de 2019<\/p>\n<p>Car\u00edssimo irm\u00e3o D. Walmor Oliveira de Azevedo,<\/p>\n<p>Foi com ang\u00fastia e tristeza que recebi as primeiras not\u00edcias sobre a tr\u00e1gica situa\u00e7\u00e3o no complexo da mina C\u00f3rrego do Feij\u00e3o, na zona rural de Brumadinho (MG). Minha solidariedade e ora\u00e7\u00f5es vivas pelos meus irm\u00e3os, religiosos e leigos, que sofrem enlutados por imensa perda.<\/p>\n<p>De m\u00e3os unidas, em uma corrente de f\u00e9 e devo\u00e7\u00e3o, permaneceremos clamando pela integridade das mais de 300 vidas, al\u00e9m de muitas comunidades no entorno, em iminente perigo. Aos resgatados, que a sa\u00fade seja restabelecida pela gra\u00e7a do nosso Senhor Jesus Cristo. Aos enlutados pelas vidas ceifadas, que possam experimentar a compaix\u00e3o de Deus, confiantes na vida eterna.<\/p>\n<p>A terra, nossa casa comum, parece cada vez mais transformada em um imenso dep\u00f3sito de lixo, isso \u00e9 assustador. \u00c9 nosso dever, cada vez mais, investir e incentivar a cultura de uma ecologia do homem, e esta por sua vez deve se traduzir em uma ecologia da vida cotidiana, aquela que se preocupa com o bem comum e a justi\u00e7a entre as gera\u00e7\u00f5es.<\/p>\n<p>Que S\u00e3o Sebasti\u00e3o, padroeiro de Brumadinho, proteja os nossos irm\u00e3os trabalhadores. Estamos em unidade pelos la\u00e7os fraternos e atitudes que sirvam para assegurar todos os esfor\u00e7os necess\u00e1rios neste momento aos irm\u00e3os atingidos.<\/p>\n<p>Com estima fraterna,<\/p>\n<p>+ Eurico dos Santos Veloso<\/p>\n<p>Arcebispo Em\u00e9rito de Juiz de Fora, MG<\/p>\n<p>Presidente da Pr\u00f3 Sa\u00fade<\/p>\n","protected":false},"excerpt":{"rendered":"<p>Juiz de Fora, MG, 25 de janeiro de 2019 Car\u00edssimo irm\u00e3o D. Walmor Oliveira de Azevedo, Foi com ang\u00fastia e tristeza que recebi as primeiras not\u00edcias sobre a tr\u00e1gica situa\u00e7\u00e3o no complexo da mina C\u00f3rrego do Feij\u00e3o, na zona rural de Brumadinho (MG). Minha solidariedade e ora\u00e7\u00f5es vivas pelos meus irm\u00e3os, religiosos e leigos, que [&hellip;]<\/p>\n","protected":false},"author":10,"featured_media":32785,"comment_status":"open","ping_status":"closed","sticky":false,"template":"","format":"standard","meta":{"footnotes":""},"categories":[9],"tags":[],"class_list":["post-46579","post","type-post","status-publish","format-standard","has-post-thumbnail","hentry","category-artigos"],"_links":{"self":[{"href":"https:\/\/catolicanet.net\/wp-cnet\/wp-json\/wp\/v2\/posts\/46579","targetHints":{"allow":["GET"]}}],"collection":[{"href":"https:\/\/catolicanet.net\/wp-cnet\/wp-json\/wp\/v2\/posts"}],"about":[{"href":"https:\/\/catolicanet.net\/wp-cnet\/wp-json\/wp\/v2\/types\/post"}],"author":[{"embeddable":true,"href":"https:\/\/catolicanet.net\/wp-cnet\/wp-json\/wp\/v2\/users\/10"}],"replies":[{"embeddable":true,"href":"https:\/\/catolicanet.net\/wp-cnet\/wp-json\/wp\/v2\/comments?post=46579"}],"version-history":[{"count":1,"href":"https:\/\/catolicanet.net\/wp-cnet\/wp-json\/wp\/v2\/posts\/46579\/revisions"}],"predecessor-version":[{"id":46580,"href":"https:\/\/catolicanet.net\/wp-cnet\/wp-json\/wp\/v2\/posts\/46579\/revisions\/46580"}],"wp:featuredmedia":[{"embeddable":true,"href":"https:\/\/catolicanet.net\/wp-cnet\/wp-json\/wp\/v2\/media\/32785"}],"wp:attachment":[{"href":"https:\/\/catolicanet.net\/wp-cnet\/wp-json\/wp\/v2\/media?parent=46579"}],"wp:term":[{"taxonomy":"category","embeddable":true,"href":"https:\/\/catolicanet.net\/wp-cnet\/wp-json\/wp\/v2\/categories?post=46579"},{"taxonomy":"post_tag","embeddable":true,"href":"https:\/\/catolicanet.net\/wp-cnet\/wp-json\/wp\/v2\/tags?post=46579"}],"curies":[{"name":"wp","href":"https:\/\/api.w.org\/{rel}","templated":true}]}}