{"id":46551,"date":"2019-01-23T16:28:02","date_gmt":"2019-01-23T18:28:02","guid":{"rendered":"http:\/\/catolicanet.net\/wp-cnet\/?p=46551"},"modified":"2019-01-23T16:28:02","modified_gmt":"2019-01-23T18:28:02","slug":"inauguram-parque-do-perdao-milhares-de-peregrinos-se-reconciliam-com-deus-durante-jmj","status":"publish","type":"post","link":"https:\/\/catolicanet.net\/wp-cnet\/inauguram-parque-do-perdao-milhares-de-peregrinos-se-reconciliam-com-deus-durante-jmj\/","title":{"rendered":"Inauguram Parque do Perd\u00e3o: Milhares de peregrinos se reconciliam com Deus durante JMJ"},"content":{"rendered":"<p>PANAM\u00c1, 23 Jan. 19 \/ 10:30 am (<a href=\"https:\/\/www.acidigital.com\" target=\"_self\">ACI<\/a>).- Com uma <a href=\"https:\/\/www.acidigital.com\/fiestas\/eucaristia\/index.html\">Missa<\/a> presidida pelo Arcebispo do Panam\u00e1, Dom Jos\u00e9 Domingo Ulloa, foi inaugurado na ter\u00e7a-feira o Parque do Perd\u00e3o, no qual foram instalados 200 confession\u00e1rios para que os jovens peregrinos da Jornada Mundial da Juventude (JMJ) possam receber o Sacramento da Reconcilia\u00e7\u00e3o.<\/p>\n<p>&#8220;Aqui milhares de jovens vir\u00e3o para ouvir do Senhor do amor, do perd\u00e3o, que uma nova <a href=\"https:\/\/www.acidigital.com\/vida\/index.html\">vida<\/a> come\u00e7a&#8221;, afirmou o Prelado em declara\u00e7\u00f5es \u00e0 imprensa. &#8220;O que estamos vivendo \u00e9 uma manifesta\u00e7\u00e3o espont\u00e2nea da caminhada ordin\u00e1ria desses jovens que est\u00e3o procurando por algo, e eles sabem que encontrar\u00e3o nessa jornada e recarregam as baterias para continuar&#8221;.<\/p>\n<p>Nesse sentido, assegurou que &#8220;a grande maioria dos jovens n\u00e3o sair\u00e1 da Jornada Mundial sem passar por esses confession\u00e1rios&#8221;.<\/p>\n<p>O Parque do Perd\u00e3o fica dentro do Parque Omar. Para facilitar o sacramento da Reconcilia\u00e7\u00e3o, 200 confession\u00e1rios foram instalados, fabricados por 35 detentos do complexo penitenci\u00e1rio La Joya.<\/p>\n<p>Antes da inaugura\u00e7\u00e3o, os fi\u00e9is participaram da prociss\u00e3o da imagem peregrina da Virgem de F\u00e1tima, que chegou na noite da segunda-feira diretamente de Portugal.<\/p>\n<p>Ap\u00f3s a inaugura\u00e7\u00e3o, Dom Ulloa foi o primeiro a se confessar e disse que ele \u00e9 &#8220;um pecador redimido pela miseric\u00f3rdia de Deus. Verdadeiramente confessar me ajuda muito, especialmente nesta \u00e9poca que eu terei que ajudar na reconcilia\u00e7\u00e3o de muitos na sexta-feira que estarei com o Santo Padre confessando os jovens do centro de deten\u00e7\u00e3o\u201d.<\/p>\n<p>A cerim\u00f4nia oficial de abertura da Jornada Mundial da Juventude foi na ter\u00e7a-feira, com uma Missa no Campo Santa Maria la Antigua, presidida pelo Arcebispo do Panam\u00e1.<\/p>\n<p>O evento mundial terminar\u00e1 no domingo, 27 de janeiro, e a partir de hoje contar\u00e1 com a presen\u00e7a do Santo Padre que j\u00e1 decolou para o Panam\u00e1.<\/p>\n","protected":false},"excerpt":{"rendered":"<p>PANAM\u00c1, 23 Jan. 19 \/ 10:30 am (ACI).- Com uma Missa presidida pelo Arcebispo do Panam\u00e1, Dom Jos\u00e9 Domingo Ulloa, foi inaugurado na ter\u00e7a-feira o Parque do Perd\u00e3o, no qual foram instalados 200 confession\u00e1rios para que os jovens peregrinos da Jornada Mundial da Juventude (JMJ) possam receber o Sacramento da Reconcilia\u00e7\u00e3o. &#8220;Aqui milhares de jovens [&hellip;]<\/p>\n","protected":false},"author":1,"featured_media":46552,"comment_status":"open","ping_status":"closed","sticky":false,"template":"","format":"standard","meta":{"footnotes":""},"categories":[4],"tags":[],"class_list":["post-46551","post","type-post","status-publish","format-standard","has-post-thumbnail","hentry","category-cotidiano"],"_links":{"self":[{"href":"https:\/\/catolicanet.net\/wp-cnet\/wp-json\/wp\/v2\/posts\/46551","targetHints":{"allow":["GET"]}}],"collection":[{"href":"https:\/\/catolicanet.net\/wp-cnet\/wp-json\/wp\/v2\/posts"}],"about":[{"href":"https:\/\/catolicanet.net\/wp-cnet\/wp-json\/wp\/v2\/types\/post"}],"author":[{"embeddable":true,"href":"https:\/\/catolicanet.net\/wp-cnet\/wp-json\/wp\/v2\/users\/1"}],"replies":[{"embeddable":true,"href":"https:\/\/catolicanet.net\/wp-cnet\/wp-json\/wp\/v2\/comments?post=46551"}],"version-history":[{"count":1,"href":"https:\/\/catolicanet.net\/wp-cnet\/wp-json\/wp\/v2\/posts\/46551\/revisions"}],"predecessor-version":[{"id":46553,"href":"https:\/\/catolicanet.net\/wp-cnet\/wp-json\/wp\/v2\/posts\/46551\/revisions\/46553"}],"wp:featuredmedia":[{"embeddable":true,"href":"https:\/\/catolicanet.net\/wp-cnet\/wp-json\/wp\/v2\/media\/46552"}],"wp:attachment":[{"href":"https:\/\/catolicanet.net\/wp-cnet\/wp-json\/wp\/v2\/media?parent=46551"}],"wp:term":[{"taxonomy":"category","embeddable":true,"href":"https:\/\/catolicanet.net\/wp-cnet\/wp-json\/wp\/v2\/categories?post=46551"},{"taxonomy":"post_tag","embeddable":true,"href":"https:\/\/catolicanet.net\/wp-cnet\/wp-json\/wp\/v2\/tags?post=46551"}],"curies":[{"name":"wp","href":"https:\/\/api.w.org\/{rel}","templated":true}]}}