{"id":46522,"date":"2019-01-23T08:31:35","date_gmt":"2019-01-23T10:31:35","guid":{"rendered":"http:\/\/catolicanet.net\/wp-cnet\/?p=46522"},"modified":"2019-01-23T08:31:35","modified_gmt":"2019-01-23T10:31:35","slug":"bispos-do-brasil-oferecerao-catequeses-durante-jornada-mundial-da-juventude","status":"publish","type":"post","link":"https:\/\/catolicanet.net\/wp-cnet\/bispos-do-brasil-oferecerao-catequeses-durante-jornada-mundial-da-juventude\/","title":{"rendered":"Bispos do Brasil oferecer\u00e3o catequeses durante Jornada Mundial da Juventude"},"content":{"rendered":"<p>Um grupo de bispos do Brasil ir\u00e1 conduzir catequeses durante a Jornada Mundial da Juventude Panam\u00e1 2019. A partir desta quarta-feira, 23, at\u00e9 sexta-feira, 25, ser\u00e3o tr\u00eas momentos com a juventude reservados para as prega\u00e7\u00f5es dos pastores da Igreja no Brasil.<\/p>\n<p>Os bispos foram separados em cinco grupos lingu\u00edsticos (espanhol, ingl\u00eas, italiano, franc\u00eas e portugu\u00eas). A organiza\u00e7\u00e3o da JMJ definiu 10 sedes e 30 sess\u00f5es para as catequeses. S\u00e3o 15 bispos brasileiros escalados e mais quatro bispos de Angola e seis de Portugal.<\/p>\n<p>O bispo de Imperatriz (MA) e presidente da Comiss\u00e3o Episcopal Pastoral para a Juventude da Confer\u00eancia Nacional dos Bispos do Brasil (CNBB), dom Vilsom Basso, \u00e9 um dos bispos que conduzir\u00e1 os encontros com os jovens. Ele estar\u00e1 \u00e0 frente de duas catequeses: \u201cOs temas ser\u00e3o inspirados no lema \u2018Eis aqui a serva do Senhor, fa\u00e7a-me em mim conforme a tua palavra\u2019 (Lc 1,38). O tema da primeira catequese \u00e9: \u2018Eis-me aqui\u2019. O tema da segunda catequese \u00e9 \u2018Eu sou a serva do Senhor\u2019\u201d.<\/p>\n<p>Confira a lista dos bispos do Brasil e as datas das catequeses. Os locais ainda n\u00e3o foram divulgados.<\/p>\n<p>Quarta-feira, 23 de janeiro<br \/>\nDom Paulo Alves Rom\u00e3o, bispo auxiliar do Rio de Janeiro (RJ)<br \/>\nDom Vilsom Basso, bispo de Imperatriz (MA) e presidente da Comiss\u00e3o Episcopal Pastoral para a Juventude da CNBB<br \/>\nDom Joel Portella Amado, bispo auxiliar do Rio de Janeiro (RJ)<br \/>\nDom Moacir Silva, arcebispo de Ribeir\u00e3o Preto (SP)<br \/>\nCardeal Orani Jo\u00e3o Tempesta, arcebispo do Rio de Janeiro (RJ)<br \/>\nDom Antonio Em\u00eddio Vilar, bispo de S\u00e3o Jo\u00e3o da Boa Vista e membro da Comiss\u00e3o Episcopal para a Juventude da CNBB<\/p>\n<p>Quinta-feira, 24 de janeiro<br \/>\nDom Amilton Manoel da Silva, bispo auxiliar de Curitiba (PR)<br \/>\nDom Estevam dos Santos Silva Filho, bispo auxiliar de Salvador (BA)<br \/>\nDom Nelson Francelino Ferreira, bispo de Valen\u00e7a (RJ) e membro da Comiss\u00e3o Episcopal para a Juventude da CNBB<br \/>\nCardeal Odilo Pedro Scherer, arcebispo de S\u00e3o Paulo (SP)<br \/>\nDom Vilsom Basso, bispo de Imperatriz (MA) e presidente da Comiss\u00e3o Episcopal Pastoral para a Juventude da CNBB<\/p>\n<p>Sexta-feira, 25 de janeiro<br \/>\nDom Carlos Lema Garcia, bispo auxiliar de S\u00e3o Paulo (SP)<br \/>\nCardeal Orani Jo\u00e3o Tempesta, arcebispo do Rio de Janeiro (SP)<br \/>\nDom Milton Ant\u00f4nio dos Santos, arcebispo de Cuiab\u00e1 (MT)<br \/>\nDom Antonio Em\u00eddio Vilar, bispo de S\u00e3o Jo\u00e3o da Boa Vista e membro da Comiss\u00e3o Episcopal para a Juventude da CNBB<br \/>\nDom Vicente Costa, bispo de Jundia\u00ed (SP)<br \/>\nDom Vilson Dias de Oliveira, bispo de Limeira (SP)<br \/>\nDom Gil Ant\u00f4nio Moreira, arcebispo de Juiz de Fora (MG)<br \/>\nDom Ant\u00f4nio de Assis Ribeiro, bispo auxiliar de Bel\u00e9m (PA)<br \/>\nDom Nelson Francelino Ferreira, bispo de Valen\u00e7a (RJ) e membro da Comiss\u00e3o Episcopal para a Juventude da CNBB<\/p>\n","protected":false},"excerpt":{"rendered":"<p>Um grupo de bispos do Brasil ir\u00e1 conduzir catequeses durante a Jornada Mundial da Juventude Panam\u00e1 2019. A partir desta quarta-feira, 23, at\u00e9 sexta-feira, 25, ser\u00e3o tr\u00eas momentos com a juventude reservados para as prega\u00e7\u00f5es dos pastores da Igreja no Brasil. Os bispos foram separados em cinco grupos lingu\u00edsticos (espanhol, ingl\u00eas, italiano, franc\u00eas e portugu\u00eas). [&hellip;]<\/p>\n","protected":false},"author":1,"featured_media":46523,"comment_status":"open","ping_status":"closed","sticky":false,"template":"","format":"standard","meta":{"footnotes":""},"categories":[7],"tags":[],"class_list":["post-46522","post","type-post","status-publish","format-standard","has-post-thumbnail","hentry","category-cnbb"],"_links":{"self":[{"href":"https:\/\/catolicanet.net\/wp-cnet\/wp-json\/wp\/v2\/posts\/46522","targetHints":{"allow":["GET"]}}],"collection":[{"href":"https:\/\/catolicanet.net\/wp-cnet\/wp-json\/wp\/v2\/posts"}],"about":[{"href":"https:\/\/catolicanet.net\/wp-cnet\/wp-json\/wp\/v2\/types\/post"}],"author":[{"embeddable":true,"href":"https:\/\/catolicanet.net\/wp-cnet\/wp-json\/wp\/v2\/users\/1"}],"replies":[{"embeddable":true,"href":"https:\/\/catolicanet.net\/wp-cnet\/wp-json\/wp\/v2\/comments?post=46522"}],"version-history":[{"count":1,"href":"https:\/\/catolicanet.net\/wp-cnet\/wp-json\/wp\/v2\/posts\/46522\/revisions"}],"predecessor-version":[{"id":46524,"href":"https:\/\/catolicanet.net\/wp-cnet\/wp-json\/wp\/v2\/posts\/46522\/revisions\/46524"}],"wp:featuredmedia":[{"embeddable":true,"href":"https:\/\/catolicanet.net\/wp-cnet\/wp-json\/wp\/v2\/media\/46523"}],"wp:attachment":[{"href":"https:\/\/catolicanet.net\/wp-cnet\/wp-json\/wp\/v2\/media?parent=46522"}],"wp:term":[{"taxonomy":"category","embeddable":true,"href":"https:\/\/catolicanet.net\/wp-cnet\/wp-json\/wp\/v2\/categories?post=46522"},{"taxonomy":"post_tag","embeddable":true,"href":"https:\/\/catolicanet.net\/wp-cnet\/wp-json\/wp\/v2\/tags?post=46522"}],"curies":[{"name":"wp","href":"https:\/\/api.w.org\/{rel}","templated":true}]}}