{"id":46506,"date":"2019-01-22T10:20:42","date_gmt":"2019-01-22T12:20:42","guid":{"rendered":"http:\/\/catolicanet.net\/wp-cnet\/?p=46506"},"modified":"2019-01-22T10:20:42","modified_gmt":"2019-01-22T12:20:42","slug":"21-de-janeiro-dia-mundial-da-religiao-e-dia-nacional-de-combate-a-intolerancia-religiosa-no-brasil","status":"publish","type":"post","link":"https:\/\/catolicanet.net\/wp-cnet\/21-de-janeiro-dia-mundial-da-religiao-e-dia-nacional-de-combate-a-intolerancia-religiosa-no-brasil\/","title":{"rendered":"21 de janeiro: Dia Mundial da Religi\u00e3o e Dia Nacional de Combate \u00e0 Intoler\u00e2ncia Religiosa no Brasil"},"content":{"rendered":"<p>O Dia Mundial da Religi\u00e3o \u00e9 comemorado anualmente em 21 de janeiro. A data, cujo objetivo \u00e9 promover o respeito, a toler\u00e2ncia e o di\u00e1logo entre todas as diversas religi\u00f5es existentes no mundo, que pregam como princ\u00edpio a bondade, foi criada em dezembro de 1949, atrav\u00e9s de uma Assembleia Religiosa Nacional dos Baha\u2019is, uma religi\u00e3o monote\u00edsta fundada pelo l\u00edder Bah\u00e1\u2019u\u2019ll\u00e1h, em meados do s\u00e9culo XIX, na P\u00e9rsia.<\/p>\n<p>A ideia \u00e9 incentivar a conviv\u00eancia pac\u00edfica entre todas as diferentes ideologias religiosas e doutrinais, evitando a intoler\u00e2ncia religiosa. Isso porque as quest\u00f5es religiosas sempre foram motivo para as piores guerras e conflitos que a humanidade j\u00e1 presenciou.<\/p>\n<p>Assim, nesta mesma data, o Brasil comemora o Dia Nacional de Combate \u00e0 Intoler\u00e2ncia Religiosa, como um refor\u00e7o ao objetivo proposto pelo Dia Mundial da Religi\u00e3o. O Dia Nacional de Combate \u00e0 Intoler\u00e2ncia Religiosa \u00e9 institu\u00eddo pela Lei n\u00ba 11.635, de 27 de dezembro de 2007.<\/p>\n<p>A data rememora o dia do falecimento da Iyalorix\u00e1 M\u00e3e Gilda, do terreiro Ax\u00e9 Abass\u00e1 de Ogum (BA), v\u00edtima de intoler\u00e2ncia por ser praticante de religi\u00e3o de matriz africana. A sacerdotisa foi acusada de charlatanismo, sua casa atacada e pessoas da comunidade foram agredidas. Ela faleceu no dia 21 de janeiro de 2000, v\u00edtima de infarto.<\/p>\n<p>Com rela\u00e7\u00e3o \u00e0 pr\u00e1tica de intoler\u00e2ncia religiosa no pa\u00eds, apenas em 2016 a Ouvidoria da Secretaria Especial de Pol\u00edticas de Promo\u00e7\u00e3o da Igualdade Racial (SEPPIR) recebeu cerca de 64 den\u00fancias. Em 2015, foram 61 casos. Em 2014, 24 registros. No ano 2013, 49 ocorr\u00eancias. E em 2012, foram 27.<\/p>\n<div id=\"attachment_206460\" class=\"wp-caption alignright\"><img loading=\"lazy\" decoding=\"async\" class=\"wp-image-206460 size-medium\" src=\"http:\/\/www.cnbb.org.br\/wp-content\/uploads\/sites\/32\/2019\/01\/Dom-Francisco-Biasin-300x200.jpg\" srcset=\"http:\/\/www.cnbb.org.br\/wp-content\/uploads\/sites\/32\/2019\/01\/Dom-Francisco-Biasin-300x200.jpg 300w, http:\/\/www.cnbb.org.br\/wp-content\/uploads\/sites\/32\/2019\/01\/Dom-Francisco-Biasin-768x511.jpg 768w, http:\/\/www.cnbb.org.br\/wp-content\/uploads\/sites\/32\/2019\/01\/Dom-Francisco-Biasin.jpg 1000w\" alt=\"\" width=\"300\" height=\"200\" \/><\/p>\n<p class=\"wp-caption-text\">Dom Biasin: \u201cJesus nos manda amar, inclusive os inimigos\u201d<\/p>\n<\/div>\n<p>O bispo da diocese de Barra do Pira\u00ed-Volta Redonda (RJ) e presidente da Comiss\u00e3o Episcopal Pastoral para o Ecumenismo e o Di\u00e1logo Inter-Religioso da Confer\u00eancia Nacional dos Bispos do Brasil (CNBB), dom Francisco Biasin, defende que para alcan\u00e7ar uma conviv\u00eancia mais fraterna entre as religi\u00f5es \u00e9 necess\u00e1rio antes de tudo desvincular o conhecimento de um outro caminho de f\u00e9 de qualquer influ\u00eancia ideol\u00f3gica e pol\u00edtica.<\/p>\n<p>Para ele, um caminho de f\u00e9 pressup\u00f5e uma sincera busca de Deus ou do Transcendente que nasce da consci\u00eancia do ser humano e a partir da\u00ed o leva a construir relacionamentos com a natureza e com os outros seres humanos que harmonizem com tal busca.<\/p>\n<p>A esse respeito, dom Biasin lembra que o papa Francisco, em homilia proferida na capela da Casa Santa Marta no dia 17 de janeiro afirmou: \u201cA Palavra de Deus, a gra\u00e7a do Esp\u00edrito Santo n\u00e3o \u00e9 ideologia, \u00e9 vida, faz crescer sempre, avan\u00e7ar, e tamb\u00e9m abrir o cora\u00e7\u00e3o aos sinais do Esp\u00edrito, aos sinais dos tempos\u201d. Em outra ocasi\u00e3o, refor\u00e7ou o bispo, o papa afirmou: \u201cN\u00e3o pode ser chamada religi\u00e3o a que justifica a elimina\u00e7\u00e3o e a morte de outros seres humanos\u201d.<\/p>\n<p><strong>Pontos de converg\u00eancia<\/strong> \u2013 Dom Biasin destaca que \u00e9 necess\u00e1rio conhecer a religi\u00e3o do outro e colher aqueles pontos de converg\u00eancia com o nosso caminho de f\u00e9 que nos permita dialogar e, quando \u00e9 poss\u00edvel, trabalhar juntos para construir a paz, para defender as pessoas de qualquer forma de injusti\u00e7a, para o respeito e o cuidado com a casa comum.<\/p>\n<p>No caso espec\u00edfico do Brasil, o bispo defende que \u00e9 importante que os crist\u00e3os, de maneira especial os cat\u00f3licos, se revistem de uma atitude de profunda humildade. Segundo ele, \u00e9 f\u00e1cil que se instaure no cora\u00e7\u00e3o dos cat\u00f3licos uma atitude de superioridade hegem\u00f4nica e que assumam um olhar altivo de quem se sente dono da verdade e \u201ctolera\u201d os outros.<\/p>\n<p>O religioso afirma que para o crist\u00e3o \u00e9 pouco demais \u201ctolerar\u201d, pois Jesus nos manda \u201camar\u201d, inclusive os inimigos: \u201cAmai os vossos inimigos, fazei o bem aos que vos odeiam\u201d(Lc 6,27). Dom Biasin refor\u00e7a que os fi\u00e9is de outras Igrejas s\u00e3o irm\u00e3os e irm\u00e3s no Senhor e os membros de outras religi\u00f5es s\u00e3o companheiros de caminhada na estrada da vida e da hist\u00f3ria humana: \u201csomos chamados a respeitar, acolher, dialogar, numa palavra a assumir para com eles a atitude que tudo resume, enaltece e enobrece, a Amar!\u201d<\/p>\n","protected":false},"excerpt":{"rendered":"<p>O Dia Mundial da Religi\u00e3o \u00e9 comemorado anualmente em 21 de janeiro. A data, cujo objetivo \u00e9 promover o respeito, a toler\u00e2ncia e o di\u00e1logo entre todas as diversas religi\u00f5es existentes no mundo, que pregam como princ\u00edpio a bondade, foi criada em dezembro de 1949, atrav\u00e9s de uma Assembleia Religiosa Nacional dos Baha\u2019is, uma religi\u00e3o [&hellip;]<\/p>\n","protected":false},"author":1,"featured_media":46507,"comment_status":"open","ping_status":"closed","sticky":false,"template":"","format":"standard","meta":{"footnotes":""},"categories":[7],"tags":[],"class_list":["post-46506","post","type-post","status-publish","format-standard","has-post-thumbnail","hentry","category-cnbb"],"_links":{"self":[{"href":"https:\/\/catolicanet.net\/wp-cnet\/wp-json\/wp\/v2\/posts\/46506","targetHints":{"allow":["GET"]}}],"collection":[{"href":"https:\/\/catolicanet.net\/wp-cnet\/wp-json\/wp\/v2\/posts"}],"about":[{"href":"https:\/\/catolicanet.net\/wp-cnet\/wp-json\/wp\/v2\/types\/post"}],"author":[{"embeddable":true,"href":"https:\/\/catolicanet.net\/wp-cnet\/wp-json\/wp\/v2\/users\/1"}],"replies":[{"embeddable":true,"href":"https:\/\/catolicanet.net\/wp-cnet\/wp-json\/wp\/v2\/comments?post=46506"}],"version-history":[{"count":1,"href":"https:\/\/catolicanet.net\/wp-cnet\/wp-json\/wp\/v2\/posts\/46506\/revisions"}],"predecessor-version":[{"id":46508,"href":"https:\/\/catolicanet.net\/wp-cnet\/wp-json\/wp\/v2\/posts\/46506\/revisions\/46508"}],"wp:featuredmedia":[{"embeddable":true,"href":"https:\/\/catolicanet.net\/wp-cnet\/wp-json\/wp\/v2\/media\/46507"}],"wp:attachment":[{"href":"https:\/\/catolicanet.net\/wp-cnet\/wp-json\/wp\/v2\/media?parent=46506"}],"wp:term":[{"taxonomy":"category","embeddable":true,"href":"https:\/\/catolicanet.net\/wp-cnet\/wp-json\/wp\/v2\/categories?post=46506"},{"taxonomy":"post_tag","embeddable":true,"href":"https:\/\/catolicanet.net\/wp-cnet\/wp-json\/wp\/v2\/tags?post=46506"}],"curies":[{"name":"wp","href":"https:\/\/api.w.org\/{rel}","templated":true}]}}