{"id":46486,"date":"2019-01-21T16:14:06","date_gmt":"2019-01-21T18:14:06","guid":{"rendered":"http:\/\/catolicanet.net\/wp-cnet\/?p=46486"},"modified":"2019-01-21T16:14:06","modified_gmt":"2019-01-21T18:14:06","slug":"i-multirao-alzheimer-capacitacao-e-apoio-ao-cuidador","status":"publish","type":"post","link":"https:\/\/catolicanet.net\/wp-cnet\/i-multirao-alzheimer-capacitacao-e-apoio-ao-cuidador\/","title":{"rendered":"I Multir\u00e3o ALZHEIMER Capacita\u00e7\u00e3o e Apoio ao Cuidador"},"content":{"rendered":"<p>No dia 02 de Fevereiro de 2019, das 9hs \u00e0s 17hs, acontecera em S\u00e3o Paulo, o I Mutir\u00e3o\u00a0Alzheimer, que ter\u00e1 como enfase na capacita\u00e7\u00e3o e apoio ao\u00a0 cuidador de pessoas com\u00a0Alzheimer.<\/p>\n<p>Solicitamos aos amigos, divulgarem o evento em suas redes, para que mais pessoas possam conhecer esta doen\u00e7a terr\u00edvel, principalmente aos cuidadores de pessoas com\u00a0Alzheimer.<\/p>\n<p>O evento contara com palestra sobre o tema\u00a0Alzheimer, espa\u00e7o de orienta\u00e7\u00f5es e apoio social, cuidados pessoais, espa\u00e7o para di\u00e1logos sobre o tema e apresenta\u00e7\u00f5es culturais.<\/p>\n<p>SERVI\u00c7O DO EVENTO :<\/p>\n<p>I Mutir\u00e3o Alzheimer &#8211; Capacita\u00e7\u00e3o e Apoio ao Cuidador &#8211; Evento Gratuito<\/p>\n<p>Dia : 02 de Fevereiro de 2019 &#8211; hor\u00e1rio\u00a0 9hs \u00e0s 17hs<\/p>\n<p>Local:\u00a0Av. Lins de Vasconcelos, 2129 &#8211; Vila Mariana &#8211;\u00a0Sp\u00a0( Paroquia Santa Margarida Maria)<\/p>\n<p>Informa\u00e7\u00f5es : Fone: 11-9.7674-9855 ( M\u00edriam)<\/p>\n<p><img loading=\"lazy\" decoding=\"async\" class=\"aligncenter wp-image-46487 size-full\" src=\"http:\/\/catolicanet.net\/wp-cnet\/wp-content\/uploads\/IMG-20190116-WA0026.jpg\" alt=\"\" width=\"1006\" height=\"1600\" srcset=\"https:\/\/catolicanet.net\/wp-cnet\/wp-content\/uploads\/IMG-20190116-WA0026.jpg 1006w, https:\/\/catolicanet.net\/wp-cnet\/wp-content\/uploads\/IMG-20190116-WA0026-189x300.jpg 189w, https:\/\/catolicanet.net\/wp-cnet\/wp-content\/uploads\/IMG-20190116-WA0026-768x1221.jpg 768w, https:\/\/catolicanet.net\/wp-cnet\/wp-content\/uploads\/IMG-20190116-WA0026-644x1024.jpg 644w, https:\/\/catolicanet.net\/wp-cnet\/wp-content\/uploads\/IMG-20190116-WA0026-483x768.jpg 483w, https:\/\/catolicanet.net\/wp-cnet\/wp-content\/uploads\/IMG-20190116-WA0026-600x954.jpg 600w, https:\/\/catolicanet.net\/wp-cnet\/wp-content\/uploads\/IMG-20190116-WA0026-696x1107.jpg 696w, https:\/\/catolicanet.net\/wp-cnet\/wp-content\/uploads\/IMG-20190116-WA0026-264x420.jpg 264w\" sizes=\"auto, (max-width: 1006px) 100vw, 1006px\" \/><\/p>\n","protected":false},"excerpt":{"rendered":"<p>No dia 02 de Fevereiro de 2019, das 9hs \u00e0s 17hs, acontecera em S\u00e3o Paulo, o I Mutir\u00e3o\u00a0Alzheimer, que ter\u00e1 como enfase na capacita\u00e7\u00e3o e apoio ao\u00a0 cuidador de pessoas com\u00a0Alzheimer. Solicitamos aos amigos, divulgarem o evento em suas redes, para que mais pessoas possam conhecer esta doen\u00e7a terr\u00edvel, principalmente aos cuidadores de pessoas com\u00a0Alzheimer. [&hellip;]<\/p>\n","protected":false},"author":1,"featured_media":46488,"comment_status":"open","ping_status":"closed","sticky":false,"template":"","format":"standard","meta":{"footnotes":""},"categories":[4],"tags":[],"class_list":["post-46486","post","type-post","status-publish","format-standard","has-post-thumbnail","hentry","category-cotidiano"],"_links":{"self":[{"href":"https:\/\/catolicanet.net\/wp-cnet\/wp-json\/wp\/v2\/posts\/46486","targetHints":{"allow":["GET"]}}],"collection":[{"href":"https:\/\/catolicanet.net\/wp-cnet\/wp-json\/wp\/v2\/posts"}],"about":[{"href":"https:\/\/catolicanet.net\/wp-cnet\/wp-json\/wp\/v2\/types\/post"}],"author":[{"embeddable":true,"href":"https:\/\/catolicanet.net\/wp-cnet\/wp-json\/wp\/v2\/users\/1"}],"replies":[{"embeddable":true,"href":"https:\/\/catolicanet.net\/wp-cnet\/wp-json\/wp\/v2\/comments?post=46486"}],"version-history":[{"count":1,"href":"https:\/\/catolicanet.net\/wp-cnet\/wp-json\/wp\/v2\/posts\/46486\/revisions"}],"predecessor-version":[{"id":46489,"href":"https:\/\/catolicanet.net\/wp-cnet\/wp-json\/wp\/v2\/posts\/46486\/revisions\/46489"}],"wp:featuredmedia":[{"embeddable":true,"href":"https:\/\/catolicanet.net\/wp-cnet\/wp-json\/wp\/v2\/media\/46488"}],"wp:attachment":[{"href":"https:\/\/catolicanet.net\/wp-cnet\/wp-json\/wp\/v2\/media?parent=46486"}],"wp:term":[{"taxonomy":"category","embeddable":true,"href":"https:\/\/catolicanet.net\/wp-cnet\/wp-json\/wp\/v2\/categories?post=46486"},{"taxonomy":"post_tag","embeddable":true,"href":"https:\/\/catolicanet.net\/wp-cnet\/wp-json\/wp\/v2\/tags?post=46486"}],"curies":[{"name":"wp","href":"https:\/\/api.w.org\/{rel}","templated":true}]}}