{"id":46481,"date":"2019-01-21T16:06:10","date_gmt":"2019-01-21T18:06:10","guid":{"rendered":"http:\/\/catolicanet.net\/wp-cnet\/?p=46481"},"modified":"2019-01-21T16:06:10","modified_gmt":"2019-01-21T18:06:10","slug":"instiuicoes-celebram-os-10-anos-do-assassinato-de-manoel-mattos","status":"publish","type":"post","link":"https:\/\/catolicanet.net\/wp-cnet\/instiuicoes-celebram-os-10-anos-do-assassinato-de-manoel-mattos\/","title":{"rendered":"INSTIUI\u00c7\u00d5ES CELEBRAM OS 10 ANOS DO ASSASSINATO DE MANOEL MATTOS"},"content":{"rendered":"<p style=\"text-align: justify;\">Manoel Mattos, advogado, integrante da Comiss\u00e3o de Direitos Humanos da OAB-PE e defensor de direitos humanos foi assinado por pistoleiros no dia 24 de janeiro de 2009, atingido a tiros de pistola e espingarda calibre 12, em Pitimbu, litoral sul da Para\u00edba, falecendo no pr\u00f3prio local. A execu\u00e7\u00e3o foi uma retalia\u00e7\u00e3o ao seu trabalho, conhecido por denunciar grupos de exterm\u00ednio que atuam em Pernambuco e na Para\u00edba.<\/p>\n<p style=\"text-align: justify;\">Em maio de 2010, por maioria de votos, a Terceira Se\u00e7\u00e3o do Superior Tribunal de Justi\u00e7a (STJ) acolheu o pedido da Procuradoria-Geral da Rep\u00fablica (PGR) para que o crime contra o ex-vereador fosse processado pela Justi\u00e7a federal. O caso passou para a responsabilidade da Justi\u00e7a Federal, sendo a primeira vez que o instituto do deslocamento foi aplicado.<\/p>\n<p style=\"text-align: justify;\">Em 2015 o acusado pela Justi\u00e7a Federal de ser o mandante da execu\u00e7\u00e3o, Cl\u00e1udio Roberto Borges, ex-PM foi absolvido no julgamento do Caso, ao lado de outros dois acusados. O j\u00fari popular condenou Jos\u00e9 da Silva Martins e Fl\u00e1vio In\u00e1cio Pereira pelo assassinato, sendo o primeiro como autor dos disparos, com 25 anos de pena e o segundo como mentor do crime, com 26 anos de pena. Ambos est\u00e3o presos em regime fechado por homic\u00eddio duplamente qualificado com dois agravantes: motivo torpe e sem chances de defesa da v\u00edtima.<\/p>\n<p style=\"text-align: justify;\">Mesmo vivendo em um pa\u00eds onde a viol\u00eancia e o n\u00famero de mortes por assassinato se assemelham aos de pa\u00edses em guerra, n\u00e3o h\u00e1 como simplesmente considerar esse assassinato como mais uma morte. Dadas as circunst\u00e2ncias e as consequ\u00eancias do crime, ele foi,\u00a0 antes de tudo, uma grave viola\u00e7\u00e3o material aos Direitos Humanos.<\/p>\n<p style=\"text-align: justify;\">O assassinato de Manoel Mattos calou uma das vozes mais atuantes em defesa dos despossu\u00eddos, oprimidos e explorados da Zona da Mata de Pernambuco e Para\u00edba. Esmagou os sonhos de sua fam\u00edlia, que precisou seguir em frente sem ele, lutando contra todas as dificuldades que se apresentaram a partir de ent\u00e3o.<\/p>\n<p style=\"text-align: justify;\">Mortes\u00a0 como a de Manoel Mattos, que, aos 43 anos, teve sua vida interrompida pela viol\u00eancia, n\u00e3o podem ser esquecidas.<\/p>\n<p style=\"text-align: justify;\">Advogado brilhante, defensor incans\u00e1vel dos direitos dos exclu\u00eddos e oprimidos, Manoel Mattos teve sua voz calada, mas a sua luta continua.<\/p>\n<p style=\"text-align: justify;\">Para celebrar a mem\u00f3ria dos dez anos do assassinato de MANOEL MATTOS\u00a0 o IDheC \u2013 Instituto Dom Helder Camara, apoiado pelas entidades abaixo enumeradas, ir\u00e1 realizar uma Celebra\u00e7\u00e3o Eucar\u00edstica, no dia 24 de janeiro, \u00e0s 19h, na igreja das Fronteiras. Para que a f\u00e9 seja infinita e a justi\u00e7a sobreviva. Juntos.<\/p>\n<p style=\"text-align: justify;\">IDHeC<\/p>\n<p style=\"text-align: justify;\">ABJD<\/p>\n<p style=\"text-align: justify;\">Articula\u00e7\u00e3o de Leigos e Leigas \u2013 representando 21 institui\u00e7\u00f5es<\/p>\n<p style=\"text-align: justify;\">C\u00e1tedra Dom Helder Camara de Direitos Humanos UNESCO\/UNICAP<\/p>\n<p style=\"text-align: justify;\">Cendhec<\/p>\n<p style=\"text-align: justify;\">Centro Manoel Mattos<\/p>\n<p style=\"text-align: justify;\">Comiss\u00e3o de Direitos Humanos da OAB<\/p>\n<p style=\"text-align: justify;\">Comiss\u00e3o Justi\u00e7a e Paz (AOR)<\/p>\n<p style=\"text-align: justify;\">DA de Direito Fernando Santa Cruz<\/p>\n<p style=\"text-align: justify;\">DCE da UNICAP<\/p>\n<p style=\"text-align: justify;\">Grupo de Leigos Cat\u00f3licos Igreja Nova<\/p>\n<p style=\"text-align: justify;\">OAB\/PE<\/p>\n<p style=\"text-align: justify;\">RENAP<\/p>\n<p style=\"text-align: justify;\">Para maiores informa\u00e7\u00f5es:<\/p>\n<p style=\"text-align: justify;\">&#8211; IDHeC e C\u00e1tedra Dom Helder Camara de Direitos Humanos UNESCO\/UNICAP \u00a0&#8211; Prof. Manoel Moraes \u2013\u00a0(81) 98894-2306\u00a0&#8211; Centro Manoel Mattos \u00a0&#8211; Manuella Mattos \u2013 (81) 99496-7645<\/p>\n","protected":false},"excerpt":{"rendered":"<p>Manoel Mattos, advogado, integrante da Comiss\u00e3o de Direitos Humanos da OAB-PE e defensor de direitos humanos foi assinado por pistoleiros no dia 24 de janeiro de 2009, atingido a tiros de pistola e espingarda calibre 12, em Pitimbu, litoral sul da Para\u00edba, falecendo no pr\u00f3prio local. A execu\u00e7\u00e3o foi uma retalia\u00e7\u00e3o ao seu trabalho, conhecido [&hellip;]<\/p>\n","protected":false},"author":1,"featured_media":46482,"comment_status":"open","ping_status":"closed","sticky":false,"template":"","format":"standard","meta":{"footnotes":""},"categories":[4],"tags":[],"class_list":["post-46481","post","type-post","status-publish","format-standard","has-post-thumbnail","hentry","category-cotidiano"],"_links":{"self":[{"href":"https:\/\/catolicanet.net\/wp-cnet\/wp-json\/wp\/v2\/posts\/46481","targetHints":{"allow":["GET"]}}],"collection":[{"href":"https:\/\/catolicanet.net\/wp-cnet\/wp-json\/wp\/v2\/posts"}],"about":[{"href":"https:\/\/catolicanet.net\/wp-cnet\/wp-json\/wp\/v2\/types\/post"}],"author":[{"embeddable":true,"href":"https:\/\/catolicanet.net\/wp-cnet\/wp-json\/wp\/v2\/users\/1"}],"replies":[{"embeddable":true,"href":"https:\/\/catolicanet.net\/wp-cnet\/wp-json\/wp\/v2\/comments?post=46481"}],"version-history":[{"count":1,"href":"https:\/\/catolicanet.net\/wp-cnet\/wp-json\/wp\/v2\/posts\/46481\/revisions"}],"predecessor-version":[{"id":46483,"href":"https:\/\/catolicanet.net\/wp-cnet\/wp-json\/wp\/v2\/posts\/46481\/revisions\/46483"}],"wp:featuredmedia":[{"embeddable":true,"href":"https:\/\/catolicanet.net\/wp-cnet\/wp-json\/wp\/v2\/media\/46482"}],"wp:attachment":[{"href":"https:\/\/catolicanet.net\/wp-cnet\/wp-json\/wp\/v2\/media?parent=46481"}],"wp:term":[{"taxonomy":"category","embeddable":true,"href":"https:\/\/catolicanet.net\/wp-cnet\/wp-json\/wp\/v2\/categories?post=46481"},{"taxonomy":"post_tag","embeddable":true,"href":"https:\/\/catolicanet.net\/wp-cnet\/wp-json\/wp\/v2\/tags?post=46481"}],"curies":[{"name":"wp","href":"https:\/\/api.w.org\/{rel}","templated":true}]}}